{"id":868,"date":"2023-02-17T06:07:28","date_gmt":"2023-02-17T06:07:28","guid":{"rendered":"https:\/\/casamassima.lavocedelpaese.info\/index.php\/2023\/02\/17\/toritto-incendio-presso-area-di-servizio-ip-arrestato-il-responsabile\/"},"modified":"2023-02-17T06:07:28","modified_gmt":"2023-02-17T06:07:28","slug":"toritto-incendio-presso-area-di-servizio-ip-arrestato-il-responsabile","status":"publish","type":"post","link":"https:\/\/casamassima.lavocedelpaese.info\/index.php\/2023\/02\/17\/toritto-incendio-presso-area-di-servizio-ip-arrestato-il-responsabile\/","title":{"rendered":"Toritto \u2013 Incendio presso area di servizio IP. Arrestato il responsabile"},"content":{"rendered":"<p>I Carabinieri della Compagnia di Modugno hanno arrestato in flagranza di reato per incendio doloso, danneggiamento aggravato a seguito di incendio, resistenza e false attestazioni sulla propria identit\u00e0 personale a Pubblico Ufficiale K.R., un 40enne di origine marocchina, con diversi precedenti a suo carico, senza fissa dimora.<\/p>\n<p>In piena notte i militari del Nucleo Operativo e Radiomobile, nell\u2019ambito della quotidiana attivit\u00e0 di controllo del territorio finalizzata a prevenire e reprimere reati in genere, su segnalazione di un metronotte, sono intervenuti tempestivamente presso l\u2019area di servizio I.P., presente sulla S.P. 1 Grumo Appula \u2013 Toritto ove era in corso un incendio.<\/p>\n<p>Giunti sul posto hanno immediatamente fermato un soggetto straniero che aveva appena appiccato fuoco a 5 cassonetti dell\u2019immondizia e, non contento, anche ad un altro cumulo di rifiuti dopo averlo sapientemente collocato davanti alla porta del bar annesso all\u2019area di servizio, danneggiandola. Il tempestivo intervento dei militari e del gestore del bar ha impedito che le fiamme si propagassero alla vegetazione circostante ed all\u2019interno del bar.<\/p>\n<p>L\u2019uomo, sottoposto a perquisizione, \u00e8 stato trovato in possesso di fiammiferi e un accendino utilizzati per appiccare le fiamme. Poich\u00e9 sprovvisto di documenti d\u2019identit\u00e0, \u00e8 stato poi condotto in caserma per le operazioni di identificazione ove, andava in escandescenza e per ben due volte ingaggiava una colluttazione con i militari preposti alla specifica attivit\u00e0. La prontezza dei militari permetteva per\u00f2 in entrambe le circostanze di immobilizzare per tempo il soggetto, senza che nessuno riportasse lesioni.<\/p>\n<p>I riscontri pervenuti dall\u2019attivit\u00e0 di foto segnalamento hanno anche permesso di appurare come l\u2019uomo, in passato, avesse collezionato oltre venti \u201calias\u201d nonch\u00e9 fosse destinatario di diversi ordini di espulsione dal territorio nazionale.<\/p>\n<p>L\u2019uomo, le cui responsabilit\u00e0 dovranno essere accertate nel corso del successivo giudizio, \u00e8 stato tradotto presso la casa circondariale di Bari ove \u00e8 rimasto a disposizione dell\u2019Autorit\u00e0 Giudiziaria, dopo che il GIP del Tribunale di Bari ne ha convalidato l\u2019arresto, confermando la custodia cautelare in carcere del soggetto.<\/p>\n<p>Il procedimento \u00e8 nella fase delle indagini preliminari e l\u2019arrestato attende l\u2019esito del processo che si svolger\u00e0 in apposita udienza e con il confronto con la difesa.<\/p>\n<p><a class=\"a2a_button_facebook\" href=\"https:\/\/www.addtoany.com\/add_to\/facebook?linkurl=https%3A%2F%2Flavocedelpaese.info%2Findex.php%2F2023%2F02%2F17%2Ftoritto-incendio-presso-area-di-servizio-ip-arrestato-il-responsabile%2F&amp;linkname=Toritto%20%E2%80%93%20Incendio%20presso%20area%20di%20servizio%20IP.%20Arrestato%20il%20responsabile\" title=\"Facebook\" target=\"_blank\" rel=\"noopener\"><\/a><a class=\"a2a_button_twitter\" href=\"https:\/\/www.addtoany.com\/add_to\/twitter?linkurl=https%3A%2F%2Flavocedelpaese.info%2Findex.php%2F2023%2F02%2F17%2Ftoritto-incendio-presso-area-di-servizio-ip-arrestato-il-responsabile%2F&amp;linkname=Toritto%20%E2%80%93%20Incendio%20presso%20area%20di%20servizio%20IP.%20Arrestato%20il%20responsabile\" title=\"Twitter\" target=\"_blank\" rel=\"noopener\"><\/a><a class=\"a2a_button_whatsapp\" href=\"https:\/\/www.addtoany.com\/add_to\/whatsapp?linkurl=https%3A%2F%2Flavocedelpaese.info%2Findex.php%2F2023%2F02%2F17%2Ftoritto-incendio-presso-area-di-servizio-ip-arrestato-il-responsabile%2F&amp;linkname=Toritto%20%E2%80%93%20Incendio%20presso%20area%20di%20servizio%20IP.%20Arrestato%20il%20responsabile\" title=\"WhatsApp\" target=\"_blank\" rel=\"noopener\"><\/a><a class=\"a2a_button_telegram\" href=\"https:\/\/www.addtoany.com\/add_to\/telegram?linkurl=https%3A%2F%2Flavocedelpaese.info%2Findex.php%2F2023%2F02%2F17%2Ftoritto-incendio-presso-area-di-servizio-ip-arrestato-il-responsabile%2F&amp;linkname=Toritto%20%E2%80%93%20Incendio%20presso%20area%20di%20servizio%20IP.%20Arrestato%20il%20responsabile\" title=\"Telegram\" target=\"_blank\" rel=\"noopener\"><\/a><a class=\"a2a_button_email\" href=\"https:\/\/www.addtoany.com\/add_to\/email?linkurl=https%3A%2F%2Flavocedelpaese.info%2Findex.php%2F2023%2F02%2F17%2Ftoritto-incendio-presso-area-di-servizio-ip-arrestato-il-responsabile%2F&amp;linkname=Toritto%20%E2%80%93%20Incendio%20presso%20area%20di%20servizio%20IP.%20Arrestato%20il%20responsabile\" title=\"Email\" target=\"_blank\" rel=\"noopener\"><\/a><\/p>\n<p>\u00a0<\/p>","protected":false},"excerpt":{"rendered":"<p>I Carabinieri della Compagnia di Modugno hanno arrestato in flagranza di reato per incendio doloso, danneggiamento aggravato a seguito di<\/p>\n","protected":false},"author":0,"featured_media":0,"comment_status":"open","ping_status":"closed","sticky":false,"template":"","format":"standard","meta":{"colormag_page_container_layout":"default_layout","colormag_page_sidebar_layout":"default_layout","_monsterinsights_skip_tracking":false,"_monsterinsights_sitenote_active":false,"_monsterinsights_sitenote_note":"","_monsterinsights_sitenote_category":0,"footnotes":""},"categories":[7],"tags":[],"class_list":["post-868","post","type-post","status-publish","format-standard","hentry","category-regione"],"_links":{"self":[{"href":"https:\/\/casamassima.lavocedelpaese.info\/index.php\/wp-json\/wp\/v2\/posts\/868","targetHints":{"allow":["GET"]}}],"collection":[{"href":"https:\/\/casamassima.lavocedelpaese.info\/index.php\/wp-json\/wp\/v2\/posts"}],"about":[{"href":"https:\/\/casamassima.lavocedelpaese.info\/index.php\/wp-json\/wp\/v2\/types\/post"}],"replies":[{"embeddable":true,"href":"https:\/\/casamassima.lavocedelpaese.info\/index.php\/wp-json\/wp\/v2\/comments?post=868"}],"version-history":[{"count":0,"href":"https:\/\/casamassima.lavocedelpaese.info\/index.php\/wp-json\/wp\/v2\/posts\/868\/revisions"}],"wp:attachment":[{"href":"https:\/\/casamassima.lavocedelpaese.info\/index.php\/wp-json\/wp\/v2\/media?parent=868"}],"wp:term":[{"taxonomy":"category","embeddable":true,"href":"https:\/\/casamassima.lavocedelpaese.info\/index.php\/wp-json\/wp\/v2\/categories?post=868"},{"taxonomy":"post_tag","embeddable":true,"href":"https:\/\/casamassima.lavocedelpaese.info\/index.php\/wp-json\/wp\/v2\/tags?post=868"}],"curies":[{"name":"wp","href":"https:\/\/api.w.org\/{rel}","templated":true}]}}