{"id":849,"date":"2023-02-15T10:28:50","date_gmt":"2023-02-15T10:28:50","guid":{"rendered":"https:\/\/casamassima.lavocedelpaese.info\/index.php\/2023\/02\/15\/celebrata-a-bari-una-messa-per-la-reginella-santa\/"},"modified":"2023-02-15T10:28:50","modified_gmt":"2023-02-15T10:28:50","slug":"celebrata-a-bari-una-messa-per-la-reginella-santa","status":"publish","type":"post","link":"https:\/\/casamassima.lavocedelpaese.info\/index.php\/2023\/02\/15\/celebrata-a-bari-una-messa-per-la-reginella-santa\/","title":{"rendered":"Celebrata a Bari una messa per la Reginella Santa"},"content":{"rendered":"<p>\u00a0<\/p>\n<p>\u200b\u00a0<\/p>\n<p>\u200bTuri \u2013 La Voce del Paese\u00a0<\/p>\n<p>Domenica 12 febbraio la Delegazione Provinciale di Bari in collaborazione con l\u2019Ispettorato per la Regione Puglia dell\u2019Istituto Nazionale per la Guardia d\u2019Onore alle Reali Tombe del Pantheon ha organizzato una Santa Messa per la Beata Maria Cristina di Savoia, Regina delle Due Sicilie.<\/p>\n<p>La Liturgia \u2013 officiata da don Stefano Trio, assistente spirituale della Delegazione \u2013 \u00e8 stata celebrata presso la Chiesa di San Cataldo di Bari, caratteristico luogo di culto posto a pochi metri dal mare e dal Faro di San Cataldo, storico simbolo del capoluogo pugliese, costruito nel 1869 e ancora oggi in piena attivit\u00e0.<\/p>\n<p>Prima dell\u2019inizio della Santa Messa ha preso la parola il Delegato per Bari e Ispettore per la Regione Puglia dell\u2019Istituto, Prof. Luca Lombardi, il quale ha introdotto la figura della Beata Maria Cristina di Savoia.<\/p>\n<p>Nata a Cagliari il 14 novembre 1812 da Vittorio Emanuele I Re di Sardegna e dell\u2019Arciduchessa\u00a0Maria Teresa d\u2019Asburgo-Este, Maria Cristina fu la prima moglie di Ferdinando II di Borbone e mor\u00ec, neppure ventiquattrenne per un\u2019infezione\u00a0<em>post-partum<\/em>\u00a0dopo aver dato alla luce il figlio, Francesco II, ultimo Re del Regno delle Due Sicilie.<\/p>\n<p>La fede di Maria Cristina fu straordinaria, al punto che si spense rincuorando chi piangeva per lei e bisbigliando sino all\u2019ultimo respiro: \u00abCredo in Dio, amo Dio, spero in Dio\u00bb.\u00a0Fu la prima a elaborare un concetto moderno di carit\u00e0, che si basava non pi\u00f9 sulla semplice e sporadica offerta, ma sull\u2019adoperarsi per garantire ai bisognosi e agli ammalati una vita migliore. Apr\u00ec maglifici e mobilifici nei quartieri emarginati di Napoli e attiv\u00f2 nelle seterie di San Leucio (Caserta) una produzione di abiti e tessuti per offrire lavoro, e quindi un riscatto sociale, a oltre mille persone, tra cui tante donne salvate dalla strada. Maria Cristina si attiv\u00f2 anche per avvicinare alla fede il marito, Ferdinando II di Borbone, passato alla storia come il Re \u201cBomba\u201d, in quanto non esit\u00f2 nel 1848 a bombardare le popolazioni siciliane desiderose di una costituzione.<\/p>\n<p>Si spense il 31 gennaio 1836, in piena comunione con Dio, fra la costernazione generale e l\u2019affetto del suo popolo. Le autorit\u00e0 ecclesiastiche, a fronte della fama di santit\u00e0 che gi\u00e0 in vita l\u2019aveva circondata, disposero la collocazione del corpo nella cappella dedicata a San Tommaso Apostolo nella Basilica di Santa Chiara a Napoli.<\/p>\n<p>Tra le numerose grazie attribuite all\u2019intercessione di Maria Cristina, venne presa in esame la guarigione di Maria Vallarino, malata dal giugno 1866 e guarita dopo essersi affidata all\u2019intercessione della Reginella Santa. La <em>Positio super miraculo<\/em>, che riportava i documenti dei processi svolti negli anni 1872-1888 presso la Curia di Genova, venne esaminata dai Medici nella Consulta del 29 ottobre 2009, dai Teologi nel Congresso del 26 maggio 2012 e infine dai Cardinali e Vescovi della Congregazione delle Cause dei Santi il 9 aprile 2013. Il 2 maggio 2013 Papa Francesco autorizzava la promulgazione del decreto che dichiarava miracolosa e ottenuta per intercessione della Venerabile Maria Cristina di Savoia la guarigione esaminata. Il rito della beatificazione si svolse il 25 gennaio 2014 nella Basilica di Santa Chiara a Napoli, presieduto dal molfettese Cardinal Angelo Amato come Delegato del Santo Padre. La memoria liturgica della nuova Beata \u00e8 stata quindi fissata al 31 gennaio, il giorno esatto della sua dipartita.<\/p>\n<p>Unitamente al Delegato e Ispettore Prof. Lombardi, hanno collaborato concretamente alla realizzazione di questo sentito evento religioso le Guardie d\u2019Onore: Carmen Pernice (addetta al cerimoniale), Mariastella Albino, Mario Annese, Renzo Gigante, Gaetano Minenna, Francesco Trafeli, Vincenzo Zaccaro.<\/p>\n<p>La Santa Messa ha visto la gradita partecipazione dell\u2019Ispettore per la Regione Basilicata Dott. Ruggiero Piazzolla e di nutrite rappresentanze della Delegazione Provinciale BAT, guidata dal Delegato Alberto De Nisi, e della Delegazione Interprovinciale Lecce-Brindisi, coordinata dal Delegato Dott. Luigi Mazza. Da subito hanno voluto assicurare la loro presenza alla Liturgia ed encomiabile \u00e8 stato il loro impegno. Erano altres\u00ec presenti alcuni membri dell\u2019Associazione Arma Aeronautica Sezione di Bari, con il proprio storico labaro, e diversi fedeli.<\/p>\n<p>Al termine della Santa Messa tutti i presenti, dopo essersi riuniti in rispettoso silenzio, hanno recitato la preghiera per la Beata Maria Cristina di Savoia e quella ufficiale della Guardia d\u2019Onore.<\/p>\n<p><a class=\"a2a_button_facebook\" href=\"https:\/\/www.addtoany.com\/add_to\/facebook?linkurl=https%3A%2F%2Fturi.lavocedelpaese.info%2Fcelebrata-a-bari-una-messa-per-la-reginella-santa%2F&amp;linkname=Celebrata%20a%20Bari%20una%20messa%20per%20la%20Reginella%20Santa\" title=\"Facebook\" target=\"_blank\" rel=\"noopener\"><\/a><a class=\"a2a_button_twitter\" href=\"https:\/\/www.addtoany.com\/add_to\/twitter?linkurl=https%3A%2F%2Fturi.lavocedelpaese.info%2Fcelebrata-a-bari-una-messa-per-la-reginella-santa%2F&amp;linkname=Celebrata%20a%20Bari%20una%20messa%20per%20la%20Reginella%20Santa\" title=\"Twitter\" target=\"_blank\" rel=\"noopener\"><\/a><a class=\"a2a_button_whatsapp\" href=\"https:\/\/www.addtoany.com\/add_to\/whatsapp?linkurl=https%3A%2F%2Fturi.lavocedelpaese.info%2Fcelebrata-a-bari-una-messa-per-la-reginella-santa%2F&amp;linkname=Celebrata%20a%20Bari%20una%20messa%20per%20la%20Reginella%20Santa\" title=\"WhatsApp\" target=\"_blank\" rel=\"noopener\"><\/a><a class=\"a2a_button_telegram\" href=\"https:\/\/www.addtoany.com\/add_to\/telegram?linkurl=https%3A%2F%2Fturi.lavocedelpaese.info%2Fcelebrata-a-bari-una-messa-per-la-reginella-santa%2F&amp;linkname=Celebrata%20a%20Bari%20una%20messa%20per%20la%20Reginella%20Santa\" title=\"Telegram\" target=\"_blank\" rel=\"noopener\"><\/a><a class=\"a2a_button_email\" href=\"https:\/\/www.addtoany.com\/add_to\/email?linkurl=https%3A%2F%2Fturi.lavocedelpaese.info%2Fcelebrata-a-bari-una-messa-per-la-reginella-santa%2F&amp;linkname=Celebrata%20a%20Bari%20una%20messa%20per%20la%20Reginella%20Santa\" title=\"Email\" target=\"_blank\" rel=\"noopener\"><\/a><\/p>\n<p>\u00a0<\/p>\n<p><a class=\"a2a_button_facebook\" href=\"https:\/\/www.addtoany.com\/add_to\/facebook?linkurl=https%3A%2F%2Flavocedelpaese.info%2Findex.php%2F2023%2F02%2F15%2Fcelebrata-a-bari-una-messa-per-la-reginella-santa%2F&amp;linkname=Celebrata%20a%20Bari%20una%20messa%20per%20la%20Reginella%20Santa\" title=\"Facebook\" target=\"_blank\" rel=\"noopener\"><\/a><a class=\"a2a_button_twitter\" href=\"https:\/\/www.addtoany.com\/add_to\/twitter?linkurl=https%3A%2F%2Flavocedelpaese.info%2Findex.php%2F2023%2F02%2F15%2Fcelebrata-a-bari-una-messa-per-la-reginella-santa%2F&amp;linkname=Celebrata%20a%20Bari%20una%20messa%20per%20la%20Reginella%20Santa\" title=\"Twitter\" target=\"_blank\" rel=\"noopener\"><\/a><a class=\"a2a_button_whatsapp\" href=\"https:\/\/www.addtoany.com\/add_to\/whatsapp?linkurl=https%3A%2F%2Flavocedelpaese.info%2Findex.php%2F2023%2F02%2F15%2Fcelebrata-a-bari-una-messa-per-la-reginella-santa%2F&amp;linkname=Celebrata%20a%20Bari%20una%20messa%20per%20la%20Reginella%20Santa\" title=\"WhatsApp\" target=\"_blank\" rel=\"noopener\"><\/a><a class=\"a2a_button_telegram\" href=\"https:\/\/www.addtoany.com\/add_to\/telegram?linkurl=https%3A%2F%2Flavocedelpaese.info%2Findex.php%2F2023%2F02%2F15%2Fcelebrata-a-bari-una-messa-per-la-reginella-santa%2F&amp;linkname=Celebrata%20a%20Bari%20una%20messa%20per%20la%20Reginella%20Santa\" title=\"Telegram\" target=\"_blank\" rel=\"noopener\"><\/a><a class=\"a2a_button_email\" href=\"https:\/\/www.addtoany.com\/add_to\/email?linkurl=https%3A%2F%2Flavocedelpaese.info%2Findex.php%2F2023%2F02%2F15%2Fcelebrata-a-bari-una-messa-per-la-reginella-santa%2F&amp;linkname=Celebrata%20a%20Bari%20una%20messa%20per%20la%20Reginella%20Santa\" title=\"Email\" target=\"_blank\" rel=\"noopener\"><\/a><\/p>\n<p>\u00a0<\/p>","protected":false},"excerpt":{"rendered":"<p>\u00a0 \u200b\u00a0 \u200bTuri \u2013 La Voce del Paese\u00a0 Domenica 12 febbraio la Delegazione Provinciale di Bari in collaborazione con l\u2019Ispettorato<\/p>\n","protected":false},"author":0,"featured_media":0,"comment_status":"open","ping_status":"closed","sticky":false,"template":"","format":"standard","meta":{"colormag_page_container_layout":"default_layout","colormag_page_sidebar_layout":"default_layout","_monsterinsights_skip_tracking":false,"_monsterinsights_sitenote_active":false,"_monsterinsights_sitenote_note":"","_monsterinsights_sitenote_category":0,"footnotes":""},"categories":[7],"tags":[],"class_list":["post-849","post","type-post","status-publish","format-standard","hentry","category-regione"],"_links":{"self":[{"href":"https:\/\/casamassima.lavocedelpaese.info\/index.php\/wp-json\/wp\/v2\/posts\/849","targetHints":{"allow":["GET"]}}],"collection":[{"href":"https:\/\/casamassima.lavocedelpaese.info\/index.php\/wp-json\/wp\/v2\/posts"}],"about":[{"href":"https:\/\/casamassima.lavocedelpaese.info\/index.php\/wp-json\/wp\/v2\/types\/post"}],"replies":[{"embeddable":true,"href":"https:\/\/casamassima.lavocedelpaese.info\/index.php\/wp-json\/wp\/v2\/comments?post=849"}],"version-history":[{"count":0,"href":"https:\/\/casamassima.lavocedelpaese.info\/index.php\/wp-json\/wp\/v2\/posts\/849\/revisions"}],"wp:attachment":[{"href":"https:\/\/casamassima.lavocedelpaese.info\/index.php\/wp-json\/wp\/v2\/media?parent=849"}],"wp:term":[{"taxonomy":"category","embeddable":true,"href":"https:\/\/casamassima.lavocedelpaese.info\/index.php\/wp-json\/wp\/v2\/categories?post=849"},{"taxonomy":"post_tag","embeddable":true,"href":"https:\/\/casamassima.lavocedelpaese.info\/index.php\/wp-json\/wp\/v2\/tags?post=849"}],"curies":[{"name":"wp","href":"https:\/\/api.w.org\/{rel}","templated":true}]}}