{"id":791,"date":"2023-02-10T15:57:51","date_gmt":"2023-02-10T15:57:51","guid":{"rendered":"https:\/\/casamassima.lavocedelpaese.info\/index.php\/2023\/02\/10\/anziano-89enne-accoltella-il-figlio-e-si-toglie-la-vita\/"},"modified":"2023-02-10T15:57:51","modified_gmt":"2023-02-10T15:57:51","slug":"anziano-89enne-accoltella-il-figlio-e-si-toglie-la-vita","status":"publish","type":"post","link":"https:\/\/casamassima.lavocedelpaese.info\/index.php\/2023\/02\/10\/anziano-89enne-accoltella-il-figlio-e-si-toglie-la-vita\/","title":{"rendered":"Anziano 89enne accoltella il figlio e si toglie la vita"},"content":{"rendered":"<p>\u00a0<\/p>\n<p>\u200b\u00a0<\/p>\n<p>\u200bTuri \u2013 La Voce del Paese\u00a0<\/p>\n<p>La comunit\u00e0 turese \u00e8 stata sconvolta dal drammatico episodio consumatosi negli ultimi due giorni nei pressi di via vecchia Sammichele.<\/p>\n<p>La vicenda \u00e8 iniziata nella prima mattinata di mercoled\u00ec 8 febbraio quando, stando alle notizie trapelate, un anziano 89enne ha accoltellato suo figlio, appartenente alle Forze dell\u2019Ordine, mentre stava dormendo.<\/p>\n<p>A dare l\u2019allarme sarebbero stati i vicini che, percepite le urla dell\u2019uomo, avrebbero prontamente allertato la centrale operativa del 118. I sanitari, stabilizzato il ferito, hanno provveduto a trasportarlo presso il Policlinico di Bari, dove \u00e8 tuttora ricoverato non in pericolo di vita.<\/p>\n<p>A stretto giro dall\u2019arrivo del 118, sul posto sono giunti anche i Carabinieri della Stazione di Turi, che hanno tratto in arresto il padre, eseguendo la misura cautelare degli arresti domiciliari disposta dal magistrato di turno.<\/p>\n<p>Il tragico epilogo \u00e8 arrivato nella giornata di gioved\u00ec 9 febbraio, quando si \u00e8 appreso che l\u2019anziano padre si \u00e8 tolto la vita, pare ingerendo una sostanza tossica.<\/p>\n<p>Spetter\u00e0 alla magistratura indagare sull\u2019accaduto.<\/p>\n<p><a class=\"a2a_button_facebook\" href=\"https:\/\/www.addtoany.com\/add_to\/facebook?linkurl=https%3A%2F%2Fturi.lavocedelpaese.info%2Fanziano-89enne-accoltella-il-figlio-e-si-toglie-la-vita%2F&amp;linkname=Anziano%2089enne%20accoltella%20il%20figlio%20e%20si%20toglie%20la%20vita\" title=\"Facebook\" target=\"_blank\" rel=\"noopener\"><\/a><a class=\"a2a_button_twitter\" href=\"https:\/\/www.addtoany.com\/add_to\/twitter?linkurl=https%3A%2F%2Fturi.lavocedelpaese.info%2Fanziano-89enne-accoltella-il-figlio-e-si-toglie-la-vita%2F&amp;linkname=Anziano%2089enne%20accoltella%20il%20figlio%20e%20si%20toglie%20la%20vita\" title=\"Twitter\" target=\"_blank\" rel=\"noopener\"><\/a><a class=\"a2a_button_whatsapp\" href=\"https:\/\/www.addtoany.com\/add_to\/whatsapp?linkurl=https%3A%2F%2Fturi.lavocedelpaese.info%2Fanziano-89enne-accoltella-il-figlio-e-si-toglie-la-vita%2F&amp;linkname=Anziano%2089enne%20accoltella%20il%20figlio%20e%20si%20toglie%20la%20vita\" title=\"WhatsApp\" target=\"_blank\" rel=\"noopener\"><\/a><a class=\"a2a_button_telegram\" href=\"https:\/\/www.addtoany.com\/add_to\/telegram?linkurl=https%3A%2F%2Fturi.lavocedelpaese.info%2Fanziano-89enne-accoltella-il-figlio-e-si-toglie-la-vita%2F&amp;linkname=Anziano%2089enne%20accoltella%20il%20figlio%20e%20si%20toglie%20la%20vita\" title=\"Telegram\" target=\"_blank\" rel=\"noopener\"><\/a><a class=\"a2a_button_email\" href=\"https:\/\/www.addtoany.com\/add_to\/email?linkurl=https%3A%2F%2Fturi.lavocedelpaese.info%2Fanziano-89enne-accoltella-il-figlio-e-si-toglie-la-vita%2F&amp;linkname=Anziano%2089enne%20accoltella%20il%20figlio%20e%20si%20toglie%20la%20vita\" title=\"Email\" target=\"_blank\" rel=\"noopener\"><\/a><\/p>\n<p>\u00a0<\/p>\n<p><a class=\"a2a_button_facebook\" href=\"https:\/\/www.addtoany.com\/add_to\/facebook?linkurl=https%3A%2F%2Flavocedelpaese.info%2Findex.php%2F2023%2F02%2F10%2Fanziano-89enne-accoltella-il-figlio-e-si-toglie-la-vita%2F&amp;linkname=Anziano%2089enne%20accoltella%20il%20figlio%20e%20si%20toglie%20la%20vita\" title=\"Facebook\" target=\"_blank\" rel=\"noopener\"><\/a><a class=\"a2a_button_twitter\" href=\"https:\/\/www.addtoany.com\/add_to\/twitter?linkurl=https%3A%2F%2Flavocedelpaese.info%2Findex.php%2F2023%2F02%2F10%2Fanziano-89enne-accoltella-il-figlio-e-si-toglie-la-vita%2F&amp;linkname=Anziano%2089enne%20accoltella%20il%20figlio%20e%20si%20toglie%20la%20vita\" title=\"Twitter\" target=\"_blank\" rel=\"noopener\"><\/a><a class=\"a2a_button_whatsapp\" href=\"https:\/\/www.addtoany.com\/add_to\/whatsapp?linkurl=https%3A%2F%2Flavocedelpaese.info%2Findex.php%2F2023%2F02%2F10%2Fanziano-89enne-accoltella-il-figlio-e-si-toglie-la-vita%2F&amp;linkname=Anziano%2089enne%20accoltella%20il%20figlio%20e%20si%20toglie%20la%20vita\" title=\"WhatsApp\" target=\"_blank\" rel=\"noopener\"><\/a><a class=\"a2a_button_telegram\" href=\"https:\/\/www.addtoany.com\/add_to\/telegram?linkurl=https%3A%2F%2Flavocedelpaese.info%2Findex.php%2F2023%2F02%2F10%2Fanziano-89enne-accoltella-il-figlio-e-si-toglie-la-vita%2F&amp;linkname=Anziano%2089enne%20accoltella%20il%20figlio%20e%20si%20toglie%20la%20vita\" title=\"Telegram\" target=\"_blank\" rel=\"noopener\"><\/a><a class=\"a2a_button_email\" href=\"https:\/\/www.addtoany.com\/add_to\/email?linkurl=https%3A%2F%2Flavocedelpaese.info%2Findex.php%2F2023%2F02%2F10%2Fanziano-89enne-accoltella-il-figlio-e-si-toglie-la-vita%2F&amp;linkname=Anziano%2089enne%20accoltella%20il%20figlio%20e%20si%20toglie%20la%20vita\" title=\"Email\" target=\"_blank\" rel=\"noopener\"><\/a><\/p>\n<p>\u00a0<\/p>","protected":false},"excerpt":{"rendered":"<p>\u00a0 \u200b\u00a0 \u200bTuri \u2013 La Voce del Paese\u00a0 La comunit\u00e0 turese \u00e8 stata sconvolta dal drammatico episodio consumatosi negli ultimi<\/p>\n","protected":false},"author":1,"featured_media":730,"comment_status":"open","ping_status":"closed","sticky":false,"template":"","format":"standard","meta":{"colormag_page_container_layout":"default_layout","colormag_page_sidebar_layout":"default_layout","_monsterinsights_skip_tracking":false,"_monsterinsights_sitenote_active":false,"_monsterinsights_sitenote_note":"","_monsterinsights_sitenote_category":0,"footnotes":""},"categories":[7],"tags":[],"class_list":["post-791","post","type-post","status-publish","format-standard","has-post-thumbnail","hentry","category-regione"],"_links":{"self":[{"href":"https:\/\/casamassima.lavocedelpaese.info\/index.php\/wp-json\/wp\/v2\/posts\/791","targetHints":{"allow":["GET"]}}],"collection":[{"href":"https:\/\/casamassima.lavocedelpaese.info\/index.php\/wp-json\/wp\/v2\/posts"}],"about":[{"href":"https:\/\/casamassima.lavocedelpaese.info\/index.php\/wp-json\/wp\/v2\/types\/post"}],"author":[{"embeddable":true,"href":"https:\/\/casamassima.lavocedelpaese.info\/index.php\/wp-json\/wp\/v2\/users\/1"}],"replies":[{"embeddable":true,"href":"https:\/\/casamassima.lavocedelpaese.info\/index.php\/wp-json\/wp\/v2\/comments?post=791"}],"version-history":[{"count":0,"href":"https:\/\/casamassima.lavocedelpaese.info\/index.php\/wp-json\/wp\/v2\/posts\/791\/revisions"}],"wp:featuredmedia":[{"embeddable":true,"href":"https:\/\/casamassima.lavocedelpaese.info\/index.php\/wp-json\/wp\/v2\/media\/730"}],"wp:attachment":[{"href":"https:\/\/casamassima.lavocedelpaese.info\/index.php\/wp-json\/wp\/v2\/media?parent=791"}],"wp:term":[{"taxonomy":"category","embeddable":true,"href":"https:\/\/casamassima.lavocedelpaese.info\/index.php\/wp-json\/wp\/v2\/categories?post=791"},{"taxonomy":"post_tag","embeddable":true,"href":"https:\/\/casamassima.lavocedelpaese.info\/index.php\/wp-json\/wp\/v2\/tags?post=791"}],"curies":[{"name":"wp","href":"https:\/\/api.w.org\/{rel}","templated":true}]}}