{"id":716,"date":"2022-08-29T02:34:56","date_gmt":"2022-08-29T02:34:56","guid":{"rendered":"https:\/\/lavocedelpaese.info\/?p=716"},"modified":"2023-01-12T02:36:36","modified_gmt":"2023-01-12T02:36:36","slug":"consiglio-approvate-le-linee-programmatiche-zullo-si-dimette","status":"publish","type":"post","link":"https:\/\/casamassima.lavocedelpaese.info\/index.php\/2022\/08\/29\/consiglio-approvate-le-linee-programmatiche-zullo-si-dimette\/","title":{"rendered":"Consiglio, approvate le Linee Programmatiche. Zullo si dimette"},"content":{"rendered":"\n<p>Voto unanime sulle Linee Programmatiche di mandato in Consiglio Comunale questa mattina.<\/p>\n\n\n\n<p>Maggioranza e opposizione \u2013 fatto pi\u00f9 unico che raro su questo tipo di provvedimenti \u2013 hanno votato il documento condiviso che caratterizza quel che l\u2019Amministrazione Comunale intende fare per i prossimi cinque anni.<\/p>\n\n\n\n<p>Un voto, quelle della minoranza, anche in contraddizione con i rilievi sollevati dalla <strong>Consigliera Annamaria Caprio<\/strong> secondo la quale quello approvato \u00e8 <em>\u201cun documento inutile e monco\u201d<\/em> e non si sa chi-fa-che-cosa-e-con-quali-risorse, secondo quanto prevede il Regolamento Comunale di Contabilit\u00e0.<\/p>\n\n\n\n<p>Il <strong>Sindaco Davide Del Re<\/strong>, invece, ha spiegato che il documento proposto dalla maggioranza&nbsp; e condiviso con&nbsp; i Consiglieri di minoranza nonch\u00e9 con i sindacati della \u201ctriplice\u201d (Cgil, Cisl e Uil) nonch\u00e9 con l\u2019apporto di tanti cittadini gi\u00e0 dalla campagna elettorale, \u00e8 pienamente legittimo perch\u00e9 trova il suo fondamento giuridico nel Tuel, il Testo Unico degli Enti Locali: <em>\u201cespliciteremo le azioni da compiere, le risorse e le priorit\u00e0, assegnando agli uffici le competenze, nel Documento Unico di Programmazione<\/em>\u201d, ha spiegato Del Re secondo il quale queste Linee di mandato sono la base dalla quale partire per realizzare una Cassano accoglienta, che investa sul turismo, nella cultura, per lo sport e sia verde e vivibile per i cittadini ed i visitatori.<\/p>\n\n\n\n<p><em>\u201cAbbiamo accolto diversi suggerimenti delle minoranze<\/em> &#8211; ha detto il Sindaco &#8211; <em>proprio perch\u00e9 c\u2019\u00e8 bisogno di tutto il Consiglio per far ripartire la citt\u00e0 e darlo nuovo slancio\u201d.<\/em><\/p>\n\n\n\n<p>La Capogruppo di <strong>\u201cCassano Avanti\u201d Raffaella Casamassima<\/strong> ha ringraziato il Sindaco per aver accolto, assieme alla maggioranza, molti punti proposti dall\u2019opposizione <em>\u201cma saremo attenti e pungolanti<\/em> \u2013 ha rimarcato la Consigliera di opposizione \u2013 <em>su quanto approvato dal Consiglio che l\u2019Amministrazione \u00e8 chiamata ad attuare nei prossimi cinque anni\u201d.<\/em><\/p>\n\n\n\n<p>A margine del Consiglio, conclusosi come detto con il voto unanime dei presenti (non c\u2019erano i Consiglieri Gatti e Giustino), abbiamo appreso delle dimissioni da Consigliere Comunale di <strong>Ignazio Zullo<\/strong>, impegnato nella campagna elettorale che lo vede candidato al Senato della Repubblica.<\/p>\n\n\n\n<p>Gi\u00e0 dalla prossima seduta dell\u2019assise cittadina potrebbe entrare in Consiglio il primo dei non eletti della lista \u201cCassano Avanti\u201d, <strong>Francesco Cavalluzzi<\/strong>.<\/p>\n","protected":false},"excerpt":{"rendered":"<p>Voto unanime sulle Linee Programmatiche di mandato in Consiglio Comunale questa mattina. Maggioranza e opposizione \u2013 fatto pi\u00f9 unico che<\/p>\n","protected":false},"author":1,"featured_media":717,"comment_status":"open","ping_status":"closed","sticky":false,"template":"","format":"standard","meta":{"colormag_page_container_layout":"default_layout","colormag_page_sidebar_layout":"default_layout","_monsterinsights_skip_tracking":false,"_monsterinsights_sitenote_active":false,"_monsterinsights_sitenote_note":"","_monsterinsights_sitenote_category":0,"footnotes":""},"categories":[1],"tags":[],"class_list":["post-716","post","type-post","status-publish","format-standard","has-post-thumbnail","hentry","category-uncategorized"],"_links":{"self":[{"href":"https:\/\/casamassima.lavocedelpaese.info\/index.php\/wp-json\/wp\/v2\/posts\/716","targetHints":{"allow":["GET"]}}],"collection":[{"href":"https:\/\/casamassima.lavocedelpaese.info\/index.php\/wp-json\/wp\/v2\/posts"}],"about":[{"href":"https:\/\/casamassima.lavocedelpaese.info\/index.php\/wp-json\/wp\/v2\/types\/post"}],"author":[{"embeddable":true,"href":"https:\/\/casamassima.lavocedelpaese.info\/index.php\/wp-json\/wp\/v2\/users\/1"}],"replies":[{"embeddable":true,"href":"https:\/\/casamassima.lavocedelpaese.info\/index.php\/wp-json\/wp\/v2\/comments?post=716"}],"version-history":[{"count":1,"href":"https:\/\/casamassima.lavocedelpaese.info\/index.php\/wp-json\/wp\/v2\/posts\/716\/revisions"}],"predecessor-version":[{"id":718,"href":"https:\/\/casamassima.lavocedelpaese.info\/index.php\/wp-json\/wp\/v2\/posts\/716\/revisions\/718"}],"wp:featuredmedia":[{"embeddable":true,"href":"https:\/\/casamassima.lavocedelpaese.info\/index.php\/wp-json\/wp\/v2\/media\/717"}],"wp:attachment":[{"href":"https:\/\/casamassima.lavocedelpaese.info\/index.php\/wp-json\/wp\/v2\/media?parent=716"}],"wp:term":[{"taxonomy":"category","embeddable":true,"href":"https:\/\/casamassima.lavocedelpaese.info\/index.php\/wp-json\/wp\/v2\/categories?post=716"},{"taxonomy":"post_tag","embeddable":true,"href":"https:\/\/casamassima.lavocedelpaese.info\/index.php\/wp-json\/wp\/v2\/tags?post=716"}],"curies":[{"name":"wp","href":"https:\/\/api.w.org\/{rel}","templated":true}]}}