{"id":682,"date":"2022-11-04T02:11:54","date_gmt":"2022-11-04T02:11:54","guid":{"rendered":"https:\/\/lavocedelpaese.info\/?p=682"},"modified":"2023-01-12T02:14:56","modified_gmt":"2023-01-12T02:14:56","slug":"caro-bollette-dal-comune-nessuno-sconto-sulla-tari","status":"publish","type":"post","link":"https:\/\/casamassima.lavocedelpaese.info\/index.php\/2022\/11\/04\/caro-bollette-dal-comune-nessuno-sconto-sulla-tari\/","title":{"rendered":"&#8220;Caro-bollette&#8221;: dal Comune nessuno sconto sulla Tari"},"content":{"rendered":"\n<p>Non ci sar\u00e0 alcun contributo da parte del Comune per famiglie, commercianti e imprese cassanesi per mitigare il cosiddetto \u201ccaro-bollette\u201d per gas e luce.<\/p>\n\n\n\n<p>La proposta del gruppo consiliare di minoranza \u201cCassano Avanti\u201d, di riconoscere uno sconto sulla seconda rata della Tassa Rifiuti in scadenza il prossimo 15 dicembre, infatti, non \u00e8 stata approvata dal Consiglio Comunale riunitosi ieri pomeriggio.<\/p>\n\n\n\n<p>Anzi: non \u00e8 stata neppure discussa.<\/p>\n\n\n\n<p>Sollevando per la seconda volta in pochi mesi la cosiddetta \u201cpregiudiziale\u201d sull\u2019argomento, la maggioranza ha infatti bocciato la proposta, sulla scorta dei pareri tecnici di Ufficio Ragioneria e Revisore dei conti. La responsabile dell\u2019Ufficio ha bollato addirittura come \u201cinammissibile\u201d la proposta, invadendo di fatto il campo della politica da parte di un funzionario, come ha rivendicato <strong>l\u2019ex Assessora Annamaria Caprio<\/strong> che volle la Liotino in quel ruolo.<\/p>\n\n\n\n<p><em>\u201cNon spetta alla Liotino decedere o meno sulle scelte dell\u2019Amministrazione<\/em> \u2013 ha tuonato la Caprio \u2013 <em>perch\u00e9 questa \u00e8 una emergenza reale che andava affrontata mesi fa, destinate tutto o in parte l\u2019avanzo di amministrazione precedente: ma da quando i tecnici dicono ai politici che cosa \u00e8 bene fare?\u201d.<\/em><\/p>\n\n\n\n<p>Per la Consigliera di \u201cCassano Avanti\u201d ci sono decreti che destinano a vario titolo ben 88mila euro per il comune cassanese <em>\u201cma non ci sono atti n\u00e9 documenti che provano un vostro impegno, tranne quando si tratta di aumentare lo stipendio di Sindaco e Assessori del 50%<\/em>\u201d.<\/p>\n\n\n\n<p>L<strong>\u2019Assessore al Bilancio Vito Lionetti<\/strong> ha contestato questa lettura dei fatti, bollandola come <em>\u201cproposta populista: che se ne fanno le famiglie di 25 euro? Invece stiamo studiando misure per aiutare le famiglie a sostenere gli aumenti delle bollette!\u201d.<\/em><\/p>\n\n\n\n<figure class=\"wp-block-image aligncenter size-full\"><img decoding=\"async\" width=\"320\" height=\"162\" src=\"https:\/\/casamassima.lavocedelpaese.info\/wp-content\/uploads\/2023\/01\/16_1_copy.jpg\" alt=\"\" class=\"wp-image-683\" srcset=\"https:\/\/casamassima.lavocedelpaese.info\/wp-content\/uploads\/2023\/01\/16_1_copy.jpg 320w, https:\/\/casamassima.lavocedelpaese.info\/wp-content\/uploads\/2023\/01\/16_1_copy-300x152.jpg 300w\" sizes=\"(max-width: 320px) 100vw, 320px\" \/><\/figure>\n\n\n\n<p>In apertura dei lavori, il <strong>Consigliere Angelo Giustino<\/strong> ha letto un intervento del suo collega (assente per impegni di lavoro) Francesco Cavalluzzi a proposito dei recenti arresti in una operazione antimafia, chiedendo al Sindaco di prendere posizione in merito mentre la Caprio ha chiesto novit\u00e0 sui colloqui con la Asl Bari in merito alla ex \u201cCasa Bianca\u201d ma in entrambi i casi <strong>Davide Del Re<\/strong> non ha risposto.<\/p>\n\n\n\n<p>Diversa, invece, la questione della Consulta Associazioni: Giustino ha chiesto lumi sull\u2019invio delle forze dell\u2019ordine ad una recente Assemblea della stessa; il Sindaco ha risposto di aver riscontrato irregolarit\u00e0 in merito alle elezioni del Direttivo e dunque ha voluto <em>\u201crichiedere un accertamento a chi di competenza\u201d.<\/em><\/p>\n\n\n\n<p>Approvata a maggioranza l\u2019adesione del Comune alla Fondazione \u201cApulia Film Commission\u201d: coster\u00e0 circa 2.200 euro l\u2019anno e potrebbe dare a Cassano una apertura maggiore alle attivit\u00e0 della discussa Commissione regionale; scelta contestata dalla minoranza che ha votato contro e avrebbe voluto destinare quei fondi al cinema cassanese.<\/p>\n\n\n\n<p>Approvati all\u2019unanimit\u00e0 due ratifiche di variazioni al bilancio; uno scontro di non poco conto lo si \u00e8 registrato, invece, sul debito fuori bilancio, quello nei confronti dei proprietari ed eredi degli appezzamenti sulla rotatoria del quartiere \u201cSacro Cuore\u201d, vicenda venticinquennale non ancora giunta a soluzione. Il Comune ha predisposto l\u2019atto per pagare 14mila euro di esproprio per quei terreni ma la Consigliera Caprio ha scoperto che gi\u00e0 nel 2017 il Consiglio Comunale aveva riconosciuto quel debito e autorizzato gli Uffici a pagare 9.000 euro!<\/p>\n\n\n\n<p><em>\u201cPerch\u00e9 non \u00e8 mai stato pagato? E perch\u00e9 la somma lievita di 4mila euro in cinque anni? Vogliamo chiamare alle responsabilit\u00e0 i responsabili degli uffici dell\u2019epoca?\u201d<\/em> ha chiesto la Caprio.<\/p>\n\n\n\n<p>Per il Sindaco Del Re \u00e8 di tutta garanzia il fatto che i debiti fuori bilancio vadano a finire alla Corte dei conti e dunque la delibera del Consiglio \u00e8 pienamente legittima. <em>\u201cTra l\u2019altro<\/em> \u2013 ha spiegato il Sindaco \u2013 <em>il prossimo 11 novembre c\u2019\u00e8 la prima udienza del nuovo ricorso fatto dai proprietari e la difesa del Comune avrebbe una carta importante con il debito gi\u00e0 liquidato\u201d.<\/em><\/p>\n\n\n\n<p>Via libera anche alla adesione al programma \u201cCitt\u00e0 amiche dei bambini e degli adolescenti\u201d, presentato <strong>dall\u2019Assessora Enza Battista<\/strong>: \u201c<em>un nuovo modo di pensare alla citt\u00e0<\/em> \u2013 ha detto la responsabile delle Politiche sociali del Comune \u2013 <em>per renderla a misura dei minori\u201d<\/em> che non potr\u00e0 non portare benefici a tutta la popolazione. &nbsp;<\/p>\n","protected":false},"excerpt":{"rendered":"<p>Non ci sar\u00e0 alcun contributo da parte del Comune per famiglie, commercianti e imprese cassanesi per mitigare il cosiddetto \u201ccaro-bollette\u201d<\/p>\n","protected":false},"author":1,"featured_media":684,"comment_status":"open","ping_status":"closed","sticky":false,"template":"","format":"standard","meta":{"colormag_page_container_layout":"default_layout","colormag_page_sidebar_layout":"default_layout","_monsterinsights_skip_tracking":false,"_monsterinsights_sitenote_active":false,"_monsterinsights_sitenote_note":"","_monsterinsights_sitenote_category":0,"footnotes":""},"categories":[1],"tags":[],"class_list":["post-682","post","type-post","status-publish","format-standard","has-post-thumbnail","hentry","category-uncategorized"],"_links":{"self":[{"href":"https:\/\/casamassima.lavocedelpaese.info\/index.php\/wp-json\/wp\/v2\/posts\/682","targetHints":{"allow":["GET"]}}],"collection":[{"href":"https:\/\/casamassima.lavocedelpaese.info\/index.php\/wp-json\/wp\/v2\/posts"}],"about":[{"href":"https:\/\/casamassima.lavocedelpaese.info\/index.php\/wp-json\/wp\/v2\/types\/post"}],"author":[{"embeddable":true,"href":"https:\/\/casamassima.lavocedelpaese.info\/index.php\/wp-json\/wp\/v2\/users\/1"}],"replies":[{"embeddable":true,"href":"https:\/\/casamassima.lavocedelpaese.info\/index.php\/wp-json\/wp\/v2\/comments?post=682"}],"version-history":[{"count":1,"href":"https:\/\/casamassima.lavocedelpaese.info\/index.php\/wp-json\/wp\/v2\/posts\/682\/revisions"}],"predecessor-version":[{"id":685,"href":"https:\/\/casamassima.lavocedelpaese.info\/index.php\/wp-json\/wp\/v2\/posts\/682\/revisions\/685"}],"wp:featuredmedia":[{"embeddable":true,"href":"https:\/\/casamassima.lavocedelpaese.info\/index.php\/wp-json\/wp\/v2\/media\/684"}],"wp:attachment":[{"href":"https:\/\/casamassima.lavocedelpaese.info\/index.php\/wp-json\/wp\/v2\/media?parent=682"}],"wp:term":[{"taxonomy":"category","embeddable":true,"href":"https:\/\/casamassima.lavocedelpaese.info\/index.php\/wp-json\/wp\/v2\/categories?post=682"},{"taxonomy":"post_tag","embeddable":true,"href":"https:\/\/casamassima.lavocedelpaese.info\/index.php\/wp-json\/wp\/v2\/tags?post=682"}],"curies":[{"name":"wp","href":"https:\/\/api.w.org\/{rel}","templated":true}]}}