{"id":6462,"date":"2024-11-11T11:02:30","date_gmt":"2024-11-11T11:02:30","guid":{"rendered":"https:\/\/casamassima.lavocedelpaese.info\/?p=6462"},"modified":"2024-11-11T11:02:55","modified_gmt":"2024-11-11T11:02:55","slug":"radice-territorio-segno-casamassima","status":"publish","type":"post","link":"https:\/\/casamassima.lavocedelpaese.info\/index.php\/2024\/11\/11\/radice-territorio-segno-casamassima\/","title":{"rendered":"Radice. Territorio. Segno. Una collettiva a Casamassima racconta la Puglia contemporanea"},"content":{"rendered":"\n<p><strong><em>Saranno sei gli artisti in mostra dal 14 novembre al 1 dicembre<\/em><\/strong><\/p>\n\n\n\n<p>Il <strong>14 novembre<\/strong> si inaugura, nelle sale al pianterreno di <strong>Palazzo Monacelle<\/strong> a <strong>Casamassima (Ba)<\/strong>, <strong><em>Radice, Territorio, Segno,<\/em> mostra collettiva<\/strong> di <strong>Anna Dormio, LIMBA (Francesco Paolo Cosola e Veronica Liuzzi), Andrea Schifano, Pietrangelo Pezzuto, Luisa Valenzano, a cura di Nicola Zito<\/strong>, <strong>Giuliana Schiavone, Luisa Valenzano<\/strong>, promossa dalla <strong>Fondazione Mons. Sante Montanaro<\/strong>, nell\u2019ambito del progetto <strong>\u201cEchi dal Territorio\u201d<\/strong>finanziato dal <strong>Consiglio Regionale della Puglia.<\/strong>\u00a0<\/p>\n\n\n\n<p> <\/p>\n\n\n\n<figure class=\"wp-block-image aligncenter size-full is-resized\"><img decoding=\"async\" width=\"1000\" height=\"665\" src=\"https:\/\/casamassima.lavocedelpaese.info\/wp-content\/uploads\/2024\/11\/palazzo-monacelle.jpg\" alt=\"\" class=\"wp-image-6463\" style=\"width:476px;height:auto\" srcset=\"https:\/\/casamassima.lavocedelpaese.info\/wp-content\/uploads\/2024\/11\/palazzo-monacelle.jpg 1000w, https:\/\/casamassima.lavocedelpaese.info\/wp-content\/uploads\/2024\/11\/palazzo-monacelle-300x200.jpg 300w, https:\/\/casamassima.lavocedelpaese.info\/wp-content\/uploads\/2024\/11\/palazzo-monacelle-768x511.jpg 768w\" sizes=\"(max-width: 1000px) 100vw, 1000px\" \/><\/figure>\n\n\n\n<p>La mostra riunisce artiste e artisti pugliesi che hanno partecipato alle precedenti edizioni del <em>Premio Don Sante per l\u2019Arte Contemporanea,<\/em> offrendo una riflessione approfondita sul loro legame con il territorio e sulla continuit\u00e0 del loro percorso artistico. Le varie edizioni del premio hanno sollevato interrogativi che spaziano dall\u2019incertezza esistenziale dell\u2019uomo contemporaneo, alla ricerca di una dimensione estetica attraverso la luce e il colore, fino alla complessa indagine delle geografie espressive, tema che segna anche l&#8217;edizione in corso.<\/p>\n\n\n\n<p>In <em>Radice<\/em>, <em>Territorio, Segno <\/em>queste tematiche si intrecciano e trovano nuove forme di espressione, grazie alla presenza di opere che dialogano con il territorio, incorporando riflessioni sul concetto di radice, non come ancoraggio statico, ma come punto di partenza per un dialogo attivo e dinamico con l&#8217;ambiente e la comunit\u00e0. La mostra mira a mettere in luce le tracce lasciate dalle loro esperienze passate, esprimendo al contempo la capacit\u00e0 del territorio di evolversi e coesistere con nuove forme di espressione artistica. Attraverso i loro percorsi di ricerca, gli artisti creano una mappa simbolica del loro legame con lo spazio dell\u2019appartenenza, esplorando temi come il radicamento, l\u2019attraversamento e lo scambio. Le loro opere si configurano come tracce estetiche di un dialogo continuo tra il s\u00e9 e il territorio, tra la tradizione e l\u2019innovazione, tra il passato e il presente.<\/p>\n\n\n\n<p>La mostra diviene il luogo in cui il territorio e gli artisti coabitano e si compongono reciprocamente, in un continuo processo di scambio e condivisione, dove l\u2019essenza del luogo non \u00e8 mai fissa, ma si trasforma e si rinnova nell\u2019atto stesso dell\u2019essere-in-comune.<\/p>\n\n\n\n<p><strong><em>Radice, Territorio, Segno<\/em> sar\u00e0 visitabile fino al 1 dicembre 2024 nei seguenti orari:<br>luned\u00ec e venerd\u00ec 10-12 | marted\u00ec, gioved\u00ec, sabato, domenica 17-19<\/strong><\/p>\n\n\n\n<figure class=\"wp-block-image aligncenter size-full is-resized\"><img decoding=\"async\" width=\"1000\" height=\"525\" src=\"https:\/\/casamassima.lavocedelpaese.info\/wp-content\/uploads\/2024\/11\/mostra-radice-territorio-segno-casamassim-copia.jpg\" alt=\"\" class=\"wp-image-6464\" style=\"width:824px;height:auto\" srcset=\"https:\/\/casamassima.lavocedelpaese.info\/wp-content\/uploads\/2024\/11\/mostra-radice-territorio-segno-casamassim-copia.jpg 1000w, https:\/\/casamassima.lavocedelpaese.info\/wp-content\/uploads\/2024\/11\/mostra-radice-territorio-segno-casamassim-copia-300x158.jpg 300w, https:\/\/casamassima.lavocedelpaese.info\/wp-content\/uploads\/2024\/11\/mostra-radice-territorio-segno-casamassim-copia-768x403.jpg 768w, https:\/\/casamassima.lavocedelpaese.info\/wp-content\/uploads\/2024\/11\/mostra-radice-territorio-segno-casamassim-copia-390x205.jpg 390w\" sizes=\"(max-width: 1000px) 100vw, 1000px\" \/><\/figure>\n\n\n\n<p><\/p>\n","protected":false},"excerpt":{"rendered":"<p>Saranno sei gli artisti in mostra dal 14 novembre al 1 dicembre Il 14 novembre si inaugura, nelle sale al<\/p>\n","protected":false},"author":4,"featured_media":6464,"comment_status":"open","ping_status":"closed","sticky":false,"template":"","format":"standard","meta":{"colormag_page_container_layout":"default_layout","colormag_page_sidebar_layout":"default_layout","_monsterinsights_skip_tracking":false,"_monsterinsights_sitenote_active":false,"_monsterinsights_sitenote_note":"","_monsterinsights_sitenote_category":0,"footnotes":""},"categories":[2,5,6,30,33,28],"tags":[51,55,47,53,54],"class_list":["post-6462","post","type-post","status-publish","format-standard","has-post-thumbnail","hentry","category-attualita","category-cultura","category-eventi","category-news","category-spalla","category-primo-piano","tag-arte","tag-arte-contemporanea","tag-casamassima","tag-evento","tag-regione-puglia"],"_links":{"self":[{"href":"https:\/\/casamassima.lavocedelpaese.info\/index.php\/wp-json\/wp\/v2\/posts\/6462","targetHints":{"allow":["GET"]}}],"collection":[{"href":"https:\/\/casamassima.lavocedelpaese.info\/index.php\/wp-json\/wp\/v2\/posts"}],"about":[{"href":"https:\/\/casamassima.lavocedelpaese.info\/index.php\/wp-json\/wp\/v2\/types\/post"}],"author":[{"embeddable":true,"href":"https:\/\/casamassima.lavocedelpaese.info\/index.php\/wp-json\/wp\/v2\/users\/4"}],"replies":[{"embeddable":true,"href":"https:\/\/casamassima.lavocedelpaese.info\/index.php\/wp-json\/wp\/v2\/comments?post=6462"}],"version-history":[{"count":3,"href":"https:\/\/casamassima.lavocedelpaese.info\/index.php\/wp-json\/wp\/v2\/posts\/6462\/revisions"}],"predecessor-version":[{"id":6468,"href":"https:\/\/casamassima.lavocedelpaese.info\/index.php\/wp-json\/wp\/v2\/posts\/6462\/revisions\/6468"}],"wp:featuredmedia":[{"embeddable":true,"href":"https:\/\/casamassima.lavocedelpaese.info\/index.php\/wp-json\/wp\/v2\/media\/6464"}],"wp:attachment":[{"href":"https:\/\/casamassima.lavocedelpaese.info\/index.php\/wp-json\/wp\/v2\/media?parent=6462"}],"wp:term":[{"taxonomy":"category","embeddable":true,"href":"https:\/\/casamassima.lavocedelpaese.info\/index.php\/wp-json\/wp\/v2\/categories?post=6462"},{"taxonomy":"post_tag","embeddable":true,"href":"https:\/\/casamassima.lavocedelpaese.info\/index.php\/wp-json\/wp\/v2\/tags?post=6462"}],"curies":[{"name":"wp","href":"https:\/\/api.w.org\/{rel}","templated":true}]}}