{"id":5438,"date":"2023-08-22T09:13:13","date_gmt":"2023-08-22T09:13:13","guid":{"rendered":"https:\/\/casamassima.lavocedelpaese.info\/?p=5438"},"modified":"2023-08-22T09:16:49","modified_gmt":"2023-08-22T09:16:49","slug":"nasce-il-nuovo-centro-autismo-della-asl","status":"publish","type":"post","link":"https:\/\/casamassima.lavocedelpaese.info\/index.php\/2023\/08\/22\/nasce-il-nuovo-centro-autismo-della-asl\/","title":{"rendered":"Nasce il nuovo centro Autismo della ASL"},"content":{"rendered":"\n<p>Nasce il nuovo Centro Autismo della ASL e ha sede a Bari nella struttura comunale Colli \u2013 Grisoni, completamente riqualificata, che ospita gi\u00e0 i servizi della Neuropsichiatria della Infanzia e dell\u2019Adolescenza (NPIA).<\/p>\n\n\n\n<p>L\u2019azienda sanitaria ha proceduto ad una doppia azione per potenziare l\u2019assistenza sul fronte autismo: da un lato, ristrutturando gli spazi con maggiori comfort a beneficio di utenti, famiglie, e operatori, dall\u2019altro istituendo la nuova unit\u00e0 operativa \u201cNeuropsichiatria dell\u2019Infanzia e dell\u2019Adolescenza Bari Area Centrale e Centro Autismo\u201d, quest\u2019ultimo esclusivamente dedicato a valutazione, impostazione del piano riabilitativo e presa in cura di bambini e adolescenti con disturbi dello spettro autistico.&nbsp;<\/p>\n\n\n\n<p>La nuova organizzazione \u00e8 stata illustrata, questa mattina, presso il centro Colli- Grisoni, nel corso di un incontro con famiglie, bambini e operatori a cui hanno partecipato il presidente della Regione Michele Emiliano, l\u2019assessore alla Sanit\u00e0 Rocco Palese, il direttore generale ASL Antonio Sanguedolce, oltre a Paola Romano, assessora alle Politiche educative e giovanili del Comune di Bari e l\u2019assessora comunale al Welfare, Francesca Bottalico.<\/p>\n\n\n\n<p>\u201cStiamo facendo sforzi enormi&nbsp;&nbsp;&#8211; ha detto il&nbsp;<strong>presidente Emiliano<\/strong>, in video collegamento &#8211; tutti regionali perch\u00e9 i governi che si sono susseguiti non hanno mai sostenuto fino in fondo la domanda che diventa ogni giorno pi\u00f9 larga di assistenza da parte delle famiglie, dei ragazzi e delle ragazze con autismo. Anche sulla assistenza \u2013 ha proseguito &#8211; c\u2019\u00e8 ancora confusione, l\u2019autismo \u00e8 una condizione di vita che stiamo cercando di conoscere meglio e la seguiremo attivando tutte le procedure possibili\u201d.<\/p>\n\n\n\n<p>La \u201cNPIA Centrale e Autismo\u201d \u00e8 diventata la struttura aziendale di riferimento dell\u2019autismo ed \u00e8 inserita nel Dipartimento di medicina della Et\u00e0 Evolutiva, diretto dal dottor Mariano Manzionna. Sono attualmente 800 i minori con disturbi dello spettro autistico nella citt\u00e0 di Bari e 2.400 in tutta la provincia a cui viene garantita la assistenza sanitaria.<\/p>\n\n\n\n<p>\u201cOggi celebriamo la realizzazione di un centro molto importante per l\u2019autismo \u2013 ha sottolineato l\u2019assessore regionale alla Sanit\u00e0&nbsp;<strong>Rocco Palese<\/strong>&nbsp;\u2013 che purtroppo riguarda la sofferenza di tante persone, un problema abbastanza impegnativo per chi ne \u00e8 affetto ma anche per il contesto familiare. Siamo molto impegnati nel contesto dell\u2019autismo che caratterizza sostanzialmente la prima fascia d\u2019et\u00e0 ma anche l\u2019et\u00e0 pi\u00f9 adulta. L\u2019ASL Bari ha assunto da questo punto di vista un\u2019iniziativa davvero pregevole e fortemente necessaria e come Regione saremo impegnati a continuare su questa strada che riguarda problematiche socio-assistenziali e socio-sanitarie che vanno affrontate in tutti i modi\u201d.<\/p>\n\n\n\n<p>Dato l\u2019aumento progressivo del numero di utenti con disturbo dello spettro autistico che fanno richiesta di assistenza sanitaria, la difficolt\u00e0 degli operatori distribuiti nelle varie sedi della NPIA di gestire la domanda e, visto, anche il numero insufficiente di strutture convenzionate dedicate al trattamento dell\u2019autismo nel territorio barese, la ASL ha ritenuto necessario istituire una struttura aziendale dedicata alla gestione complessa e globale delle persone con autismo. La dotazione organica prevista \u00e8 pari a 100 unit\u00e0, di cui 86 gi\u00e0 in servizio e ulteriori 14 da assumere a breve con un bando dedicato.<\/p>\n\n\n\n<p>\u201cSi presenta ufficialmente oggi&nbsp;&nbsp;&#8211; ha detto&nbsp;<strong>Antonio Sanguedolce<\/strong>, direttore generale della ASL di Bari &#8211; la nuova organizzazione del Centro Colli e la sua nuova \u201cveste\u201d. L\u2019istituzione della nuova unit\u00e0 operativa sar\u00e0 seguita immediatamente dal potenziamento dei servizi e del personale mediante un avviso pubblico per assumere ulteriori 14 professionisti tra medici, psicologi, terapisti della neuropsicomotricit\u00e0, logopedisti, educatori professionali e tecnici della riabilitazione psichiatrica che serviranno ad implementare i percorsi anche dedicati agli adulti. L\u2019assistenza si sgancia dal Dipartimento di Salute mentale e viene inserita nel Dipartimento di Medicina dell\u2019et\u00e0 evolutiva \u2013\u2013 ha proseguito Sanguedolce &#8211; cambiando anche l\u2019approccio nei confronti di questo disturbo, trattato con una serie di interventi \u2013 oltre che sanitari &#8211; incentrati sulla inclusione e sulla riabilitazione, con il sostegno di famiglie, scuole e associazioni\u201d.<\/p>\n\n\n\n<p>L\u2019unit\u00e0 dedicata all\u2019Autismo condivide con Neuropsichiatria della Infanzia e dell\u2019Adolescenza tutto il percorso di diagnosi e trattamento delle problematiche neuropsichiatriche dell\u2019et\u00e0 evolutiva. La NPIA si occupa complessivamente di 5mila bambini e bambine con diverse forme di disabilit\u00e0. Nel 2022 sono state erogate 16.371 prestazioni nell\u2019area di Bari tra: visite neuropsichiatriche infantili, valutazioni neuropsicologiche e supporti psicologici, terapie logopediche, neuropsicomotorie, fisiochinesiterapiche e psicoeducative, e ancora interventi sugli esordi psicotici, interventi diretti a scuola e a casa nelle varie tipologie di utenti oltre alla presa in carico di bambini con malattie rare.<\/p>\n\n\n\n<p>\u201cIl centro Autismo \u2013 ha spiegato il responsabile della Unit\u00e0 operativa Autismo,&nbsp;<strong>Cesare Porcelli&nbsp;<\/strong>&#8211;&nbsp;&nbsp;coordiner\u00e0 gli interventi di diagnosi e terapia su tutto il territorio aziendale. Sono gi\u00e0 attive, in maniera sperimentale, modalit\u00e0 di presa in carico ed intervento per tutte le forme di disabilit\u00e0, ad esempio i progetti \u201cEducautistichiamoci\u201d e \u201cVolontamiamoli\u201d, che prevedono reali percorsi di inclusione e coinvolgimento di scuola e famiglia. La filosofia intorno alla quale gli operatori del Centro lavorano \u00e8 facilitare l\u2019inclusione operando sul contesto e non solo nel box di terapia. Il Nuovo Centro Colli \u2013 ha concluso Porcelli &#8211; in effetti \u00e8 questo: una struttura funzionale che sar\u00e0 sempre pi\u00f9 arricchita e all\u2019interno della quale gli interventi associano il gioco al trattamento vero e proprio\u201d.<\/p>\n","protected":false},"excerpt":{"rendered":"<p>Nasce il nuovo Centro Autismo della ASL e ha sede a Bari nella struttura comunale Colli \u2013 Grisoni, completamente riqualificata,<\/p>\n","protected":false},"author":1,"featured_media":5439,"comment_status":"open","ping_status":"closed","sticky":false,"template":"","format":"standard","meta":{"colormag_page_container_layout":"default_layout","colormag_page_sidebar_layout":"default_layout","_monsterinsights_skip_tracking":false,"_monsterinsights_sitenote_active":false,"_monsterinsights_sitenote_note":"","_monsterinsights_sitenote_category":0,"footnotes":""},"categories":[2,7],"tags":[],"class_list":["post-5438","post","type-post","status-publish","format-standard","has-post-thumbnail","hentry","category-attualita","category-regione"],"_links":{"self":[{"href":"https:\/\/casamassima.lavocedelpaese.info\/index.php\/wp-json\/wp\/v2\/posts\/5438","targetHints":{"allow":["GET"]}}],"collection":[{"href":"https:\/\/casamassima.lavocedelpaese.info\/index.php\/wp-json\/wp\/v2\/posts"}],"about":[{"href":"https:\/\/casamassima.lavocedelpaese.info\/index.php\/wp-json\/wp\/v2\/types\/post"}],"author":[{"embeddable":true,"href":"https:\/\/casamassima.lavocedelpaese.info\/index.php\/wp-json\/wp\/v2\/users\/1"}],"replies":[{"embeddable":true,"href":"https:\/\/casamassima.lavocedelpaese.info\/index.php\/wp-json\/wp\/v2\/comments?post=5438"}],"version-history":[{"count":1,"href":"https:\/\/casamassima.lavocedelpaese.info\/index.php\/wp-json\/wp\/v2\/posts\/5438\/revisions"}],"predecessor-version":[{"id":5441,"href":"https:\/\/casamassima.lavocedelpaese.info\/index.php\/wp-json\/wp\/v2\/posts\/5438\/revisions\/5441"}],"wp:featuredmedia":[{"embeddable":true,"href":"https:\/\/casamassima.lavocedelpaese.info\/index.php\/wp-json\/wp\/v2\/media\/5439"}],"wp:attachment":[{"href":"https:\/\/casamassima.lavocedelpaese.info\/index.php\/wp-json\/wp\/v2\/media?parent=5438"}],"wp:term":[{"taxonomy":"category","embeddable":true,"href":"https:\/\/casamassima.lavocedelpaese.info\/index.php\/wp-json\/wp\/v2\/categories?post=5438"},{"taxonomy":"post_tag","embeddable":true,"href":"https:\/\/casamassima.lavocedelpaese.info\/index.php\/wp-json\/wp\/v2\/tags?post=5438"}],"curies":[{"name":"wp","href":"https:\/\/api.w.org\/{rel}","templated":true}]}}