{"id":5317,"date":"2023-08-18T08:29:29","date_gmt":"2023-08-18T08:29:29","guid":{"rendered":"https:\/\/casamassima.lavocedelpaese.info\/index.php\/2023\/08\/18\/eventi-a-margine-del-palio-carpe-sidera-di-teatralmente-gioia-e-bailemos-foto-15\/"},"modified":"2023-08-18T08:29:29","modified_gmt":"2023-08-18T08:29:29","slug":"eventi-a-margine-del-palio-carpe-sidera-di-teatralmente-gioia-e-bailemos-foto-15","status":"publish","type":"post","link":"https:\/\/casamassima.lavocedelpaese.info\/index.php\/2023\/08\/18\/eventi-a-margine-del-palio-carpe-sidera-di-teatralmente-gioia-e-bailemos-foto-15\/","title":{"rendered":"Eventi a margine del Palio: Carpe Sidera di Teatralmente Gioia e Bailemos\/foto"},"content":{"rendered":"<p>\u00a0<\/p>\n<p>\u200b\u00a0<\/p>\n<p>\u200bGioia \u2013 La Voce del Paese\u00a0<\/p>\n<p>Tra gli eventi in calendario nel Palio delle Botti 2023 ve ne sono alcuni di cui si \u00e8 parlato davvero molto poco \u2013 forse perch\u00e9 marginali per tempi e logistica \u2013 cui vorremmo dare \u201cvoce\u201d sia per il totale e gratuito impegno che ha visto protagoniste associazioni, compagnie teatrali, scuole di ballo e pittori sia per aver trattenuto e portato a Gioia pubblico sottratto ad altre citt\u00e0 che in quei giorni hanno ospitato concerti gratuiti di personaggi \u201cblasonati\u201d come Elettra Lamborghini e Loredana Bert\u00e8, registrando il sold out.<\/p>\n<p>In particolare ci riferiamo al <strong>Comitato del Quartiere Rinascita<\/strong> che si \u00e8 mobilitato per \u201ccolorare a festa\u201d le periferie ed a coloro che hanno comprato le stoffe e cucito le bandiere, le hanno appese, hanno allestito mercatini artigianali, curato l\u2019animazione dei piccoli, recitato e danzato e nei giorni successivi \u2013 con <strong>Umberto Colapinto<\/strong> e la sua <strong>CuberArt<\/strong> \u2013 creato gallerie d\u2019arte sotto le stelle, il tutto \u2013 lo sottolineiamo \u2013 con assoluta gratuit\u00e0, senza nessun rimborso spese o gettone di presenza, portando anche le strumentazioni e dedicandovi tempo e impegno.<\/p>\n<p><strong>I PROTAGONISTI<\/strong><\/p>\n<p>Ad introdurre le serate il patron del Palio <strong>Claudio Santorelli<\/strong>, l\u2019assessore alla Cultura <strong>Lucio Romano<\/strong>, la presidente del Comitato del Quartiere Rinascita <strong>Daniela Angelillo<\/strong> e gli animatori <strong>Geg\u00e8 (Vincenzo Donvito)<\/strong> ed <strong>Elio Girardi<\/strong>. In programma anche il Centro equestre DG Arabian Stable di <strong>Giuseppe Colapinto<\/strong> e <strong>Dominique Castellaneta<\/strong>. A curare la rappresentazione teatrale \u201cCarpe Sidera\u201d la compagnia <strong>Teatralmente Gioia<\/strong>, \u2013 presidente <strong>Mattia Angelillo \u2013<\/strong> e ad animare con balli spettacolari, la scuola di danza Bailemos di <strong>Antonio Laterza<\/strong>.<\/p>\n<p>Presente anche l\u2019Associazione per la promozione della salute mentale \u201c<strong>Il Tasso<\/strong>\u201d presieduta da <strong>Angela Rella<\/strong>, che oltre ad aver offerto una bellissima botte disegnata dal M\u00b0 <strong>Mario Verrastro<\/strong> per il Trofeo \u201cSpingitori crescono\u201d, ha anche allestito un piccolo mercatino con manufatti artigianali.<\/p>\n<p><strong>\u201cCARPE SIDERA\u201d CON BIANCA LANCIA E FEDERICO II<\/strong><\/p>\n<p>Il 3 agosto in prima assoluta nell\u2019anfiteatro di Piazza Pertini ed in replica il 4 in Piazza Dalla Chiesa, <strong>Teatralmente Gioia<\/strong> ha portato in scena \u201cCarpe sidera\u201d \u2013 rappresentazione teatrale trasposta dall\u2019omonimo poemetto edito Gelso Rosso di <strong>Susanna De Mattia<\/strong> illustrato da <strong>Valerio Pastore<\/strong>, gi\u00e0 presentato nel Chiostro il 19 giugno del 2022 con un format inedito, un vero capolavoro di arti performative \u2013 recitazione, musica, arte \u2013 che tanto successo riscosse sia per le letture recitate da due attori professionisti \u2013 <strong>Guendalina Losito<\/strong> e <strong>Erick Bronze<\/strong> \u2013 che per la musica medioevale scritta ed eseguita per l\u2019occasione dagli <strong>InCantus<\/strong> (<strong>Ilaria Stoppini<\/strong> al flauto, <strong>Nanni Chiapparino<\/strong> alle percussioni e <strong>Domenico Lopez<\/strong> al liuto). In quella magica serata \u2013 la stessa in cui venne suggerito di ideare con i testi di Susanna una rappresentazione teatrale \u2013 le statue in pietra di Bianca e Federico scolpite dal M\u00b0 <strong>Mario Vacca<\/strong> si stagliavano in primo piano e sullo sfondo con un effetto scenico molto suggestivo.<\/p>\n<p>Nelle due serate del Palio davvero ottima la regia di <strong>Augusto Angelillo, <\/strong>che in giugno colse subito l\u2019appello, un po\u2019 meno la resa tecnica, sia per il vento che \u201centrava\u201d nei microfoni che per problemi audio e la scelta di musiche, non sempre \u201cindovinate\u201d. Brillanti e disinvolti i due narratori esterni, alter ego di Bianca e Federico \u2013 <strong>Laura Mastromarino<\/strong> e <strong>Antonello Romano \u2013 <\/strong>funzionali nel creare attesa e dare \u201crespiro\u201d ai due amanti, con una personalit\u00e0, una grinta e una tenuta scenica che non sono passate inosservate. Davvero molto brava la danzatrice <strong>Giorgia Mazzola<\/strong> che ha da sola coreografato meravigliosamente le danze, creando raccordi con la narrazione e interagendo con gli attori, divenendo essa stessa parte integrante della storia e del successo della rappresentazione.<\/p>\n<p>Ed infine loro: Federico II (<strong>Michelangelo Dionisio<\/strong>) e Bianca Lancia interpretata dalla quindicenne <strong>Emanuela Capozzi<\/strong> promossa a pieni voti al suo esordio\u2026 Una interpretazione da brivido e una bravura da Oscar! Perfetta in tutto: nei toni, nella gestualit\u00e0, nella mimica, nelle movenze oltre che bellissima ed elegante nel regale costume scelto per l\u2019occasione, con la corona realizzata dall\u2019artista <strong>Lea Gallizzi<\/strong> ed il mantello confezionato da <strong>Raffaella Giorgio. <\/strong>Emanuela<strong> \u2013 <\/strong>vibrante, appassionata, spontanea, interamente nel personaggio \u2013 con tutta la freschezza dei suoi anni ha trascinato gli spettatori nei paesaggi storici evocati da <strong>Susanna De Mattia<\/strong> e consentito ai presenti di cogliere la bellezza dell\u2019opera, esaltandone l\u2019accurata drammaturgia ed emozionando tutti. Federico II \u2013 figura che forse avrebbe richiesto un interprete pi\u00f9 maturo per meglio apprezzare l\u2019intensit\u00e0 dei sentimenti di gelosia, rabbia e disperata solitudine dell\u2019imperatore \u2013 ha indotto <strong>Michelangelo Dionisio<\/strong> a \u201cvestire\u201d i regali panni di un uomo di potere, duro, spietato ed a tratti scostante. Non \u00e8 un caso che il giovane attore abbia brillato nelle scene d\u2019amore in cui dominavano la tenerezza e la dolcezza pi\u00f9 consone alla sua et\u00e0 e sensibilit\u00e0\u2026 Una scommessa comunque vincente quella di affidare ad attori cos\u00ec giovani ed acerbi due ruoli tanto importanti, realizzando una kermesse che potrebbe sfiorare l\u2019eccellenza con piccoli accorgimenti: maggior cura nelle scelte musicali, una pi\u00f9 confortevole location \u2013 davvero brutto ritrovarsi come sfondo il muro imbrattato di Piazza Pertini \u2013 meno chiasso (i bambini scorazzavano ovunque urlando), luci soffuse per \u201cgiocare\u201d con effetti ed ombre e per il pubblico \u201csedute\u201d meno scomode del duro cemento e pi\u00f9 numerose.<\/p>\n<p>Hanno collaborato alla rappresentazione splendidamente illustrata da <strong>Rosianna Carucci<\/strong>, la direttrice di scena, <strong>Federica Donata Bradascio<\/strong>. il direttore tecnico <strong>Mattia Leonardo Angelillo<\/strong> e i tecnici, <strong>Simone e Andrea Cantore<\/strong>.<\/p>\n<p>Ben tre le fotografe \u2013 <strong>Ilaria D\u2019Onghia, Lucia Ponte e Carlotta Stea<\/strong> e una truccatrice, <strong>Floranna D\u2019Onghia<\/strong>.<\/p>\n<p>Chiuso metaforicamente il sipario sul teatro in entrambe le serate Geg\u00e8 ed Elio hanno introdotto le danze e le coreografie dell\u2019Accademia di ballo \u201cBailemos\u201d. Bravissimi i ballerini ed i maestri che con loro hanno danzato su una pavimentazione non sempre adatta. Per <strong>Antonio Laterza<\/strong> l\u2019ennesima conferma che la danza \u00e8 vita e coinvolge tutti, anche coloro che non osano o non sanno muovere un passo ma che con un po\u2019 di coraggio e impegno potrebbero stupire e liberare quelle emozioni intrappolate dentro il corpo. Un sincero grazie da Teatralmente Gioia e Bailemos al dirigente della Losapio \u2013 S.F. Neri prof. <strong>Vincenzo Stea<\/strong> che ha permesso loro i cambi d\u2019abito nell\u2019androne della scuola. Piccoli, importantissimi aiuti per nulla scontati per la buona riuscita di un evento da non far mai mancare, insieme ai ringraziamenti d\u2019obbligo verso chi \u2013 con totale gratuit\u00e0 \u2013 ha contribuito al suo successo, magari anche scrivendone su testate locali. [Foto <strong>Mario Di Giuseppe<\/strong>]<\/p>\n<p><a class=\"a2a_button_facebook\" href=\"https:\/\/www.addtoany.com\/add_to\/facebook?linkurl=https%3A%2F%2Fgioia.lavocedelpaese.info%2Findex.php%2F2023%2F08%2F17%2Feventi-a-margine-del-palio-carpe-sidera-di-teatralmente-gioia-e-bailemos-foto%2F&amp;linkname=Eventi%20a%20margine%20del%20Palio%3A%20Carpe%20Sidera%20di%20Teatralmente%20Gioia%20e%20Bailemos%2Ffoto\" title=\"Facebook\" target=\"_blank\" rel=\"noopener\"><\/a><a class=\"a2a_button_twitter\" href=\"https:\/\/www.addtoany.com\/add_to\/twitter?linkurl=https%3A%2F%2Fgioia.lavocedelpaese.info%2Findex.php%2F2023%2F08%2F17%2Feventi-a-margine-del-palio-carpe-sidera-di-teatralmente-gioia-e-bailemos-foto%2F&amp;linkname=Eventi%20a%20margine%20del%20Palio%3A%20Carpe%20Sidera%20di%20Teatralmente%20Gioia%20e%20Bailemos%2Ffoto\" title=\"Twitter\" target=\"_blank\" rel=\"noopener\"><\/a><a class=\"a2a_button_whatsapp\" href=\"https:\/\/www.addtoany.com\/add_to\/whatsapp?linkurl=https%3A%2F%2Fgioia.lavocedelpaese.info%2Findex.php%2F2023%2F08%2F17%2Feventi-a-margine-del-palio-carpe-sidera-di-teatralmente-gioia-e-bailemos-foto%2F&amp;linkname=Eventi%20a%20margine%20del%20Palio%3A%20Carpe%20Sidera%20di%20Teatralmente%20Gioia%20e%20Bailemos%2Ffoto\" title=\"WhatsApp\" target=\"_blank\" rel=\"noopener\"><\/a><a class=\"a2a_button_telegram\" href=\"https:\/\/www.addtoany.com\/add_to\/telegram?linkurl=https%3A%2F%2Fgioia.lavocedelpaese.info%2Findex.php%2F2023%2F08%2F17%2Feventi-a-margine-del-palio-carpe-sidera-di-teatralmente-gioia-e-bailemos-foto%2F&amp;linkname=Eventi%20a%20margine%20del%20Palio%3A%20Carpe%20Sidera%20di%20Teatralmente%20Gioia%20e%20Bailemos%2Ffoto\" title=\"Telegram\" target=\"_blank\" rel=\"noopener\"><\/a><a class=\"a2a_button_email\" href=\"https:\/\/www.addtoany.com\/add_to\/email?linkurl=https%3A%2F%2Fgioia.lavocedelpaese.info%2Findex.php%2F2023%2F08%2F17%2Feventi-a-margine-del-palio-carpe-sidera-di-teatralmente-gioia-e-bailemos-foto%2F&amp;linkname=Eventi%20a%20margine%20del%20Palio%3A%20Carpe%20Sidera%20di%20Teatralmente%20Gioia%20e%20Bailemos%2Ffoto\" title=\"Email\" target=\"_blank\" rel=\"noopener\"><\/a><\/p>\n<p>\u00a0<\/p>\n<p><a class=\"a2a_button_facebook\" href=\"https:\/\/www.addtoany.com\/add_to\/facebook?linkurl=https%3A%2F%2Flavocedelpaese.info%2Findex.php%2F2023%2F08%2F17%2Feventi-a-margine-del-palio-carpe-sidera-di-teatralmente-gioia-e-bailemos-foto%2F&amp;linkname=Eventi%20a%20margine%20del%20Palio%3A%20Carpe%20Sidera%20di%20Teatralmente%20Gioia%20e%20Bailemos%2Ffoto\" title=\"Facebook\" target=\"_blank\" rel=\"noopener\"><\/a><a class=\"a2a_button_twitter\" href=\"https:\/\/www.addtoany.com\/add_to\/twitter?linkurl=https%3A%2F%2Flavocedelpaese.info%2Findex.php%2F2023%2F08%2F17%2Feventi-a-margine-del-palio-carpe-sidera-di-teatralmente-gioia-e-bailemos-foto%2F&amp;linkname=Eventi%20a%20margine%20del%20Palio%3A%20Carpe%20Sidera%20di%20Teatralmente%20Gioia%20e%20Bailemos%2Ffoto\" title=\"Twitter\" target=\"_blank\" rel=\"noopener\"><\/a><a class=\"a2a_button_whatsapp\" href=\"https:\/\/www.addtoany.com\/add_to\/whatsapp?linkurl=https%3A%2F%2Flavocedelpaese.info%2Findex.php%2F2023%2F08%2F17%2Feventi-a-margine-del-palio-carpe-sidera-di-teatralmente-gioia-e-bailemos-foto%2F&amp;linkname=Eventi%20a%20margine%20del%20Palio%3A%20Carpe%20Sidera%20di%20Teatralmente%20Gioia%20e%20Bailemos%2Ffoto\" title=\"WhatsApp\" target=\"_blank\" rel=\"noopener\"><\/a><a class=\"a2a_button_telegram\" href=\"https:\/\/www.addtoany.com\/add_to\/telegram?linkurl=https%3A%2F%2Flavocedelpaese.info%2Findex.php%2F2023%2F08%2F17%2Feventi-a-margine-del-palio-carpe-sidera-di-teatralmente-gioia-e-bailemos-foto%2F&amp;linkname=Eventi%20a%20margine%20del%20Palio%3A%20Carpe%20Sidera%20di%20Teatralmente%20Gioia%20e%20Bailemos%2Ffoto\" title=\"Telegram\" target=\"_blank\" rel=\"noopener\"><\/a><a class=\"a2a_button_email\" href=\"https:\/\/www.addtoany.com\/add_to\/email?linkurl=https%3A%2F%2Flavocedelpaese.info%2Findex.php%2F2023%2F08%2F17%2Feventi-a-margine-del-palio-carpe-sidera-di-teatralmente-gioia-e-bailemos-foto%2F&amp;linkname=Eventi%20a%20margine%20del%20Palio%3A%20Carpe%20Sidera%20di%20Teatralmente%20Gioia%20e%20Bailemos%2Ffoto\" title=\"Email\" target=\"_blank\" rel=\"noopener\"><\/a><\/p>\n<p>\u00a0<\/p>","protected":false},"excerpt":{"rendered":"<p>\u00a0 \u200b\u00a0 \u200bGioia \u2013 La Voce del Paese\u00a0 Tra gli eventi in calendario nel Palio delle Botti 2023 ve ne<\/p>\n","protected":false},"author":0,"featured_media":0,"comment_status":"open","ping_status":"closed","sticky":false,"template":"","format":"standard","meta":{"colormag_page_container_layout":"default_layout","colormag_page_sidebar_layout":"default_layout","_monsterinsights_skip_tracking":false,"_monsterinsights_sitenote_active":false,"_monsterinsights_sitenote_note":"","_monsterinsights_sitenote_category":0,"footnotes":""},"categories":[7],"tags":[],"class_list":["post-5317","post","type-post","status-publish","format-standard","hentry","category-regione"],"_links":{"self":[{"href":"https:\/\/casamassima.lavocedelpaese.info\/index.php\/wp-json\/wp\/v2\/posts\/5317","targetHints":{"allow":["GET"]}}],"collection":[{"href":"https:\/\/casamassima.lavocedelpaese.info\/index.php\/wp-json\/wp\/v2\/posts"}],"about":[{"href":"https:\/\/casamassima.lavocedelpaese.info\/index.php\/wp-json\/wp\/v2\/types\/post"}],"replies":[{"embeddable":true,"href":"https:\/\/casamassima.lavocedelpaese.info\/index.php\/wp-json\/wp\/v2\/comments?post=5317"}],"version-history":[{"count":0,"href":"https:\/\/casamassima.lavocedelpaese.info\/index.php\/wp-json\/wp\/v2\/posts\/5317\/revisions"}],"wp:attachment":[{"href":"https:\/\/casamassima.lavocedelpaese.info\/index.php\/wp-json\/wp\/v2\/media?parent=5317"}],"wp:term":[{"taxonomy":"category","embeddable":true,"href":"https:\/\/casamassima.lavocedelpaese.info\/index.php\/wp-json\/wp\/v2\/categories?post=5317"},{"taxonomy":"post_tag","embeddable":true,"href":"https:\/\/casamassima.lavocedelpaese.info\/index.php\/wp-json\/wp\/v2\/tags?post=5317"}],"curies":[{"name":"wp","href":"https:\/\/api.w.org\/{rel}","templated":true}]}}