{"id":5271,"date":"2023-08-16T11:29:38","date_gmt":"2023-08-16T11:29:38","guid":{"rendered":"https:\/\/casamassima.lavocedelpaese.info\/index.php\/2023\/08\/16\/finali-basket-special-olympics-a-la-spezia-aiutiamo-i-ragazzi-della-minozzi-2\/"},"modified":"2023-08-16T11:29:38","modified_gmt":"2023-08-16T11:29:38","slug":"finali-basket-special-olympics-a-la-spezia-aiutiamo-i-ragazzi-della-minozzi-2","status":"publish","type":"post","link":"https:\/\/casamassima.lavocedelpaese.info\/index.php\/2023\/08\/16\/finali-basket-special-olympics-a-la-spezia-aiutiamo-i-ragazzi-della-minozzi-2\/","title":{"rendered":"Finali Basket Special Olympics a La Spezia. Aiutiamo i ragazzi della Minozzi"},"content":{"rendered":"<p>\u00a0<\/p>\n<p>\u200b\u00a0<\/p>\n<p>\u200bGioia \u2013 La Voce del Paese\u00a0<\/p>\n<p>\u201cPromuovi lo sport e l\u2019integrazione: sponsorizza le Finali di Basket 5vs5 unificato per i ragazzi Special Olympics a La Spezia!\u201d <strong>Questo l\u2019appello che l\u2019Asd Junior Basket Minozzi e il presidente Franco Venere rivolgono alla citt\u00e0<\/strong>, per aiutare questi atleti speciali a realizzare il loro sogno di recarsi a La Spezia <strong>per le Finali<\/strong> di Basket 5vs5 Unificato ai Play The Games Special Olympics <strong>che si terranno dal 12 al 15 ottobre<\/strong>, in assoluto la pi\u00f9 grande manifestazione nazionale dedicata alle persone con disabilit\u00e0 intellettiva della nostra regione <strong>che vedr\u00e0 partecipare 1200 atleti da tutta l\u2019Italia<\/strong>.<\/p>\n<p>Un appello cui ha prontamente riposto l\u2019associazione \u201cComplesso\u201d che il 4 agosto presso il Centro sportivo Padre Semeria, a partire dalle ore 18, ha organizzato \u201cFair Play lo sport per tutti\u201d con un torneo di paddle in modalit\u00e0 giallo e uno di calco a otto \u2013 una serata di sport, intrattenimento e tante altre sorprese per raccogliere fondi ed aiutare gli atleti della Special Olympics e le loro famiglie a sostenere le spese per la finale di La Spezia.<\/p>\n<p>\u201cAvete mai pensato a quanto il vostro contributo possa influenzare positivamente la vita dei giovani atleti con disabilit\u00e0 intellettive? Vi chiediamo di volgere la vostra attenzione a un evento straordinario che si terr\u00e0 a La Spezia dal 12 al 15 ottobre 2023: le Finali di Basket 5vs5 Unificato dei ragazzi Special Olympics.<\/p>\n<p>Le Special Olympics sono una manifestazione sportiva molto importante, che promuove l\u2019inclusione e celebra il talento e il coraggio dei ragazzi con disabilit\u00e0 intellettive. Questi giovani atleti si allenano duramente, superando ogni giorno ostacoli e sfide, per raggiungere traguardi che molti di noi darebbero per scontati.<\/p>\n<p><strong>Le Finali di Basket 5vs5 Unificato rappresentano un\u2019opportunit\u00e0 unica per unire la comunit\u00e0<\/strong>, dimostrando che lo sport \u00e8 per tutti. In questa competizione, atleti con e senza disabilit\u00e0 intellettive formeranno squadre miste, giocando insieme e superando le barriere che spesso dividono le persone nelle societ\u00e0 moderne.<\/p>\n<p><strong>La citt\u00e0 di La Spezia si \u00e8 offerta di ospitare questo evento straordinario<\/strong>, creando un\u2019atmosfera vibrante che accoglier\u00e0 atleti provenienti da tutto il paese. Tuttavia, per rendere queste Finali un\u2019esperienza davvero indimenticabile e valorizzare a pieno il potenziale dei ragazzi Special Olympics, abbiamo bisogno del vostro supporto.<\/p>\n<p>Il vostro coinvolgimento come sponsor avrebbe un impatto significativo sull\u2019organizzazione delle Finali di Basket 5vs5 Unificato. Il vostro sostegno finanziario potrebbe contribuire a coprire i costi di affitto delle strutture sportive, materiale tecnico di qualit\u00e0, premiazioni degne di merito e tanti altri aspetti fondamentali per creare una competizione all\u2019altezza delle aspettative dei partecipanti.<\/p>\n<p>Inoltre, la vostra azienda avrebbe un\u2019opportunit\u00e0 di promuovere il proprio marchio e valori durante l\u2019evento. Le Finali attireranno media locali, nazionali. Potrete dimostrare la vostra responsabilit\u00e0 sociale, il vostro impegno verso l\u2019inclusione e l\u2019importanza che attribuite al supporto delle comunit\u00e0 pi\u00f9 vulnerabili.<\/p>\n<p><strong>Vi invitiamo a unirvi a noi nel sostenere le Finali di Basket 5vs5 Unificato dei ragazzi Special Olympics a La Spezia<\/strong>. Il vostro contributo trasformer\u00e0 i sogni di questi giovani atleti in realt\u00e0, offrendo loro l\u2019opportunit\u00e0 di dimostrare il loro talento, la loro forza e la loro determinazione.<\/p>\n<p>Non lasciatevi sfuggire questa occasione unica per fare la differenza, promuovere valori positivi e contribuire a uno sviluppo sociale sostenibile. <strong>Contattateci per ulteriori informazioni<\/strong> sulle diverse opzioni di sponsorizzazione e come diventare parte integrante di questo evento straordinario <strong>al 3346684022<\/strong> oppure alla seguente <strong>mail<\/strong> <a href=\"mailto:basketminozzi@gmail.com\">basketminozzi@gmail.com<\/a>, per chi gi\u00e0 ci conosce e ha fiducia in noi indichiamo l\u2019<strong>iban<\/strong> IT16S0760104000000097979140 da utilizzare per eventuali contributi spontanei.<\/p>\n<p>Cogliete l\u2019opportunit\u00e0 e unitevi a noi per costruire un futuro pi\u00f9 inclusivo e sportivo!\u201d<\/p>\n<p><a class=\"a2a_button_facebook\" href=\"https:\/\/www.addtoany.com\/add_to\/facebook?linkurl=https%3A%2F%2Fgioia.lavocedelpaese.info%2Findex.php%2F2023%2F08%2F16%2Ffinali-basket-special-olympics-a-la-spezia-aiutiamo-i-ragazzi-della-minozzi%2F&amp;linkname=Finali%20Basket%20Special%20Olympics%20a%20La%20Spezia.%20Aiutiamo%20i%20ragazzi%20della%20Minozzi\" title=\"Facebook\" target=\"_blank\" rel=\"noopener\"><\/a><a class=\"a2a_button_twitter\" href=\"https:\/\/www.addtoany.com\/add_to\/twitter?linkurl=https%3A%2F%2Fgioia.lavocedelpaese.info%2Findex.php%2F2023%2F08%2F16%2Ffinali-basket-special-olympics-a-la-spezia-aiutiamo-i-ragazzi-della-minozzi%2F&amp;linkname=Finali%20Basket%20Special%20Olympics%20a%20La%20Spezia.%20Aiutiamo%20i%20ragazzi%20della%20Minozzi\" title=\"Twitter\" target=\"_blank\" rel=\"noopener\"><\/a><a class=\"a2a_button_whatsapp\" href=\"https:\/\/www.addtoany.com\/add_to\/whatsapp?linkurl=https%3A%2F%2Fgioia.lavocedelpaese.info%2Findex.php%2F2023%2F08%2F16%2Ffinali-basket-special-olympics-a-la-spezia-aiutiamo-i-ragazzi-della-minozzi%2F&amp;linkname=Finali%20Basket%20Special%20Olympics%20a%20La%20Spezia.%20Aiutiamo%20i%20ragazzi%20della%20Minozzi\" title=\"WhatsApp\" target=\"_blank\" rel=\"noopener\"><\/a><a class=\"a2a_button_telegram\" href=\"https:\/\/www.addtoany.com\/add_to\/telegram?linkurl=https%3A%2F%2Fgioia.lavocedelpaese.info%2Findex.php%2F2023%2F08%2F16%2Ffinali-basket-special-olympics-a-la-spezia-aiutiamo-i-ragazzi-della-minozzi%2F&amp;linkname=Finali%20Basket%20Special%20Olympics%20a%20La%20Spezia.%20Aiutiamo%20i%20ragazzi%20della%20Minozzi\" title=\"Telegram\" target=\"_blank\" rel=\"noopener\"><\/a><a class=\"a2a_button_email\" href=\"https:\/\/www.addtoany.com\/add_to\/email?linkurl=https%3A%2F%2Fgioia.lavocedelpaese.info%2Findex.php%2F2023%2F08%2F16%2Ffinali-basket-special-olympics-a-la-spezia-aiutiamo-i-ragazzi-della-minozzi%2F&amp;linkname=Finali%20Basket%20Special%20Olympics%20a%20La%20Spezia.%20Aiutiamo%20i%20ragazzi%20della%20Minozzi\" title=\"Email\" target=\"_blank\" rel=\"noopener\"><\/a><\/p>\n<p>\u00a0<\/p>\n<p><a class=\"a2a_button_facebook\" href=\"https:\/\/www.addtoany.com\/add_to\/facebook?linkurl=https%3A%2F%2Flavocedelpaese.info%2Findex.php%2F2023%2F08%2F16%2Ffinali-basket-special-olympics-a-la-spezia-aiutiamo-i-ragazzi-della-minozzi%2F&amp;linkname=Finali%20Basket%20Special%20Olympics%20a%20La%20Spezia.%20Aiutiamo%20i%20ragazzi%20della%20Minozzi\" title=\"Facebook\" target=\"_blank\" rel=\"noopener\"><\/a><a class=\"a2a_button_twitter\" href=\"https:\/\/www.addtoany.com\/add_to\/twitter?linkurl=https%3A%2F%2Flavocedelpaese.info%2Findex.php%2F2023%2F08%2F16%2Ffinali-basket-special-olympics-a-la-spezia-aiutiamo-i-ragazzi-della-minozzi%2F&amp;linkname=Finali%20Basket%20Special%20Olympics%20a%20La%20Spezia.%20Aiutiamo%20i%20ragazzi%20della%20Minozzi\" title=\"Twitter\" target=\"_blank\" rel=\"noopener\"><\/a><a class=\"a2a_button_whatsapp\" href=\"https:\/\/www.addtoany.com\/add_to\/whatsapp?linkurl=https%3A%2F%2Flavocedelpaese.info%2Findex.php%2F2023%2F08%2F16%2Ffinali-basket-special-olympics-a-la-spezia-aiutiamo-i-ragazzi-della-minozzi%2F&amp;linkname=Finali%20Basket%20Special%20Olympics%20a%20La%20Spezia.%20Aiutiamo%20i%20ragazzi%20della%20Minozzi\" title=\"WhatsApp\" target=\"_blank\" rel=\"noopener\"><\/a><a class=\"a2a_button_telegram\" href=\"https:\/\/www.addtoany.com\/add_to\/telegram?linkurl=https%3A%2F%2Flavocedelpaese.info%2Findex.php%2F2023%2F08%2F16%2Ffinali-basket-special-olympics-a-la-spezia-aiutiamo-i-ragazzi-della-minozzi%2F&amp;linkname=Finali%20Basket%20Special%20Olympics%20a%20La%20Spezia.%20Aiutiamo%20i%20ragazzi%20della%20Minozzi\" title=\"Telegram\" target=\"_blank\" rel=\"noopener\"><\/a><a class=\"a2a_button_email\" href=\"https:\/\/www.addtoany.com\/add_to\/email?linkurl=https%3A%2F%2Flavocedelpaese.info%2Findex.php%2F2023%2F08%2F16%2Ffinali-basket-special-olympics-a-la-spezia-aiutiamo-i-ragazzi-della-minozzi%2F&amp;linkname=Finali%20Basket%20Special%20Olympics%20a%20La%20Spezia.%20Aiutiamo%20i%20ragazzi%20della%20Minozzi\" title=\"Email\" target=\"_blank\" rel=\"noopener\"><\/a><\/p>\n<p>\u00a0<\/p>","protected":false},"excerpt":{"rendered":"<p>\u00a0 \u200b\u00a0 \u200bGioia \u2013 La Voce del Paese\u00a0 \u201cPromuovi lo sport e l\u2019integrazione: sponsorizza le Finali di Basket 5vs5 unificato<\/p>\n","protected":false},"author":0,"featured_media":0,"comment_status":"open","ping_status":"closed","sticky":false,"template":"","format":"standard","meta":{"colormag_page_container_layout":"default_layout","colormag_page_sidebar_layout":"default_layout","_monsterinsights_skip_tracking":false,"_monsterinsights_sitenote_active":false,"_monsterinsights_sitenote_note":"","_monsterinsights_sitenote_category":0,"footnotes":""},"categories":[7],"tags":[],"class_list":["post-5271","post","type-post","status-publish","format-standard","hentry","category-regione"],"_links":{"self":[{"href":"https:\/\/casamassima.lavocedelpaese.info\/index.php\/wp-json\/wp\/v2\/posts\/5271","targetHints":{"allow":["GET"]}}],"collection":[{"href":"https:\/\/casamassima.lavocedelpaese.info\/index.php\/wp-json\/wp\/v2\/posts"}],"about":[{"href":"https:\/\/casamassima.lavocedelpaese.info\/index.php\/wp-json\/wp\/v2\/types\/post"}],"replies":[{"embeddable":true,"href":"https:\/\/casamassima.lavocedelpaese.info\/index.php\/wp-json\/wp\/v2\/comments?post=5271"}],"version-history":[{"count":0,"href":"https:\/\/casamassima.lavocedelpaese.info\/index.php\/wp-json\/wp\/v2\/posts\/5271\/revisions"}],"wp:attachment":[{"href":"https:\/\/casamassima.lavocedelpaese.info\/index.php\/wp-json\/wp\/v2\/media?parent=5271"}],"wp:term":[{"taxonomy":"category","embeddable":true,"href":"https:\/\/casamassima.lavocedelpaese.info\/index.php\/wp-json\/wp\/v2\/categories?post=5271"},{"taxonomy":"post_tag","embeddable":true,"href":"https:\/\/casamassima.lavocedelpaese.info\/index.php\/wp-json\/wp\/v2\/tags?post=5271"}],"curies":[{"name":"wp","href":"https:\/\/api.w.org\/{rel}","templated":true}]}}