{"id":5266,"date":"2023-08-16T06:30:01","date_gmt":"2023-08-16T06:30:01","guid":{"rendered":"https:\/\/casamassima.lavocedelpaese.info\/index.php\/2023\/08\/16\/aggressione-in-via-ricciotto-canudo-gli-aggiornamenti-12\/"},"modified":"2023-08-16T06:30:01","modified_gmt":"2023-08-16T06:30:01","slug":"aggressione-in-via-ricciotto-canudo-gli-aggiornamenti-12","status":"publish","type":"post","link":"https:\/\/casamassima.lavocedelpaese.info\/index.php\/2023\/08\/16\/aggressione-in-via-ricciotto-canudo-gli-aggiornamenti-12\/","title":{"rendered":"Aggressione in via Ricciotto Canudo. Gli aggiornamenti"},"content":{"rendered":"<p>\u00a0<\/p>\n<p>\u200b\u00a0<\/p>\n<p>\u200bGioia \u2013 La Voce del Paese\u00a0<\/p>\n<p>Dopo l\u2019intervento della Polizia Locale <strong>\u00e8 arrivata una ambulanza del 118 <\/strong>per verificare le condizioni della persona aggredita. <strong>Successivamente \u00e8 intervenuta una pattuglia dei Carabinieri<\/strong> dalla locale Stazione per appurare le dinamiche dell\u2019accaduto e verbalizzare le testimonianze dei presenti.<\/p>\n<p><strong>Secondo l\u2019aggredito, il diverbio sarebbe iniziato su via Noci<\/strong>, nel preciso istante in cui, mentre era alla guida della sua auto, incrociava <strong>l\u2019aggressore in sella alla sua bicicletta, invitandolo a non andare a zig zag<\/strong> perch\u00e9 pericoloso per la sua e altrui incolumit\u00e0.<\/p>\n<p><strong>Evidentemente, il ciclista non avr\u00e0 gradito il \u201crimprovero\u201d<\/strong> stante la conclusione dello scambio.<\/p>\n<p>Il nome dell\u2019aggressore, non \u00e8 dato saperlo, cos\u00ec come la sua et\u00e0 o nazionalit\u00e0. <strong>\u00c8 scappato via subito dopo l\u2019arrivo dei primi soccorritori<\/strong>.<\/p>\n<p><strong>L\u2019aggredito<\/strong>, che non ha avuto neanche il tempo di reagire, <strong>\u00e8 stato improvvisamente colpito al volto da un pugno<\/strong> sferrato con violenza attraverso il finestrino, nel mentre continuavano la discussione.<\/p>\n<p><strong>Diversi i danni arrecati alla sua auto<\/strong>, una Fiat Panda, nella parte anteriore destra (lato guidatore), con specchietto rotto e sportello ammaccato a suon di calci.<\/p>\n<p><strong>Ai Carabinieri e ai Vigili urbani il compito di risalire alla identit\u00e0 dell\u2019aggressore<\/strong>.<\/p>\n<p><a class=\"a2a_button_facebook\" href=\"https:\/\/www.addtoany.com\/add_to\/facebook?linkurl=https%3A%2F%2Fgioia.lavocedelpaese.info%2Findex.php%2F2023%2F08%2F15%2Faggressione-in-via-ricciotto-canudo-gli-aggiornamenti%2F&amp;linkname=Aggressione%20in%20via%20Ricciotto%20Canudo.%20Gli%20aggiornamenti\" title=\"Facebook\" target=\"_blank\" rel=\"noopener\"><\/a><a class=\"a2a_button_twitter\" href=\"https:\/\/www.addtoany.com\/add_to\/twitter?linkurl=https%3A%2F%2Fgioia.lavocedelpaese.info%2Findex.php%2F2023%2F08%2F15%2Faggressione-in-via-ricciotto-canudo-gli-aggiornamenti%2F&amp;linkname=Aggressione%20in%20via%20Ricciotto%20Canudo.%20Gli%20aggiornamenti\" title=\"Twitter\" target=\"_blank\" rel=\"noopener\"><\/a><a class=\"a2a_button_whatsapp\" href=\"https:\/\/www.addtoany.com\/add_to\/whatsapp?linkurl=https%3A%2F%2Fgioia.lavocedelpaese.info%2Findex.php%2F2023%2F08%2F15%2Faggressione-in-via-ricciotto-canudo-gli-aggiornamenti%2F&amp;linkname=Aggressione%20in%20via%20Ricciotto%20Canudo.%20Gli%20aggiornamenti\" title=\"WhatsApp\" target=\"_blank\" rel=\"noopener\"><\/a><a class=\"a2a_button_telegram\" href=\"https:\/\/www.addtoany.com\/add_to\/telegram?linkurl=https%3A%2F%2Fgioia.lavocedelpaese.info%2Findex.php%2F2023%2F08%2F15%2Faggressione-in-via-ricciotto-canudo-gli-aggiornamenti%2F&amp;linkname=Aggressione%20in%20via%20Ricciotto%20Canudo.%20Gli%20aggiornamenti\" title=\"Telegram\" target=\"_blank\" rel=\"noopener\"><\/a><a class=\"a2a_button_email\" href=\"https:\/\/www.addtoany.com\/add_to\/email?linkurl=https%3A%2F%2Fgioia.lavocedelpaese.info%2Findex.php%2F2023%2F08%2F15%2Faggressione-in-via-ricciotto-canudo-gli-aggiornamenti%2F&amp;linkname=Aggressione%20in%20via%20Ricciotto%20Canudo.%20Gli%20aggiornamenti\" title=\"Email\" target=\"_blank\" rel=\"noopener\"><\/a><\/p>\n<p>\u00a0<\/p>\n<p><a class=\"a2a_button_facebook\" href=\"https:\/\/www.addtoany.com\/add_to\/facebook?linkurl=https%3A%2F%2Flavocedelpaese.info%2Findex.php%2F2023%2F08%2F15%2Faggressione-in-via-ricciotto-canudo-gli-aggiornamenti%2F&amp;linkname=Aggressione%20in%20via%20Ricciotto%20Canudo.%20Gli%20aggiornamenti\" title=\"Facebook\" target=\"_blank\" rel=\"noopener\"><\/a><a class=\"a2a_button_twitter\" href=\"https:\/\/www.addtoany.com\/add_to\/twitter?linkurl=https%3A%2F%2Flavocedelpaese.info%2Findex.php%2F2023%2F08%2F15%2Faggressione-in-via-ricciotto-canudo-gli-aggiornamenti%2F&amp;linkname=Aggressione%20in%20via%20Ricciotto%20Canudo.%20Gli%20aggiornamenti\" title=\"Twitter\" target=\"_blank\" rel=\"noopener\"><\/a><a class=\"a2a_button_whatsapp\" href=\"https:\/\/www.addtoany.com\/add_to\/whatsapp?linkurl=https%3A%2F%2Flavocedelpaese.info%2Findex.php%2F2023%2F08%2F15%2Faggressione-in-via-ricciotto-canudo-gli-aggiornamenti%2F&amp;linkname=Aggressione%20in%20via%20Ricciotto%20Canudo.%20Gli%20aggiornamenti\" title=\"WhatsApp\" target=\"_blank\" rel=\"noopener\"><\/a><a class=\"a2a_button_telegram\" href=\"https:\/\/www.addtoany.com\/add_to\/telegram?linkurl=https%3A%2F%2Flavocedelpaese.info%2Findex.php%2F2023%2F08%2F15%2Faggressione-in-via-ricciotto-canudo-gli-aggiornamenti%2F&amp;linkname=Aggressione%20in%20via%20Ricciotto%20Canudo.%20Gli%20aggiornamenti\" title=\"Telegram\" target=\"_blank\" rel=\"noopener\"><\/a><a class=\"a2a_button_email\" href=\"https:\/\/www.addtoany.com\/add_to\/email?linkurl=https%3A%2F%2Flavocedelpaese.info%2Findex.php%2F2023%2F08%2F15%2Faggressione-in-via-ricciotto-canudo-gli-aggiornamenti%2F&amp;linkname=Aggressione%20in%20via%20Ricciotto%20Canudo.%20Gli%20aggiornamenti\" title=\"Email\" target=\"_blank\" rel=\"noopener\"><\/a><\/p>\n<p>\u00a0<\/p>","protected":false},"excerpt":{"rendered":"<p>\u00a0 \u200b\u00a0 \u200bGioia \u2013 La Voce del Paese\u00a0 Dopo l\u2019intervento della Polizia Locale \u00e8 arrivata una ambulanza del 118 per<\/p>\n","protected":false},"author":0,"featured_media":0,"comment_status":"open","ping_status":"closed","sticky":false,"template":"","format":"standard","meta":{"colormag_page_container_layout":"default_layout","colormag_page_sidebar_layout":"default_layout","_monsterinsights_skip_tracking":false,"_monsterinsights_sitenote_active":false,"_monsterinsights_sitenote_note":"","_monsterinsights_sitenote_category":0,"footnotes":""},"categories":[7],"tags":[],"class_list":["post-5266","post","type-post","status-publish","format-standard","hentry","category-regione"],"_links":{"self":[{"href":"https:\/\/casamassima.lavocedelpaese.info\/index.php\/wp-json\/wp\/v2\/posts\/5266","targetHints":{"allow":["GET"]}}],"collection":[{"href":"https:\/\/casamassima.lavocedelpaese.info\/index.php\/wp-json\/wp\/v2\/posts"}],"about":[{"href":"https:\/\/casamassima.lavocedelpaese.info\/index.php\/wp-json\/wp\/v2\/types\/post"}],"replies":[{"embeddable":true,"href":"https:\/\/casamassima.lavocedelpaese.info\/index.php\/wp-json\/wp\/v2\/comments?post=5266"}],"version-history":[{"count":0,"href":"https:\/\/casamassima.lavocedelpaese.info\/index.php\/wp-json\/wp\/v2\/posts\/5266\/revisions"}],"wp:attachment":[{"href":"https:\/\/casamassima.lavocedelpaese.info\/index.php\/wp-json\/wp\/v2\/media?parent=5266"}],"wp:term":[{"taxonomy":"category","embeddable":true,"href":"https:\/\/casamassima.lavocedelpaese.info\/index.php\/wp-json\/wp\/v2\/categories?post=5266"},{"taxonomy":"post_tag","embeddable":true,"href":"https:\/\/casamassima.lavocedelpaese.info\/index.php\/wp-json\/wp\/v2\/tags?post=5266"}],"curies":[{"name":"wp","href":"https:\/\/api.w.org\/{rel}","templated":true}]}}