{"id":5196,"date":"2023-08-13T08:30:21","date_gmt":"2023-08-13T08:30:21","guid":{"rendered":"https:\/\/casamassima.lavocedelpaese.info\/index.php\/2023\/08\/13\/lassunta-e-san-rocco-i-programmi-delle-feste\/"},"modified":"2023-08-13T08:30:21","modified_gmt":"2023-08-13T08:30:21","slug":"lassunta-e-san-rocco-i-programmi-delle-feste","status":"publish","type":"post","link":"https:\/\/casamassima.lavocedelpaese.info\/index.php\/2023\/08\/13\/lassunta-e-san-rocco-i-programmi-delle-feste\/","title":{"rendered":"L\u2019Assunta e San Rocco: i programmi delle Feste"},"content":{"rendered":"<p>\u00a0<\/p>\n<p>\u200b\u00a0<\/p>\n<p>\u200bCassano \u2013 La Voce del Paese\u00a0<\/p>\n<p>Due giorni di festeggiamenti a Cassano delle Murge\u00a0<strong>il 15 e 16 agosto<\/strong>: la Chiesa Cattolica, infatti, celebra l\u2019Assunzione al cielo di Maria, Madre di Ges\u00f9 e la memoria di San Rocco da Montpellier, una delle figure pi\u00f9 carismatiche e potenti della cristianit\u00e0.<\/p>\n<p><strong>Luned\u00ec 15 agosto<\/strong>\u00a0si celebra la titolare della Chiesa Madre, Santa Maria Assunta, dedicata con questo titolo a Maria sin dalla sua fondazione, anteriore all\u2019anno 1100.<\/p>\n<p>Oltre alle consuete celebrazioni eucaristiche nel corso della giornata, secondo l\u2019orario domenicale ( ovvero: ore 8.00 \u2013 10.00 \u2013 11.30) sul sagrato della Chiesa alle ore 19.00 si terr\u00e0 la preghiera del Santo Rosario ed a seguire la Santa Messa.<\/p>\n<p>Alle ore 21.00, sempre in piazza, la proiezione de film \u201cNon ci resta che vincere\u201d, pellicola sulla disabilit\u00e0 che diventa punto di forza per un gruppo di amici, aperti ad ogni sfida.<\/p>\n<p>In piazza anche stand gastronomici.<\/p>\n<p><strong>Marted\u00ec 16 agosto<\/strong>\u00a0\u00e8 la festa di San Rocco, culto profondamente sentito anche nella comunit\u00e0 cassanese che al\u00a0<a href=\"https:\/\/it.wikipedia.org\/wiki\/San_Rocco\" target=\"_blank\" rel=\"noopener\">santo taumaturgo di origine francese<\/a>\u00a0ha dedicato una delle pi\u00f9 antiche chiese del centro storico, aperta e visitabile per tutta la giornata dopo i recenti restauri.<\/p>\n<p>Il programma prevede:<\/p>\n<p>alle ore 8.30 fuochi \u201cDiana\u201d a cura della ditta \u201cPonte Celestino\u201d di Ruvo di Puglia<\/p>\n<p>giro di Banda della Associazione Musicale \u201cSanta Maria degli Angeli\u201d<\/p>\n<p>alle ore 18.30 la celebrazione del Santo Rosario sul sagrato della Chiesa Madre<\/p>\n<p>alle ore 19,00 la celebrazione della Santa Messa\u00a0<\/p>\n<p>al termine la processione per le vie del paese seguendo il clasico itinerario:<\/p>\n<p>Piazza Moro<\/p>\n<p>Via Chimienti<\/p>\n<p>Via L. Cadorna<\/p>\n<p>Via Gramsci<\/p>\n<p>Piazza Dante<\/p>\n<p>Via Vittorio Veneto<\/p>\n<p>Piazza Garibaldi<\/p>\n<p>Via L. Cadorna<\/p>\n<p>Via C. Chimienti per poi tornare a Piazza Moro.<\/p>\n<p><a class=\"a2a_button_facebook\" href=\"https:\/\/www.addtoany.com\/add_to\/facebook?linkurl=https%3A%2F%2Fcassano.lavocedelpaese.info%2Findex.php%2F2023%2F08%2F13%2Flassunta-e-san-rocco-i-programmi-delle-feste%2F&amp;linkname=L%E2%80%99Assunta%20e%20San%20Rocco%3A%20i%20programmi%20delle%20Feste\" title=\"Facebook\" target=\"_blank\" rel=\"noopener\"><\/a><a class=\"a2a_button_twitter\" href=\"https:\/\/www.addtoany.com\/add_to\/twitter?linkurl=https%3A%2F%2Fcassano.lavocedelpaese.info%2Findex.php%2F2023%2F08%2F13%2Flassunta-e-san-rocco-i-programmi-delle-feste%2F&amp;linkname=L%E2%80%99Assunta%20e%20San%20Rocco%3A%20i%20programmi%20delle%20Feste\" title=\"Twitter\" target=\"_blank\" rel=\"noopener\"><\/a><a class=\"a2a_button_whatsapp\" href=\"https:\/\/www.addtoany.com\/add_to\/whatsapp?linkurl=https%3A%2F%2Fcassano.lavocedelpaese.info%2Findex.php%2F2023%2F08%2F13%2Flassunta-e-san-rocco-i-programmi-delle-feste%2F&amp;linkname=L%E2%80%99Assunta%20e%20San%20Rocco%3A%20i%20programmi%20delle%20Feste\" title=\"WhatsApp\" target=\"_blank\" rel=\"noopener\"><\/a><a class=\"a2a_button_telegram\" href=\"https:\/\/www.addtoany.com\/add_to\/telegram?linkurl=https%3A%2F%2Fcassano.lavocedelpaese.info%2Findex.php%2F2023%2F08%2F13%2Flassunta-e-san-rocco-i-programmi-delle-feste%2F&amp;linkname=L%E2%80%99Assunta%20e%20San%20Rocco%3A%20i%20programmi%20delle%20Feste\" title=\"Telegram\" target=\"_blank\" rel=\"noopener\"><\/a><a class=\"a2a_button_email\" href=\"https:\/\/www.addtoany.com\/add_to\/email?linkurl=https%3A%2F%2Fcassano.lavocedelpaese.info%2Findex.php%2F2023%2F08%2F13%2Flassunta-e-san-rocco-i-programmi-delle-feste%2F&amp;linkname=L%E2%80%99Assunta%20e%20San%20Rocco%3A%20i%20programmi%20delle%20Feste\" title=\"Email\" target=\"_blank\" rel=\"noopener\"><\/a><\/p>\n<p>\u00a0<\/p>\n<p><a class=\"a2a_button_facebook\" href=\"https:\/\/www.addtoany.com\/add_to\/facebook?linkurl=https%3A%2F%2Flavocedelpaese.info%2Findex.php%2F2023%2F08%2F13%2Flassunta-e-san-rocco-i-programmi-delle-feste%2F&amp;linkname=L%E2%80%99Assunta%20e%20San%20Rocco%3A%20i%20programmi%20delle%20Feste\" title=\"Facebook\" target=\"_blank\" rel=\"noopener\"><\/a><a class=\"a2a_button_twitter\" href=\"https:\/\/www.addtoany.com\/add_to\/twitter?linkurl=https%3A%2F%2Flavocedelpaese.info%2Findex.php%2F2023%2F08%2F13%2Flassunta-e-san-rocco-i-programmi-delle-feste%2F&amp;linkname=L%E2%80%99Assunta%20e%20San%20Rocco%3A%20i%20programmi%20delle%20Feste\" title=\"Twitter\" target=\"_blank\" rel=\"noopener\"><\/a><a class=\"a2a_button_whatsapp\" href=\"https:\/\/www.addtoany.com\/add_to\/whatsapp?linkurl=https%3A%2F%2Flavocedelpaese.info%2Findex.php%2F2023%2F08%2F13%2Flassunta-e-san-rocco-i-programmi-delle-feste%2F&amp;linkname=L%E2%80%99Assunta%20e%20San%20Rocco%3A%20i%20programmi%20delle%20Feste\" title=\"WhatsApp\" target=\"_blank\" rel=\"noopener\"><\/a><a class=\"a2a_button_telegram\" href=\"https:\/\/www.addtoany.com\/add_to\/telegram?linkurl=https%3A%2F%2Flavocedelpaese.info%2Findex.php%2F2023%2F08%2F13%2Flassunta-e-san-rocco-i-programmi-delle-feste%2F&amp;linkname=L%E2%80%99Assunta%20e%20San%20Rocco%3A%20i%20programmi%20delle%20Feste\" title=\"Telegram\" target=\"_blank\" rel=\"noopener\"><\/a><a class=\"a2a_button_email\" href=\"https:\/\/www.addtoany.com\/add_to\/email?linkurl=https%3A%2F%2Flavocedelpaese.info%2Findex.php%2F2023%2F08%2F13%2Flassunta-e-san-rocco-i-programmi-delle-feste%2F&amp;linkname=L%E2%80%99Assunta%20e%20San%20Rocco%3A%20i%20programmi%20delle%20Feste\" title=\"Email\" target=\"_blank\" rel=\"noopener\"><\/a><\/p>\n<p>\u00a0<\/p>","protected":false},"excerpt":{"rendered":"<p>\u00a0 \u200b\u00a0 \u200bCassano \u2013 La Voce del Paese\u00a0 Due giorni di festeggiamenti a Cassano delle Murge\u00a0il 15 e 16 agosto:<\/p>\n","protected":false},"author":0,"featured_media":0,"comment_status":"open","ping_status":"closed","sticky":false,"template":"","format":"standard","meta":{"colormag_page_container_layout":"default_layout","colormag_page_sidebar_layout":"default_layout","_monsterinsights_skip_tracking":false,"_monsterinsights_sitenote_active":false,"_monsterinsights_sitenote_note":"","_monsterinsights_sitenote_category":0,"footnotes":""},"categories":[7],"tags":[],"class_list":["post-5196","post","type-post","status-publish","format-standard","hentry","category-regione"],"_links":{"self":[{"href":"https:\/\/casamassima.lavocedelpaese.info\/index.php\/wp-json\/wp\/v2\/posts\/5196","targetHints":{"allow":["GET"]}}],"collection":[{"href":"https:\/\/casamassima.lavocedelpaese.info\/index.php\/wp-json\/wp\/v2\/posts"}],"about":[{"href":"https:\/\/casamassima.lavocedelpaese.info\/index.php\/wp-json\/wp\/v2\/types\/post"}],"replies":[{"embeddable":true,"href":"https:\/\/casamassima.lavocedelpaese.info\/index.php\/wp-json\/wp\/v2\/comments?post=5196"}],"version-history":[{"count":0,"href":"https:\/\/casamassima.lavocedelpaese.info\/index.php\/wp-json\/wp\/v2\/posts\/5196\/revisions"}],"wp:attachment":[{"href":"https:\/\/casamassima.lavocedelpaese.info\/index.php\/wp-json\/wp\/v2\/media?parent=5196"}],"wp:term":[{"taxonomy":"category","embeddable":true,"href":"https:\/\/casamassima.lavocedelpaese.info\/index.php\/wp-json\/wp\/v2\/categories?post=5196"},{"taxonomy":"post_tag","embeddable":true,"href":"https:\/\/casamassima.lavocedelpaese.info\/index.php\/wp-json\/wp\/v2\/tags?post=5196"}],"curies":[{"name":"wp","href":"https:\/\/api.w.org\/{rel}","templated":true}]}}