{"id":5180,"date":"2023-08-12T16:31:14","date_gmt":"2023-08-12T16:31:14","guid":{"rendered":"https:\/\/casamassima.lavocedelpaese.info\/index.php\/2023\/08\/12\/notte-a-colori-shopping-street-fest-il-14-agosto-5\/"},"modified":"2023-08-12T16:31:14","modified_gmt":"2023-08-12T16:31:14","slug":"notte-a-colori-shopping-street-fest-il-14-agosto-5","status":"publish","type":"post","link":"https:\/\/casamassima.lavocedelpaese.info\/index.php\/2023\/08\/12\/notte-a-colori-shopping-street-fest-il-14-agosto-5\/","title":{"rendered":"\u201cNotte a colori\u201d. Shopping &amp; Street Fest il 14 agosto"},"content":{"rendered":"<p>\u00a0<\/p>\n<p>\u200b\u00a0<\/p>\n<p>\u200bGioia \u2013 La Voce del Paese\u00a0<\/p>\n<p>La prossima notte del <strong>14 agosto 2023<\/strong> per la citt\u00e0 di <strong>Castellaneta<\/strong> sar\u00e0 una <strong>Notte a Colori<\/strong>, la nuova festa dello shopping e dell\u2019arte di strada organizzata dall\u2019assessorati alla Cultura e Commercio del Comune di Castellaneta, con la direzione artistica della CISO Eventi.<\/p>\n<p>Shopping e street fest \u00e8 una festa delle attivit\u00e0 commerciali e produttive della citt\u00e0 di Castellaneta che, <strong>dalle ore 18:30 fino alle 2:00 del mattino seguente<\/strong>, offrir\u00e0 grandi occasioni d\u2019acquisto e affari unici, con prezzi scontatissimi in tutti i negozi e stand allestiti per l\u2019occasione.<\/p>\n<p>La <strong>Notte a Colori<\/strong> \u00e8 una delle serate evento di \u201cColoriamo Castellaneta &amp; Marina\u201c, cartellone estivo del Comune di Castellaneta: si svolger\u00e0 nella centralissima via Roma e nelle strade e piazze limitrofe, con <strong>animazione di artisti di strada, street band e tanto altro<\/strong>: uno degli ospiti della serata \u00e8 <strong>il violinista\u00a0Francesco\u00a0Greco<\/strong>.<\/p>\n<p><strong>Via Roma sar\u00e0 illuminata a festa<\/strong>, come se fosse la festa patronale, con coloratissime luminarie della premiata ditta leccese Illuminal\u2019Art da Strud\u00e0-Vernole ma stavolta sar\u00e0 <strong>la festa dei numerosi turisti e visitatori della citt\u00e0 di Castellaneta<\/strong> che, per una sera, saranno <strong>accolti nelle coloratissime vie<\/strong> del centro di Castellaneta con <strong>stand gastronomici e mercatino dell\u2019antiquariato<\/strong>.<strong>Gigante<\/strong><strong>Comunicazione<\/strong><\/p>\n<p><a class=\"a2a_button_facebook\" href=\"https:\/\/www.addtoany.com\/add_to\/facebook?linkurl=https%3A%2F%2Fgioia.lavocedelpaese.info%2Findex.php%2F2023%2F08%2F12%2Fnotte-a-colori-shopping-street-fest-il-14-agosto%2F&amp;linkname=%E2%80%9CNotte%20a%20colori%E2%80%9D.%20Shopping%20%26%20Street%20Fest%20il%2014%20agosto\" title=\"Facebook\" target=\"_blank\" rel=\"noopener\"><\/a><a class=\"a2a_button_twitter\" href=\"https:\/\/www.addtoany.com\/add_to\/twitter?linkurl=https%3A%2F%2Fgioia.lavocedelpaese.info%2Findex.php%2F2023%2F08%2F12%2Fnotte-a-colori-shopping-street-fest-il-14-agosto%2F&amp;linkname=%E2%80%9CNotte%20a%20colori%E2%80%9D.%20Shopping%20%26%20Street%20Fest%20il%2014%20agosto\" title=\"Twitter\" target=\"_blank\" rel=\"noopener\"><\/a><a class=\"a2a_button_whatsapp\" href=\"https:\/\/www.addtoany.com\/add_to\/whatsapp?linkurl=https%3A%2F%2Fgioia.lavocedelpaese.info%2Findex.php%2F2023%2F08%2F12%2Fnotte-a-colori-shopping-street-fest-il-14-agosto%2F&amp;linkname=%E2%80%9CNotte%20a%20colori%E2%80%9D.%20Shopping%20%26%20Street%20Fest%20il%2014%20agosto\" title=\"WhatsApp\" target=\"_blank\" rel=\"noopener\"><\/a><a class=\"a2a_button_telegram\" href=\"https:\/\/www.addtoany.com\/add_to\/telegram?linkurl=https%3A%2F%2Fgioia.lavocedelpaese.info%2Findex.php%2F2023%2F08%2F12%2Fnotte-a-colori-shopping-street-fest-il-14-agosto%2F&amp;linkname=%E2%80%9CNotte%20a%20colori%E2%80%9D.%20Shopping%20%26%20Street%20Fest%20il%2014%20agosto\" title=\"Telegram\" target=\"_blank\" rel=\"noopener\"><\/a><a class=\"a2a_button_email\" href=\"https:\/\/www.addtoany.com\/add_to\/email?linkurl=https%3A%2F%2Fgioia.lavocedelpaese.info%2Findex.php%2F2023%2F08%2F12%2Fnotte-a-colori-shopping-street-fest-il-14-agosto%2F&amp;linkname=%E2%80%9CNotte%20a%20colori%E2%80%9D.%20Shopping%20%26%20Street%20Fest%20il%2014%20agosto\" title=\"Email\" target=\"_blank\" rel=\"noopener\"><\/a><\/p>\n<p>\u00a0<\/p>\n<p><a class=\"a2a_button_facebook\" href=\"https:\/\/www.addtoany.com\/add_to\/facebook?linkurl=https%3A%2F%2Flavocedelpaese.info%2Findex.php%2F2023%2F08%2F12%2Fnotte-a-colori-shopping-street-fest-il-14-agosto%2F&amp;linkname=%E2%80%9CNotte%20a%20colori%E2%80%9D.%20Shopping%20%26%20Street%20Fest%20il%2014%20agosto\" title=\"Facebook\" target=\"_blank\" rel=\"noopener\"><\/a><a class=\"a2a_button_twitter\" href=\"https:\/\/www.addtoany.com\/add_to\/twitter?linkurl=https%3A%2F%2Flavocedelpaese.info%2Findex.php%2F2023%2F08%2F12%2Fnotte-a-colori-shopping-street-fest-il-14-agosto%2F&amp;linkname=%E2%80%9CNotte%20a%20colori%E2%80%9D.%20Shopping%20%26%20Street%20Fest%20il%2014%20agosto\" title=\"Twitter\" target=\"_blank\" rel=\"noopener\"><\/a><a class=\"a2a_button_whatsapp\" href=\"https:\/\/www.addtoany.com\/add_to\/whatsapp?linkurl=https%3A%2F%2Flavocedelpaese.info%2Findex.php%2F2023%2F08%2F12%2Fnotte-a-colori-shopping-street-fest-il-14-agosto%2F&amp;linkname=%E2%80%9CNotte%20a%20colori%E2%80%9D.%20Shopping%20%26%20Street%20Fest%20il%2014%20agosto\" title=\"WhatsApp\" target=\"_blank\" rel=\"noopener\"><\/a><a class=\"a2a_button_telegram\" href=\"https:\/\/www.addtoany.com\/add_to\/telegram?linkurl=https%3A%2F%2Flavocedelpaese.info%2Findex.php%2F2023%2F08%2F12%2Fnotte-a-colori-shopping-street-fest-il-14-agosto%2F&amp;linkname=%E2%80%9CNotte%20a%20colori%E2%80%9D.%20Shopping%20%26%20Street%20Fest%20il%2014%20agosto\" title=\"Telegram\" target=\"_blank\" rel=\"noopener\"><\/a><a class=\"a2a_button_email\" href=\"https:\/\/www.addtoany.com\/add_to\/email?linkurl=https%3A%2F%2Flavocedelpaese.info%2Findex.php%2F2023%2F08%2F12%2Fnotte-a-colori-shopping-street-fest-il-14-agosto%2F&amp;linkname=%E2%80%9CNotte%20a%20colori%E2%80%9D.%20Shopping%20%26%20Street%20Fest%20il%2014%20agosto\" title=\"Email\" target=\"_blank\" rel=\"noopener\"><\/a><\/p>\n<p>\u00a0<\/p>","protected":false},"excerpt":{"rendered":"<p>\u00a0 \u200b\u00a0 \u200bGioia \u2013 La Voce del Paese\u00a0 La prossima notte del 14 agosto 2023 per la citt\u00e0 di Castellaneta<\/p>\n","protected":false},"author":0,"featured_media":0,"comment_status":"open","ping_status":"closed","sticky":false,"template":"","format":"standard","meta":{"colormag_page_container_layout":"default_layout","colormag_page_sidebar_layout":"default_layout","_monsterinsights_skip_tracking":false,"_monsterinsights_sitenote_active":false,"_monsterinsights_sitenote_note":"","_monsterinsights_sitenote_category":0,"footnotes":""},"categories":[7],"tags":[],"class_list":["post-5180","post","type-post","status-publish","format-standard","hentry","category-regione"],"_links":{"self":[{"href":"https:\/\/casamassima.lavocedelpaese.info\/index.php\/wp-json\/wp\/v2\/posts\/5180","targetHints":{"allow":["GET"]}}],"collection":[{"href":"https:\/\/casamassima.lavocedelpaese.info\/index.php\/wp-json\/wp\/v2\/posts"}],"about":[{"href":"https:\/\/casamassima.lavocedelpaese.info\/index.php\/wp-json\/wp\/v2\/types\/post"}],"replies":[{"embeddable":true,"href":"https:\/\/casamassima.lavocedelpaese.info\/index.php\/wp-json\/wp\/v2\/comments?post=5180"}],"version-history":[{"count":0,"href":"https:\/\/casamassima.lavocedelpaese.info\/index.php\/wp-json\/wp\/v2\/posts\/5180\/revisions"}],"wp:attachment":[{"href":"https:\/\/casamassima.lavocedelpaese.info\/index.php\/wp-json\/wp\/v2\/media?parent=5180"}],"wp:term":[{"taxonomy":"category","embeddable":true,"href":"https:\/\/casamassima.lavocedelpaese.info\/index.php\/wp-json\/wp\/v2\/categories?post=5180"},{"taxonomy":"post_tag","embeddable":true,"href":"https:\/\/casamassima.lavocedelpaese.info\/index.php\/wp-json\/wp\/v2\/tags?post=5180"}],"curies":[{"name":"wp","href":"https:\/\/api.w.org\/{rel}","templated":true}]}}