{"id":5123,"date":"2023-08-10T07:28:46","date_gmt":"2023-08-10T07:28:46","guid":{"rendered":"https:\/\/casamassima.lavocedelpaese.info\/index.php\/2023\/08\/10\/cassano-e-lacqua-una-serata-al-mutec-2\/"},"modified":"2023-08-10T07:28:46","modified_gmt":"2023-08-10T07:28:46","slug":"cassano-e-lacqua-una-serata-al-mutec-2","status":"publish","type":"post","link":"https:\/\/casamassima.lavocedelpaese.info\/index.php\/2023\/08\/10\/cassano-e-lacqua-una-serata-al-mutec-2\/","title":{"rendered":"\u201cCassano e l\u2019acqua\u201d: una serata al Mutec"},"content":{"rendered":"<p>\u00a0<\/p>\n<p>\u200b\u00a0<\/p>\n<p>\u200bCassano \u2013 La Voce del Paese\u00a0<\/p>\n<p>Una serata al Museo di Cassano per parlare del rapporto tra Cassano e l\u2019acqua, <strong>il prossimo 22 agosto a partire dalle ore 19.30<\/strong>.<\/p>\n<p>Il cultore di storia locale Vito Campanale a colloquio con Peppino Castellaneta, profondo conoscitore della vita cassanese che tra aneddoti, storie e narrazioni  faranno emergere il rapporto tra il nostro territorio e l\u2019 \u201coro blu\u201d.<\/p>\n<p>L\u2019iniziativa si svolge nell\u2019ambito della Mostra \u201cLa fontana racconta\u201d organizzata dall\u2019Acquedotto Pugliese in collaborazione con il Comune di Cassano delle Murge, in corso presso il Mutec.<\/p>\n<p>L\u2019ingresso \u00e8 gratuito, ma data la ridotta capacit\u00e0 di posti, sar\u00e0 accessibile solo previa prenotazione da effettuarsi presso la sede del Museo (via Sanges) durante le aperture quotidiane, dalle ore 18:30 alle 20:30.<\/p>\n<p><a class=\"a2a_button_facebook\" href=\"https:\/\/www.addtoany.com\/add_to\/facebook?linkurl=https%3A%2F%2Fcassano.lavocedelpaese.info%2Findex.php%2F2023%2F08%2F10%2Fcassano-e-lacqua-una-serata-al-mutec%2F&amp;linkname=%E2%80%9CCassano%20e%20l%E2%80%99acqua%E2%80%9D%3A%20una%20serata%20al%20Mutec\" title=\"Facebook\" target=\"_blank\" rel=\"noopener\"><\/a><a class=\"a2a_button_twitter\" href=\"https:\/\/www.addtoany.com\/add_to\/twitter?linkurl=https%3A%2F%2Fcassano.lavocedelpaese.info%2Findex.php%2F2023%2F08%2F10%2Fcassano-e-lacqua-una-serata-al-mutec%2F&amp;linkname=%E2%80%9CCassano%20e%20l%E2%80%99acqua%E2%80%9D%3A%20una%20serata%20al%20Mutec\" title=\"Twitter\" target=\"_blank\" rel=\"noopener\"><\/a><a class=\"a2a_button_whatsapp\" href=\"https:\/\/www.addtoany.com\/add_to\/whatsapp?linkurl=https%3A%2F%2Fcassano.lavocedelpaese.info%2Findex.php%2F2023%2F08%2F10%2Fcassano-e-lacqua-una-serata-al-mutec%2F&amp;linkname=%E2%80%9CCassano%20e%20l%E2%80%99acqua%E2%80%9D%3A%20una%20serata%20al%20Mutec\" title=\"WhatsApp\" target=\"_blank\" rel=\"noopener\"><\/a><a class=\"a2a_button_telegram\" href=\"https:\/\/www.addtoany.com\/add_to\/telegram?linkurl=https%3A%2F%2Fcassano.lavocedelpaese.info%2Findex.php%2F2023%2F08%2F10%2Fcassano-e-lacqua-una-serata-al-mutec%2F&amp;linkname=%E2%80%9CCassano%20e%20l%E2%80%99acqua%E2%80%9D%3A%20una%20serata%20al%20Mutec\" title=\"Telegram\" target=\"_blank\" rel=\"noopener\"><\/a><a class=\"a2a_button_email\" href=\"https:\/\/www.addtoany.com\/add_to\/email?linkurl=https%3A%2F%2Fcassano.lavocedelpaese.info%2Findex.php%2F2023%2F08%2F10%2Fcassano-e-lacqua-una-serata-al-mutec%2F&amp;linkname=%E2%80%9CCassano%20e%20l%E2%80%99acqua%E2%80%9D%3A%20una%20serata%20al%20Mutec\" title=\"Email\" target=\"_blank\" rel=\"noopener\"><\/a><\/p>\n<p>\u00a0<\/p>\n<p><a class=\"a2a_button_facebook\" href=\"https:\/\/www.addtoany.com\/add_to\/facebook?linkurl=https%3A%2F%2Flavocedelpaese.info%2Findex.php%2F2023%2F08%2F10%2Fcassano-e-lacqua-una-serata-al-mutec%2F&amp;linkname=%E2%80%9CCassano%20e%20l%E2%80%99acqua%E2%80%9D%3A%20una%20serata%20al%20Mutec\" title=\"Facebook\" target=\"_blank\" rel=\"noopener\"><\/a><a class=\"a2a_button_twitter\" href=\"https:\/\/www.addtoany.com\/add_to\/twitter?linkurl=https%3A%2F%2Flavocedelpaese.info%2Findex.php%2F2023%2F08%2F10%2Fcassano-e-lacqua-una-serata-al-mutec%2F&amp;linkname=%E2%80%9CCassano%20e%20l%E2%80%99acqua%E2%80%9D%3A%20una%20serata%20al%20Mutec\" title=\"Twitter\" target=\"_blank\" rel=\"noopener\"><\/a><a class=\"a2a_button_whatsapp\" href=\"https:\/\/www.addtoany.com\/add_to\/whatsapp?linkurl=https%3A%2F%2Flavocedelpaese.info%2Findex.php%2F2023%2F08%2F10%2Fcassano-e-lacqua-una-serata-al-mutec%2F&amp;linkname=%E2%80%9CCassano%20e%20l%E2%80%99acqua%E2%80%9D%3A%20una%20serata%20al%20Mutec\" title=\"WhatsApp\" target=\"_blank\" rel=\"noopener\"><\/a><a class=\"a2a_button_telegram\" href=\"https:\/\/www.addtoany.com\/add_to\/telegram?linkurl=https%3A%2F%2Flavocedelpaese.info%2Findex.php%2F2023%2F08%2F10%2Fcassano-e-lacqua-una-serata-al-mutec%2F&amp;linkname=%E2%80%9CCassano%20e%20l%E2%80%99acqua%E2%80%9D%3A%20una%20serata%20al%20Mutec\" title=\"Telegram\" target=\"_blank\" rel=\"noopener\"><\/a><a class=\"a2a_button_email\" href=\"https:\/\/www.addtoany.com\/add_to\/email?linkurl=https%3A%2F%2Flavocedelpaese.info%2Findex.php%2F2023%2F08%2F10%2Fcassano-e-lacqua-una-serata-al-mutec%2F&amp;linkname=%E2%80%9CCassano%20e%20l%E2%80%99acqua%E2%80%9D%3A%20una%20serata%20al%20Mutec\" title=\"Email\" target=\"_blank\" rel=\"noopener\"><\/a><\/p>\n<p>\u00a0<\/p>","protected":false},"excerpt":{"rendered":"<p>\u00a0 \u200b\u00a0 \u200bCassano \u2013 La Voce del Paese\u00a0 Una serata al Museo di Cassano per parlare del rapporto tra Cassano<\/p>\n","protected":false},"author":0,"featured_media":0,"comment_status":"open","ping_status":"closed","sticky":false,"template":"","format":"standard","meta":{"colormag_page_container_layout":"default_layout","colormag_page_sidebar_layout":"default_layout","_monsterinsights_skip_tracking":false,"_monsterinsights_sitenote_active":false,"_monsterinsights_sitenote_note":"","_monsterinsights_sitenote_category":0,"footnotes":""},"categories":[7],"tags":[],"class_list":["post-5123","post","type-post","status-publish","format-standard","hentry","category-regione"],"_links":{"self":[{"href":"https:\/\/casamassima.lavocedelpaese.info\/index.php\/wp-json\/wp\/v2\/posts\/5123","targetHints":{"allow":["GET"]}}],"collection":[{"href":"https:\/\/casamassima.lavocedelpaese.info\/index.php\/wp-json\/wp\/v2\/posts"}],"about":[{"href":"https:\/\/casamassima.lavocedelpaese.info\/index.php\/wp-json\/wp\/v2\/types\/post"}],"replies":[{"embeddable":true,"href":"https:\/\/casamassima.lavocedelpaese.info\/index.php\/wp-json\/wp\/v2\/comments?post=5123"}],"version-history":[{"count":0,"href":"https:\/\/casamassima.lavocedelpaese.info\/index.php\/wp-json\/wp\/v2\/posts\/5123\/revisions"}],"wp:attachment":[{"href":"https:\/\/casamassima.lavocedelpaese.info\/index.php\/wp-json\/wp\/v2\/media?parent=5123"}],"wp:term":[{"taxonomy":"category","embeddable":true,"href":"https:\/\/casamassima.lavocedelpaese.info\/index.php\/wp-json\/wp\/v2\/categories?post=5123"},{"taxonomy":"post_tag","embeddable":true,"href":"https:\/\/casamassima.lavocedelpaese.info\/index.php\/wp-json\/wp\/v2\/tags?post=5123"}],"curies":[{"name":"wp","href":"https:\/\/api.w.org\/{rel}","templated":true}]}}