{"id":5020,"date":"2023-08-06T00:40:23","date_gmt":"2023-08-06T00:40:23","guid":{"rendered":"https:\/\/casamassima.lavocedelpaese.info\/index.php\/2023\/08\/06\/esodo-estivo-da-bollino-rosso-collaborazione-tra-autostrade-per-litalia-e-polizia-12\/"},"modified":"2023-08-06T00:40:23","modified_gmt":"2023-08-06T00:40:23","slug":"esodo-estivo-da-bollino-rosso-collaborazione-tra-autostrade-per-litalia-e-polizia-12","status":"publish","type":"post","link":"https:\/\/casamassima.lavocedelpaese.info\/index.php\/2023\/08\/06\/esodo-estivo-da-bollino-rosso-collaborazione-tra-autostrade-per-litalia-e-polizia-12\/","title":{"rendered":"Esodo estivo da bollino rosso. Collaborazione tra Autostrade per l\u2019Italia e Polizia"},"content":{"rendered":"<p>\u00a0<\/p>\n<p>\u200b\u00a0<\/p>\n<p>\u200bGioia \u2013 La Voce del Paese\u00a0<\/p>\n<p>\u201cAl via il secondo fine settimana di grandi partenze per l\u2019esodo estivo\u00a0con spostamenti di breve e lunga percorrenza lungo la rete stradale di competenza\u00a0Anas (Societ\u00e0 del Polo infrastrutture del Gruppo FS Italiane).\u00a0<a href=\"https:\/\/www.piacenza24.eu\/esodo-estivo-polizia-stradale\/\">Viabilit\u00e0 <\/a>Italia prevede bollino rosso (traffico intenso con possibili criticit\u00e0) nel pomeriggio di oggi 5 agosto e per l\u2019intera giornata di domenica 6 agosto.<strong><\/strong><\/p>\n<p><strong>Per questo motivo Autostrade per l\u2019Italia e Polizia di Stato<\/strong>\u00a0hanno dato vita a una collaborazione attraverso<strong>\u00a0iniziative per sensibilizzare i viaggiatori<\/strong>\u00a0sulla sicurezza stradale e promuovere comportamenti corretti alla guida.<\/p>\n<p>A partire da oggi sabato 5 agosto e durante altri due weekend del mese (12-26 agosto), nelle principali aree di servizio della rete autostradale, i poliziotti della Polizia Stradale forniranno consigli sulla guida sicura e informazioni utili sulle condizioni di viabilit\u00e0\u00a0in tempo reale; il personale di Aspi e Anpas offriranno agli utenti in transito servizi di caring, anche grazie alla presenza di un\u2019ambulanza con volontari a bordo.<\/p>\n<p><strong>Un viaggio informato\u00a0<\/strong><\/p>\n<p>Per un viaggio informato le notizie su esodo estivo e viabilit\u00e0 sono disponibili ai link\u00a0<a href=\"https:\/\/www.stradeanas.it\/it\/esodoestivo\" target=\"_blank\" rel=\"noopener\">https:\/\/www.stradeanas.it\/it\/esodoestivo<\/a>\u00a0e \u00a0<a href=\"http:\/\/www.stradeanas.it\/infotraffico\" target=\"_blank\" rel=\"noopener\">www.stradeanas.it\/infotraffico<\/a>\u00a0e attraverso i canali social corporate (<a href=\"http:\/\/facebook.com\/stradeanas\" target=\"_blank\" rel=\"noopener\">Facebook.com\/stradeanas<\/a>\u00a0e gli account\u00a0<strong>Twitter @stradeanas, @VAIstradeanas\u00a0<\/strong>e\u00a0<strong>@clientiAnas<\/strong>) seguendo l\u2019hashtag\u00a0<strong>#esodoestivo2023<\/strong>.\u00a0<\/p>\n<p><strong>Le informazioni sul traffico sono inoltre disponibili sui seguenti canali\u00a0<\/strong><\/p>\n<p><strong>\u2013 VAI\u00a0<\/strong>(Viabilit\u00e0 Anas Integrata) all\u2019indirizzo\u00a0<a href=\"http:\/\/www.stradeanas.it\/info-viabilit%C3%A0\/vai\" target=\"_blank\" rel=\"noopener\">www.stradeanas.it\/info-viabilit\u00e0\/vai<\/a>;\u00a0<\/p>\n<p><strong>\u2013 APP \u201cVAI<\/strong>\u201d di Anas, scaricabile gratuitamente in \u201cApp store\u201d e in \u201cPlay store\u201d;\u00a0<\/p>\n<p><strong>\u2013<\/strong>\u00a0<strong>CCISS<\/strong>\u00a0Viaggiare Informati del Ministero delle Infrastrutture al quale Anas partecipa attivamente con risorse dedicate e dati sul traffico;\u00a0<\/p>\n<p><strong>\u2013<\/strong>\u00a0<strong>Numero verde\u00a0Pronto Anas\u00a0800.841.148<\/strong>\u00a0del Servizio Clienti Anas per parlare con un operatore\u00a0<strong>h24<\/strong>\u00a0e avere informazioni sulla viabilit\u00e0 in tempo reale. Inoltre, digitando il tasto 5 si pu\u00f2 avere una panoramica sullo stato del traffico sulla rete con la posizione dei cantieri, con il tasto 0 \u00e8 disponibile la situazione previsionale del fine settimana.\u00a0<\/p>\n<p><strong>\u2013\u00a0Live Chat del Servizio Clienti\u00a0<\/strong>all\u2019indirizzo\u00a0<a href=\"http:\/\/www.stradeanas.it\/\" target=\"_blank\" rel=\"noopener\">www.stradeanas.it<\/a>\u00a0per parlare con un operatore\u00a0dal luned\u00ec al venerd\u00ec\u00a0<strong>dalle 8.00 alle 20.00\u00a0<\/strong>e avere anche informazioni sulla viabilit\u00e0 in tempo reale e sui cantieri inamovibili.\u00a0<\/p>\n<p>Bollettini di viabilit\u00e0 sono trasmessi su Tgcom24 e sulle radio partner di Anas: Rai Isoradio, Radio Italia (nazionale).\u00a0<\/p>\n<p><strong>Strade e mare sicuri grazie all\u2019intesa tra Anas e Guardia Costiera<\/strong>. Anche quest\u2019anno la campagna di sicurezza rivolta a segnalare le emergenze in mare \u00e8 condivisa da Anas attraverso i pannelli elettronici a messaggio variabile presenti sulla rete stradale italiana e sui canali social istituzionali dell\u2019azienda.\u00a0 Il claim che verr\u00e0 diffuso \u00e8:\u00a0<strong>\u201cPer emergenze in mare chiama la Guardia Costiera\u201d. <\/strong>Anas,\u00a0societ\u00e0 del Polo infrastrutture del Gruppo FS Italiane,\u00a0ricorda le campagne di prevenzione per la sicurezza stradale \u201cQuando guidi, Guida e Basta\u201d, per il rischio incendi \u201cLa strada non \u00e8 un posacenere\u201d e contro l\u2019abbandono degli animali sulle strade #AmamieBasta\u201d.<\/p>\n<p><a class=\"a2a_button_facebook\" href=\"https:\/\/www.addtoany.com\/add_to\/facebook?linkurl=https%3A%2F%2Fgioia.lavocedelpaese.info%2Findex.php%2F2023%2F08%2F05%2Fesodo-estivo-da-bollino-rosso-collaborazione-tra-autostrade-per-litalia-e-polizia%2F&amp;linkname=Esodo%20estivo%20da%20bollino%20rosso.%20Collaborazione%20tra%20Autostrade%20per%20l%E2%80%99Italia%20e%20Polizia\" title=\"Facebook\" target=\"_blank\" rel=\"noopener\"><\/a><a class=\"a2a_button_twitter\" href=\"https:\/\/www.addtoany.com\/add_to\/twitter?linkurl=https%3A%2F%2Fgioia.lavocedelpaese.info%2Findex.php%2F2023%2F08%2F05%2Fesodo-estivo-da-bollino-rosso-collaborazione-tra-autostrade-per-litalia-e-polizia%2F&amp;linkname=Esodo%20estivo%20da%20bollino%20rosso.%20Collaborazione%20tra%20Autostrade%20per%20l%E2%80%99Italia%20e%20Polizia\" title=\"Twitter\" target=\"_blank\" rel=\"noopener\"><\/a><a class=\"a2a_button_whatsapp\" href=\"https:\/\/www.addtoany.com\/add_to\/whatsapp?linkurl=https%3A%2F%2Fgioia.lavocedelpaese.info%2Findex.php%2F2023%2F08%2F05%2Fesodo-estivo-da-bollino-rosso-collaborazione-tra-autostrade-per-litalia-e-polizia%2F&amp;linkname=Esodo%20estivo%20da%20bollino%20rosso.%20Collaborazione%20tra%20Autostrade%20per%20l%E2%80%99Italia%20e%20Polizia\" title=\"WhatsApp\" target=\"_blank\" rel=\"noopener\"><\/a><a class=\"a2a_button_telegram\" href=\"https:\/\/www.addtoany.com\/add_to\/telegram?linkurl=https%3A%2F%2Fgioia.lavocedelpaese.info%2Findex.php%2F2023%2F08%2F05%2Fesodo-estivo-da-bollino-rosso-collaborazione-tra-autostrade-per-litalia-e-polizia%2F&amp;linkname=Esodo%20estivo%20da%20bollino%20rosso.%20Collaborazione%20tra%20Autostrade%20per%20l%E2%80%99Italia%20e%20Polizia\" title=\"Telegram\" target=\"_blank\" rel=\"noopener\"><\/a><a class=\"a2a_button_email\" href=\"https:\/\/www.addtoany.com\/add_to\/email?linkurl=https%3A%2F%2Fgioia.lavocedelpaese.info%2Findex.php%2F2023%2F08%2F05%2Fesodo-estivo-da-bollino-rosso-collaborazione-tra-autostrade-per-litalia-e-polizia%2F&amp;linkname=Esodo%20estivo%20da%20bollino%20rosso.%20Collaborazione%20tra%20Autostrade%20per%20l%E2%80%99Italia%20e%20Polizia\" title=\"Email\" target=\"_blank\" rel=\"noopener\"><\/a><\/p>\n<p>\u00a0<\/p>\n<p><a class=\"a2a_button_facebook\" href=\"https:\/\/www.addtoany.com\/add_to\/facebook?linkurl=https%3A%2F%2Flavocedelpaese.info%2Findex.php%2F2023%2F08%2F05%2Fesodo-estivo-da-bollino-rosso-collaborazione-tra-autostrade-per-litalia-e-polizia%2F&amp;linkname=Esodo%20estivo%20da%20bollino%20rosso.%20Collaborazione%20tra%20Autostrade%20per%20l%E2%80%99Italia%20e%20Polizia\" title=\"Facebook\" target=\"_blank\" rel=\"noopener\"><\/a><a class=\"a2a_button_twitter\" href=\"https:\/\/www.addtoany.com\/add_to\/twitter?linkurl=https%3A%2F%2Flavocedelpaese.info%2Findex.php%2F2023%2F08%2F05%2Fesodo-estivo-da-bollino-rosso-collaborazione-tra-autostrade-per-litalia-e-polizia%2F&amp;linkname=Esodo%20estivo%20da%20bollino%20rosso.%20Collaborazione%20tra%20Autostrade%20per%20l%E2%80%99Italia%20e%20Polizia\" title=\"Twitter\" target=\"_blank\" rel=\"noopener\"><\/a><a class=\"a2a_button_whatsapp\" href=\"https:\/\/www.addtoany.com\/add_to\/whatsapp?linkurl=https%3A%2F%2Flavocedelpaese.info%2Findex.php%2F2023%2F08%2F05%2Fesodo-estivo-da-bollino-rosso-collaborazione-tra-autostrade-per-litalia-e-polizia%2F&amp;linkname=Esodo%20estivo%20da%20bollino%20rosso.%20Collaborazione%20tra%20Autostrade%20per%20l%E2%80%99Italia%20e%20Polizia\" title=\"WhatsApp\" target=\"_blank\" rel=\"noopener\"><\/a><a class=\"a2a_button_telegram\" href=\"https:\/\/www.addtoany.com\/add_to\/telegram?linkurl=https%3A%2F%2Flavocedelpaese.info%2Findex.php%2F2023%2F08%2F05%2Fesodo-estivo-da-bollino-rosso-collaborazione-tra-autostrade-per-litalia-e-polizia%2F&amp;linkname=Esodo%20estivo%20da%20bollino%20rosso.%20Collaborazione%20tra%20Autostrade%20per%20l%E2%80%99Italia%20e%20Polizia\" title=\"Telegram\" target=\"_blank\" rel=\"noopener\"><\/a><a class=\"a2a_button_email\" href=\"https:\/\/www.addtoany.com\/add_to\/email?linkurl=https%3A%2F%2Flavocedelpaese.info%2Findex.php%2F2023%2F08%2F05%2Fesodo-estivo-da-bollino-rosso-collaborazione-tra-autostrade-per-litalia-e-polizia%2F&amp;linkname=Esodo%20estivo%20da%20bollino%20rosso.%20Collaborazione%20tra%20Autostrade%20per%20l%E2%80%99Italia%20e%20Polizia\" title=\"Email\" target=\"_blank\" rel=\"noopener\"><\/a><\/p>\n<p>\u00a0<\/p>","protected":false},"excerpt":{"rendered":"<p>\u00a0 \u200b\u00a0 \u200bGioia \u2013 La Voce del Paese\u00a0 \u201cAl via il secondo fine settimana di grandi partenze per l\u2019esodo estivo\u00a0con<\/p>\n","protected":false},"author":0,"featured_media":0,"comment_status":"open","ping_status":"closed","sticky":false,"template":"","format":"standard","meta":{"colormag_page_container_layout":"default_layout","colormag_page_sidebar_layout":"default_layout","_monsterinsights_skip_tracking":false,"_monsterinsights_sitenote_active":false,"_monsterinsights_sitenote_note":"","_monsterinsights_sitenote_category":0,"footnotes":""},"categories":[7],"tags":[],"class_list":["post-5020","post","type-post","status-publish","format-standard","hentry","category-regione"],"_links":{"self":[{"href":"https:\/\/casamassima.lavocedelpaese.info\/index.php\/wp-json\/wp\/v2\/posts\/5020","targetHints":{"allow":["GET"]}}],"collection":[{"href":"https:\/\/casamassima.lavocedelpaese.info\/index.php\/wp-json\/wp\/v2\/posts"}],"about":[{"href":"https:\/\/casamassima.lavocedelpaese.info\/index.php\/wp-json\/wp\/v2\/types\/post"}],"replies":[{"embeddable":true,"href":"https:\/\/casamassima.lavocedelpaese.info\/index.php\/wp-json\/wp\/v2\/comments?post=5020"}],"version-history":[{"count":0,"href":"https:\/\/casamassima.lavocedelpaese.info\/index.php\/wp-json\/wp\/v2\/posts\/5020\/revisions"}],"wp:attachment":[{"href":"https:\/\/casamassima.lavocedelpaese.info\/index.php\/wp-json\/wp\/v2\/media?parent=5020"}],"wp:term":[{"taxonomy":"category","embeddable":true,"href":"https:\/\/casamassima.lavocedelpaese.info\/index.php\/wp-json\/wp\/v2\/categories?post=5020"},{"taxonomy":"post_tag","embeddable":true,"href":"https:\/\/casamassima.lavocedelpaese.info\/index.php\/wp-json\/wp\/v2\/tags?post=5020"}],"curies":[{"name":"wp","href":"https:\/\/api.w.org\/{rel}","templated":true}]}}