{"id":4980,"date":"2023-08-04T08:36:02","date_gmt":"2023-08-04T08:36:02","guid":{"rendered":"https:\/\/casamassima.lavocedelpaese.info\/index.php\/2023\/08\/04\/inaugurato-leco-compattatore-installato-in-via-enrico-toti\/"},"modified":"2023-08-04T08:36:02","modified_gmt":"2023-08-04T08:36:02","slug":"inaugurato-leco-compattatore-installato-in-via-enrico-toti","status":"publish","type":"post","link":"https:\/\/casamassima.lavocedelpaese.info\/index.php\/2023\/08\/04\/inaugurato-leco-compattatore-installato-in-via-enrico-toti\/","title":{"rendered":"Inaugurato l\u2019eco-compattatore installato in via Enrico Toti"},"content":{"rendered":"<p>\u00a0<\/p>\n<p>\u200b\u00a0<\/p>\n<p>\u200bCassano \u2013 La Voce del Paese\u00a0<\/p>\n<p>di Antonia Depalma<\/p>\n<p>L\u2019Italia \u00e8 il secondo Paese europeo consumatore di plastica: nell\u2019anno 2020, infatti, sono stati consumati circa 5,9 tonnellate di polimeri fossili, equivalenti a circa 99 chilogrammi a persona, impiegati perlopi\u00f9 nel settore degli imballaggi al quale \u00e8 destinato un tasso, il pi\u00f9 alto, pari al 42% della produzione totale. Fortissimo \u00e8 l\u2019impatto ambientale di questo comportamento civico che ha costretto \u2013 dapprima sul piano internazionale e successivamente su quello nazionale \u2013 all\u2019adozione di provvedimenti efficaci alla riduzione del consumo di plastica: negli ultimi anni, infatti, si \u00e8 legiferato in merito in maniera assai rilevante incentrate sull\u2019adozione di misure incentivanti sul piano ecologico. Primo tra tutti \u00e8 l\u2019eco-compattatore che garantisce, oltre all\u2019accrescimento di una coscienza civica, una raccolta selettiva mirata alla garanzia di riciclo della plastica.<\/p>\n<p>Cassano, al pari di altri paesi della regione Puglia, ha inaugurato nei giorni scorsi l\u2019eco-compattatore, denominato \u201cmangiaplastica\u201d, sito in via Enrico Toti, riveniente da un finanziamento ottenuto dalla passata Amministrazione Comunale.<\/p>\n<p>All\u2019inaugurazione del progetto ecologico nazionale hanno presenziato il Sindaco, Davide Del Re, l\u2019assessore all\u2019ambiente, alla cura degli animali e al turismo, Ivan Aloisio ed il geometra Sciacovelli dell\u2019Ufficio Ambiente del Comune.<\/p>\n<p>\u201c<em>Ci\u00f2 che potrebbe considerarsi un rifiuto \u00e8, in realt\u00e0, una grande risorsa in quanto il 98% della plastica pu\u00f2 essere riciclato<\/em>\u201d ha affermato Ivan Aloiso nel suo discorso inaugurale del \u201cmangiaplastica\u201d.<\/p>\n<p>Il progetto, che si configura come idea sperimentale, prevede uno sconto a punti: ogni bottiglia riciclata favorir\u00e0 l\u2019acquisizione di un punto e dar\u00e0 dei benefici sulla TARI; i punti saranno, altres\u00ec, convertibili in sconti usufruibili presso le attivit\u00e0 commerciali aderenti al progetto e designati nella applicazione per telefoni appositamente dedicata. Una risorsa che \u00e8 costata circa ventottomila euro.<\/p>\n<p>Il progetto del programma sperimentale, promosso dal Ministero della Transizione Ecologica, \u00e8 stato accolto dal Comune di Cassano delle Murge \u2013 nello status di richiedente della concessione \u2013 a novembre 2022 e dal 27 luglio garantisce alla citt\u00e0 un titolo che la rende protagonista del progresso ecologico.<\/p>\n<p>\u201c<em>L\u2019operazione \u00e8 alla portata di tutti<\/em>\u201d ha affermato Lorenzo Sciacovelli mostrando il funzionamento pratico dell\u2019eco-compattatore e sottolineando che la fruibilit\u00e0 dei punti riguarda solo il territorio di Cassano; essi, inoltre, verranno convertiti a partire dai primi dieci accumulati.<\/p>\n<p>Importante \u00e8 l\u2019appello fatto dal Primo Cittadino, Davide Del Re, il quale ha invitato la comunit\u00e0 cassanese a contrastare l\u2019abbandono dei rifiuti con le seguenti parole: \u201c<em>Dobbiamo cercare, insieme, di migliorare le politiche ambientali e la gestione dei rifiuti contenendo l\u2019aumento dei costi. Per far ci\u00f2 \u00e8 necessario adoperare degli strumenti innovativi<\/em>\u201d.<\/p>\n<p>Un progetto, quello denominato \u201cmangiaplastica\u201d, atto alla raccolta di bottiglie per bevande in Pet e finalizzato alla riduzione del volume di esse; motivante \u00e8, altres\u00ec, ai fini della politica di tariffazione puntuale seppure, gli amministratori comunali hanno specificato che \u00e8 importante ricordare quanto le riduzioni non possano avere un\u2019attivazione repentina.<\/p>\n<p><a class=\"a2a_button_facebook\" href=\"https:\/\/www.addtoany.com\/add_to\/facebook?linkurl=https%3A%2F%2Fcassano.lavocedelpaese.info%2Findex.php%2F2023%2F08%2F04%2Finaugurato-leco-compattatore-installato-in-via-enrico-toti%2F&amp;linkname=Inaugurato%20l%E2%80%99eco-compattatore%20installato%20in%20via%20Enrico%20Toti\" title=\"Facebook\" target=\"_blank\" rel=\"noopener\"><\/a><a class=\"a2a_button_twitter\" href=\"https:\/\/www.addtoany.com\/add_to\/twitter?linkurl=https%3A%2F%2Fcassano.lavocedelpaese.info%2Findex.php%2F2023%2F08%2F04%2Finaugurato-leco-compattatore-installato-in-via-enrico-toti%2F&amp;linkname=Inaugurato%20l%E2%80%99eco-compattatore%20installato%20in%20via%20Enrico%20Toti\" title=\"Twitter\" target=\"_blank\" rel=\"noopener\"><\/a><a class=\"a2a_button_whatsapp\" href=\"https:\/\/www.addtoany.com\/add_to\/whatsapp?linkurl=https%3A%2F%2Fcassano.lavocedelpaese.info%2Findex.php%2F2023%2F08%2F04%2Finaugurato-leco-compattatore-installato-in-via-enrico-toti%2F&amp;linkname=Inaugurato%20l%E2%80%99eco-compattatore%20installato%20in%20via%20Enrico%20Toti\" title=\"WhatsApp\" target=\"_blank\" rel=\"noopener\"><\/a><a class=\"a2a_button_telegram\" href=\"https:\/\/www.addtoany.com\/add_to\/telegram?linkurl=https%3A%2F%2Fcassano.lavocedelpaese.info%2Findex.php%2F2023%2F08%2F04%2Finaugurato-leco-compattatore-installato-in-via-enrico-toti%2F&amp;linkname=Inaugurato%20l%E2%80%99eco-compattatore%20installato%20in%20via%20Enrico%20Toti\" title=\"Telegram\" target=\"_blank\" rel=\"noopener\"><\/a><a class=\"a2a_button_email\" href=\"https:\/\/www.addtoany.com\/add_to\/email?linkurl=https%3A%2F%2Fcassano.lavocedelpaese.info%2Findex.php%2F2023%2F08%2F04%2Finaugurato-leco-compattatore-installato-in-via-enrico-toti%2F&amp;linkname=Inaugurato%20l%E2%80%99eco-compattatore%20installato%20in%20via%20Enrico%20Toti\" title=\"Email\" target=\"_blank\" rel=\"noopener\"><\/a><\/p>\n<p>\u00a0<\/p>\n<p><a class=\"a2a_button_facebook\" href=\"https:\/\/www.addtoany.com\/add_to\/facebook?linkurl=https%3A%2F%2Flavocedelpaese.info%2Findex.php%2F2023%2F08%2F04%2Finaugurato-leco-compattatore-installato-in-via-enrico-toti%2F&amp;linkname=Inaugurato%20l%E2%80%99eco-compattatore%20installato%20in%20via%20Enrico%20Toti\" title=\"Facebook\" target=\"_blank\" rel=\"noopener\"><\/a><a class=\"a2a_button_twitter\" href=\"https:\/\/www.addtoany.com\/add_to\/twitter?linkurl=https%3A%2F%2Flavocedelpaese.info%2Findex.php%2F2023%2F08%2F04%2Finaugurato-leco-compattatore-installato-in-via-enrico-toti%2F&amp;linkname=Inaugurato%20l%E2%80%99eco-compattatore%20installato%20in%20via%20Enrico%20Toti\" title=\"Twitter\" target=\"_blank\" rel=\"noopener\"><\/a><a class=\"a2a_button_whatsapp\" href=\"https:\/\/www.addtoany.com\/add_to\/whatsapp?linkurl=https%3A%2F%2Flavocedelpaese.info%2Findex.php%2F2023%2F08%2F04%2Finaugurato-leco-compattatore-installato-in-via-enrico-toti%2F&amp;linkname=Inaugurato%20l%E2%80%99eco-compattatore%20installato%20in%20via%20Enrico%20Toti\" title=\"WhatsApp\" target=\"_blank\" rel=\"noopener\"><\/a><a class=\"a2a_button_telegram\" href=\"https:\/\/www.addtoany.com\/add_to\/telegram?linkurl=https%3A%2F%2Flavocedelpaese.info%2Findex.php%2F2023%2F08%2F04%2Finaugurato-leco-compattatore-installato-in-via-enrico-toti%2F&amp;linkname=Inaugurato%20l%E2%80%99eco-compattatore%20installato%20in%20via%20Enrico%20Toti\" title=\"Telegram\" target=\"_blank\" rel=\"noopener\"><\/a><a class=\"a2a_button_email\" href=\"https:\/\/www.addtoany.com\/add_to\/email?linkurl=https%3A%2F%2Flavocedelpaese.info%2Findex.php%2F2023%2F08%2F04%2Finaugurato-leco-compattatore-installato-in-via-enrico-toti%2F&amp;linkname=Inaugurato%20l%E2%80%99eco-compattatore%20installato%20in%20via%20Enrico%20Toti\" title=\"Email\" target=\"_blank\" rel=\"noopener\"><\/a><\/p>\n<p>\u00a0<\/p>","protected":false},"excerpt":{"rendered":"<p>\u00a0 \u200b\u00a0 \u200bCassano \u2013 La Voce del Paese\u00a0 di Antonia Depalma L\u2019Italia \u00e8 il secondo Paese europeo consumatore di plastica:<\/p>\n","protected":false},"author":0,"featured_media":0,"comment_status":"open","ping_status":"closed","sticky":false,"template":"","format":"standard","meta":{"colormag_page_container_layout":"default_layout","colormag_page_sidebar_layout":"default_layout","_monsterinsights_skip_tracking":false,"_monsterinsights_sitenote_active":false,"_monsterinsights_sitenote_note":"","_monsterinsights_sitenote_category":0,"footnotes":""},"categories":[7],"tags":[],"class_list":["post-4980","post","type-post","status-publish","format-standard","hentry","category-regione"],"_links":{"self":[{"href":"https:\/\/casamassima.lavocedelpaese.info\/index.php\/wp-json\/wp\/v2\/posts\/4980","targetHints":{"allow":["GET"]}}],"collection":[{"href":"https:\/\/casamassima.lavocedelpaese.info\/index.php\/wp-json\/wp\/v2\/posts"}],"about":[{"href":"https:\/\/casamassima.lavocedelpaese.info\/index.php\/wp-json\/wp\/v2\/types\/post"}],"replies":[{"embeddable":true,"href":"https:\/\/casamassima.lavocedelpaese.info\/index.php\/wp-json\/wp\/v2\/comments?post=4980"}],"version-history":[{"count":0,"href":"https:\/\/casamassima.lavocedelpaese.info\/index.php\/wp-json\/wp\/v2\/posts\/4980\/revisions"}],"wp:attachment":[{"href":"https:\/\/casamassima.lavocedelpaese.info\/index.php\/wp-json\/wp\/v2\/media?parent=4980"}],"wp:term":[{"taxonomy":"category","embeddable":true,"href":"https:\/\/casamassima.lavocedelpaese.info\/index.php\/wp-json\/wp\/v2\/categories?post=4980"},{"taxonomy":"post_tag","embeddable":true,"href":"https:\/\/casamassima.lavocedelpaese.info\/index.php\/wp-json\/wp\/v2\/tags?post=4980"}],"curies":[{"name":"wp","href":"https:\/\/api.w.org\/{rel}","templated":true}]}}