{"id":4844,"date":"2023-07-29T16:31:06","date_gmt":"2023-07-29T16:31:06","guid":{"rendered":"https:\/\/casamassima.lavocedelpaese.info\/index.php\/2023\/07\/29\/cambio-comando-x-gruppo-caccia-intercettori-presso-il-36-stormo-caccia-4\/"},"modified":"2023-07-29T16:31:06","modified_gmt":"2023-07-29T16:31:06","slug":"cambio-comando-x-gruppo-caccia-intercettori-presso-il-36-stormo-caccia-4","status":"publish","type":"post","link":"https:\/\/casamassima.lavocedelpaese.info\/index.php\/2023\/07\/29\/cambio-comando-x-gruppo-caccia-intercettori-presso-il-36-stormo-caccia-4\/","title":{"rendered":"Cambio Comando X Gruppo Caccia Intercettori presso il 36\u00b0 Stormo Caccia"},"content":{"rendered":"<p>\u00a0<\/p>\n<p>\u200b\u00a0<\/p>\n<p>\u200bGioia \u2013 La Voce del Paese\u00a0<\/p>\n<p><strong>Venerd\u00ec 28 luglio 2023<\/strong>, presso il 36\u00b0 Stormo Caccia di Gioia del Colle, <strong>si \u00e8 svolta la cerimonia di avvicendamento al Comando del X Gruppo Caccia Intercettori<\/strong>. All\u2019<strong>evento, presieduto dal Colonnello<\/strong> <strong>Massimiliano Pomiato<\/strong>, Comandante di Stormo, ha preso parte una rappresentanza di personale in forza al Reparto e personale in quiescenza che negli anni passati ha fatto parte del prestigioso gruppo caccia \u201cLe Picche\u201d. Durante la cerimonia, il Colonnello Pomiato ha concesso piena fiducia al <strong>Comandante subentrante, il Maggiore Angelo Lapetina<\/strong>, nonch\u00e9 lodato l\u2019eccellente operato del <strong>Comandante uscente, il Maggiore Davide Basso<\/strong>. Un passaggio di consegne in un periodo caratterizzato da intensa attivit\u00e0 operativa sia in territorio italiano che all\u2019estero, dove uomini e donne con le stellette assicurano il proprio supporto con professionalit\u00e0, passione e dedizione, senza soluzione di continuit\u00e0 e al servizio della collettivit\u00e0. Valori e spiccate virt\u00f9 militari unite all\u2019esemplare efficienza che da sempre contraddistingue il X Gruppo Volo, una realt\u00e0 fatta di gesta eroiche, pagine di storia e risultati straordinari che rendono lustro alla Bandiera di Stormo con pi\u00f9 decorazioni di guerra dell\u2019Aeronautica Militare.<\/p>\n<p>Il 36\u00b0 Stormo Caccia di Gioia del Colle \u00e8 alle dipendenze del Comando delle Forze da Combattimento (CFC) di Milano, la cui missione assegnata \u00e8 quella di acquisire e mantenere la prontezza operativa di tutti gli organismi della difesa aerea e di attacco e di ricognizione, provvedendo all\u2019efficienza operativa dei sistemi d\u2019arma, dei mezzi e dei materiali, nonch\u00e9 all\u2019addestramento del personale ed al costante aggiornamento ed ottimizzazione delle procedure operative, nel rispetto delle linee guida delle SS.AA. Il CFC \u00e8 alle dipendenze del Comando Squadra Aerea che esercita le attribuzioni in materia di addestramento, predisposizione e approntamento operativo dei propri Reparti, affinch\u00e9 gli stessi acquisiscano e mantengano i previsti livelli di prontezza operativa. Il 36\u00b0 Stormo Caccia \u00e8 uno dei 5 Stormi dell\u2019Aeronautica Militare che assicurano la difesa aerea nazionale e servizio di Quick Reaction Alert della NATO.<\/p>\n<p class=\"has-text-align-right\"><strong>Comunicazioni Istituzionali 36\u00b0 Stormo<\/strong><\/p>\n<p><a class=\"a2a_button_facebook\" href=\"https:\/\/www.addtoany.com\/add_to\/facebook?linkurl=https%3A%2F%2Fgioia.lavocedelpaese.info%2Findex.php%2F2023%2F07%2F29%2Fcambio-comando-x-gruppo-caccia-intercettori-presso-il-36-stormo-caccia%2F&amp;linkname=Cambio%20Comando%20X%20Gruppo%20Caccia%20Intercettori%20presso%20il%2036%C2%B0%20Stormo%20Caccia\" title=\"Facebook\" target=\"_blank\" rel=\"noopener\"><\/a><a class=\"a2a_button_twitter\" href=\"https:\/\/www.addtoany.com\/add_to\/twitter?linkurl=https%3A%2F%2Fgioia.lavocedelpaese.info%2Findex.php%2F2023%2F07%2F29%2Fcambio-comando-x-gruppo-caccia-intercettori-presso-il-36-stormo-caccia%2F&amp;linkname=Cambio%20Comando%20X%20Gruppo%20Caccia%20Intercettori%20presso%20il%2036%C2%B0%20Stormo%20Caccia\" title=\"Twitter\" target=\"_blank\" rel=\"noopener\"><\/a><a class=\"a2a_button_whatsapp\" href=\"https:\/\/www.addtoany.com\/add_to\/whatsapp?linkurl=https%3A%2F%2Fgioia.lavocedelpaese.info%2Findex.php%2F2023%2F07%2F29%2Fcambio-comando-x-gruppo-caccia-intercettori-presso-il-36-stormo-caccia%2F&amp;linkname=Cambio%20Comando%20X%20Gruppo%20Caccia%20Intercettori%20presso%20il%2036%C2%B0%20Stormo%20Caccia\" title=\"WhatsApp\" target=\"_blank\" rel=\"noopener\"><\/a><a class=\"a2a_button_telegram\" href=\"https:\/\/www.addtoany.com\/add_to\/telegram?linkurl=https%3A%2F%2Fgioia.lavocedelpaese.info%2Findex.php%2F2023%2F07%2F29%2Fcambio-comando-x-gruppo-caccia-intercettori-presso-il-36-stormo-caccia%2F&amp;linkname=Cambio%20Comando%20X%20Gruppo%20Caccia%20Intercettori%20presso%20il%2036%C2%B0%20Stormo%20Caccia\" title=\"Telegram\" target=\"_blank\" rel=\"noopener\"><\/a><a class=\"a2a_button_email\" href=\"https:\/\/www.addtoany.com\/add_to\/email?linkurl=https%3A%2F%2Fgioia.lavocedelpaese.info%2Findex.php%2F2023%2F07%2F29%2Fcambio-comando-x-gruppo-caccia-intercettori-presso-il-36-stormo-caccia%2F&amp;linkname=Cambio%20Comando%20X%20Gruppo%20Caccia%20Intercettori%20presso%20il%2036%C2%B0%20Stormo%20Caccia\" title=\"Email\" target=\"_blank\" rel=\"noopener\"><\/a><\/p>\n<p>\u00a0<\/p>\n<p><a class=\"a2a_button_facebook\" href=\"https:\/\/www.addtoany.com\/add_to\/facebook?linkurl=https%3A%2F%2Flavocedelpaese.info%2Findex.php%2F2023%2F07%2F29%2Fcambio-comando-x-gruppo-caccia-intercettori-presso-il-36-stormo-caccia%2F&amp;linkname=Cambio%20Comando%20X%20Gruppo%20Caccia%20Intercettori%20presso%20il%2036%C2%B0%20Stormo%20Caccia\" title=\"Facebook\" target=\"_blank\" rel=\"noopener\"><\/a><a class=\"a2a_button_twitter\" href=\"https:\/\/www.addtoany.com\/add_to\/twitter?linkurl=https%3A%2F%2Flavocedelpaese.info%2Findex.php%2F2023%2F07%2F29%2Fcambio-comando-x-gruppo-caccia-intercettori-presso-il-36-stormo-caccia%2F&amp;linkname=Cambio%20Comando%20X%20Gruppo%20Caccia%20Intercettori%20presso%20il%2036%C2%B0%20Stormo%20Caccia\" title=\"Twitter\" target=\"_blank\" rel=\"noopener\"><\/a><a class=\"a2a_button_whatsapp\" href=\"https:\/\/www.addtoany.com\/add_to\/whatsapp?linkurl=https%3A%2F%2Flavocedelpaese.info%2Findex.php%2F2023%2F07%2F29%2Fcambio-comando-x-gruppo-caccia-intercettori-presso-il-36-stormo-caccia%2F&amp;linkname=Cambio%20Comando%20X%20Gruppo%20Caccia%20Intercettori%20presso%20il%2036%C2%B0%20Stormo%20Caccia\" title=\"WhatsApp\" target=\"_blank\" rel=\"noopener\"><\/a><a class=\"a2a_button_telegram\" href=\"https:\/\/www.addtoany.com\/add_to\/telegram?linkurl=https%3A%2F%2Flavocedelpaese.info%2Findex.php%2F2023%2F07%2F29%2Fcambio-comando-x-gruppo-caccia-intercettori-presso-il-36-stormo-caccia%2F&amp;linkname=Cambio%20Comando%20X%20Gruppo%20Caccia%20Intercettori%20presso%20il%2036%C2%B0%20Stormo%20Caccia\" title=\"Telegram\" target=\"_blank\" rel=\"noopener\"><\/a><a class=\"a2a_button_email\" href=\"https:\/\/www.addtoany.com\/add_to\/email?linkurl=https%3A%2F%2Flavocedelpaese.info%2Findex.php%2F2023%2F07%2F29%2Fcambio-comando-x-gruppo-caccia-intercettori-presso-il-36-stormo-caccia%2F&amp;linkname=Cambio%20Comando%20X%20Gruppo%20Caccia%20Intercettori%20presso%20il%2036%C2%B0%20Stormo%20Caccia\" title=\"Email\" target=\"_blank\" rel=\"noopener\"><\/a><\/p>\n<p>\u00a0<\/p>","protected":false},"excerpt":{"rendered":"<p>\u00a0 \u200b\u00a0 \u200bGioia \u2013 La Voce del Paese\u00a0 Venerd\u00ec 28 luglio 2023, presso il 36\u00b0 Stormo Caccia di Gioia del<\/p>\n","protected":false},"author":0,"featured_media":0,"comment_status":"open","ping_status":"closed","sticky":false,"template":"","format":"standard","meta":{"colormag_page_container_layout":"default_layout","colormag_page_sidebar_layout":"default_layout","_monsterinsights_skip_tracking":false,"_monsterinsights_sitenote_active":false,"_monsterinsights_sitenote_note":"","_monsterinsights_sitenote_category":0,"footnotes":""},"categories":[7],"tags":[],"class_list":["post-4844","post","type-post","status-publish","format-standard","hentry","category-regione"],"_links":{"self":[{"href":"https:\/\/casamassima.lavocedelpaese.info\/index.php\/wp-json\/wp\/v2\/posts\/4844","targetHints":{"allow":["GET"]}}],"collection":[{"href":"https:\/\/casamassima.lavocedelpaese.info\/index.php\/wp-json\/wp\/v2\/posts"}],"about":[{"href":"https:\/\/casamassima.lavocedelpaese.info\/index.php\/wp-json\/wp\/v2\/types\/post"}],"replies":[{"embeddable":true,"href":"https:\/\/casamassima.lavocedelpaese.info\/index.php\/wp-json\/wp\/v2\/comments?post=4844"}],"version-history":[{"count":0,"href":"https:\/\/casamassima.lavocedelpaese.info\/index.php\/wp-json\/wp\/v2\/posts\/4844\/revisions"}],"wp:attachment":[{"href":"https:\/\/casamassima.lavocedelpaese.info\/index.php\/wp-json\/wp\/v2\/media?parent=4844"}],"wp:term":[{"taxonomy":"category","embeddable":true,"href":"https:\/\/casamassima.lavocedelpaese.info\/index.php\/wp-json\/wp\/v2\/categories?post=4844"},{"taxonomy":"post_tag","embeddable":true,"href":"https:\/\/casamassima.lavocedelpaese.info\/index.php\/wp-json\/wp\/v2\/tags?post=4844"}],"curies":[{"name":"wp","href":"https:\/\/api.w.org\/{rel}","templated":true}]}}