{"id":4820,"date":"2023-07-28T16:29:59","date_gmt":"2023-07-28T16:29:59","guid":{"rendered":"https:\/\/casamassima.lavocedelpaese.info\/index.php\/2023\/07\/28\/don-giovanni-amodio-lascia-turi-7\/"},"modified":"2023-07-28T16:29:59","modified_gmt":"2023-07-28T16:29:59","slug":"don-giovanni-amodio-lascia-turi-7","status":"publish","type":"post","link":"https:\/\/casamassima.lavocedelpaese.info\/index.php\/2023\/07\/28\/don-giovanni-amodio-lascia-turi-7\/","title":{"rendered":"Don Giovanni Amodio lascia Turi"},"content":{"rendered":"<p>\u00a0<\/p>\n<p>\u200b\u00a0<\/p>\n<p>\u200bTuri \u2013 La Voce del Paese\u00a0<\/p>\n<p class=\"has-text-align-center\"><strong>Alla guida della Chiesa Madre arriva don Luciano Rotolo<\/strong><\/p>\n<p>Oggi, 28 luglio, il Vescovo Mons. Giuseppe Favale ha comunicato le nomine per il prossimo anno liturgico.<\/p>\n<p>A partire da settembre, Don Giovanni Amodio lascer\u00e0 la guida della Chiesa Madre di Turi per prestare servizio come Arciprete della parrocchia San Leone Magno di Castellana Grotte.<\/p>\n<p>Il nuovo Arciprete della nostra comunit\u00e0 sar\u00e0 don Luciano Rotolo, sacerdote della parrocchia Maria SS. del Carmine di Conversano, la stessa chiesa in cui proseguir\u00e0 il proprio ministero don Gianni Grazioso.<\/p>\n<p>Infine, don Nicola D\u2019Onghia, assieme a don Vito Palmisano, sar\u00e0 l\u2019incaricato diocesano per il servizio di esorcista.<\/p>\n<p><a class=\"a2a_button_facebook\" href=\"https:\/\/www.addtoany.com\/add_to\/facebook?linkurl=https%3A%2F%2Fturi.lavocedelpaese.info%2Fdon-giovanni-amodio-lascia-turi%2F&amp;linkname=Don%20Giovanni%20Amodio%20lascia%20Turi\" title=\"Facebook\" target=\"_blank\" rel=\"noopener\"><\/a><a class=\"a2a_button_twitter\" href=\"https:\/\/www.addtoany.com\/add_to\/twitter?linkurl=https%3A%2F%2Fturi.lavocedelpaese.info%2Fdon-giovanni-amodio-lascia-turi%2F&amp;linkname=Don%20Giovanni%20Amodio%20lascia%20Turi\" title=\"Twitter\" target=\"_blank\" rel=\"noopener\"><\/a><a class=\"a2a_button_whatsapp\" href=\"https:\/\/www.addtoany.com\/add_to\/whatsapp?linkurl=https%3A%2F%2Fturi.lavocedelpaese.info%2Fdon-giovanni-amodio-lascia-turi%2F&amp;linkname=Don%20Giovanni%20Amodio%20lascia%20Turi\" title=\"WhatsApp\" target=\"_blank\" rel=\"noopener\"><\/a><a class=\"a2a_button_telegram\" href=\"https:\/\/www.addtoany.com\/add_to\/telegram?linkurl=https%3A%2F%2Fturi.lavocedelpaese.info%2Fdon-giovanni-amodio-lascia-turi%2F&amp;linkname=Don%20Giovanni%20Amodio%20lascia%20Turi\" title=\"Telegram\" target=\"_blank\" rel=\"noopener\"><\/a><a class=\"a2a_button_email\" href=\"https:\/\/www.addtoany.com\/add_to\/email?linkurl=https%3A%2F%2Fturi.lavocedelpaese.info%2Fdon-giovanni-amodio-lascia-turi%2F&amp;linkname=Don%20Giovanni%20Amodio%20lascia%20Turi\" title=\"Email\" target=\"_blank\" rel=\"noopener\"><\/a><\/p>\n<p>\u00a0<\/p>\n<p><a class=\"a2a_button_facebook\" href=\"https:\/\/www.addtoany.com\/add_to\/facebook?linkurl=https%3A%2F%2Flavocedelpaese.info%2Findex.php%2F2023%2F07%2F28%2Fdon-giovanni-amodio-lascia-turi%2F&amp;linkname=Don%20Giovanni%20Amodio%20lascia%20Turi\" title=\"Facebook\" target=\"_blank\" rel=\"noopener\"><\/a><a class=\"a2a_button_twitter\" href=\"https:\/\/www.addtoany.com\/add_to\/twitter?linkurl=https%3A%2F%2Flavocedelpaese.info%2Findex.php%2F2023%2F07%2F28%2Fdon-giovanni-amodio-lascia-turi%2F&amp;linkname=Don%20Giovanni%20Amodio%20lascia%20Turi\" title=\"Twitter\" target=\"_blank\" rel=\"noopener\"><\/a><a class=\"a2a_button_whatsapp\" href=\"https:\/\/www.addtoany.com\/add_to\/whatsapp?linkurl=https%3A%2F%2Flavocedelpaese.info%2Findex.php%2F2023%2F07%2F28%2Fdon-giovanni-amodio-lascia-turi%2F&amp;linkname=Don%20Giovanni%20Amodio%20lascia%20Turi\" title=\"WhatsApp\" target=\"_blank\" rel=\"noopener\"><\/a><a class=\"a2a_button_telegram\" href=\"https:\/\/www.addtoany.com\/add_to\/telegram?linkurl=https%3A%2F%2Flavocedelpaese.info%2Findex.php%2F2023%2F07%2F28%2Fdon-giovanni-amodio-lascia-turi%2F&amp;linkname=Don%20Giovanni%20Amodio%20lascia%20Turi\" title=\"Telegram\" target=\"_blank\" rel=\"noopener\"><\/a><a class=\"a2a_button_email\" href=\"https:\/\/www.addtoany.com\/add_to\/email?linkurl=https%3A%2F%2Flavocedelpaese.info%2Findex.php%2F2023%2F07%2F28%2Fdon-giovanni-amodio-lascia-turi%2F&amp;linkname=Don%20Giovanni%20Amodio%20lascia%20Turi\" title=\"Email\" target=\"_blank\" rel=\"noopener\"><\/a><\/p>\n<p>\u00a0<\/p>","protected":false},"excerpt":{"rendered":"<p>\u00a0 \u200b\u00a0 \u200bTuri \u2013 La Voce del Paese\u00a0 Alla guida della Chiesa Madre arriva don Luciano Rotolo Oggi, 28 luglio,<\/p>\n","protected":false},"author":0,"featured_media":0,"comment_status":"open","ping_status":"closed","sticky":false,"template":"","format":"standard","meta":{"colormag_page_container_layout":"default_layout","colormag_page_sidebar_layout":"default_layout","_monsterinsights_skip_tracking":false,"_monsterinsights_sitenote_active":false,"_monsterinsights_sitenote_note":"","_monsterinsights_sitenote_category":0,"footnotes":""},"categories":[7],"tags":[],"class_list":["post-4820","post","type-post","status-publish","format-standard","hentry","category-regione"],"_links":{"self":[{"href":"https:\/\/casamassima.lavocedelpaese.info\/index.php\/wp-json\/wp\/v2\/posts\/4820","targetHints":{"allow":["GET"]}}],"collection":[{"href":"https:\/\/casamassima.lavocedelpaese.info\/index.php\/wp-json\/wp\/v2\/posts"}],"about":[{"href":"https:\/\/casamassima.lavocedelpaese.info\/index.php\/wp-json\/wp\/v2\/types\/post"}],"replies":[{"embeddable":true,"href":"https:\/\/casamassima.lavocedelpaese.info\/index.php\/wp-json\/wp\/v2\/comments?post=4820"}],"version-history":[{"count":0,"href":"https:\/\/casamassima.lavocedelpaese.info\/index.php\/wp-json\/wp\/v2\/posts\/4820\/revisions"}],"wp:attachment":[{"href":"https:\/\/casamassima.lavocedelpaese.info\/index.php\/wp-json\/wp\/v2\/media?parent=4820"}],"wp:term":[{"taxonomy":"category","embeddable":true,"href":"https:\/\/casamassima.lavocedelpaese.info\/index.php\/wp-json\/wp\/v2\/categories?post=4820"},{"taxonomy":"post_tag","embeddable":true,"href":"https:\/\/casamassima.lavocedelpaese.info\/index.php\/wp-json\/wp\/v2\/tags?post=4820"}],"curies":[{"name":"wp","href":"https:\/\/api.w.org\/{rel}","templated":true}]}}