{"id":4703,"date":"2023-07-23T19:28:48","date_gmt":"2023-07-23T19:28:48","guid":{"rendered":"https:\/\/casamassima.lavocedelpaese.info\/index.php\/2023\/07\/23\/cena-in-fiore-2023-fotogallery-e-vincitori-3\/"},"modified":"2023-07-23T19:28:48","modified_gmt":"2023-07-23T19:28:48","slug":"cena-in-fiore-2023-fotogallery-e-vincitori-3","status":"publish","type":"post","link":"https:\/\/casamassima.lavocedelpaese.info\/index.php\/2023\/07\/23\/cena-in-fiore-2023-fotogallery-e-vincitori-3\/","title":{"rendered":"Cena in fiore 2023: fotogallery e vincitori"},"content":{"rendered":"<p>\u00a0<\/p>\n<p>\u200b\u00a0<\/p>\n<p>\u200bAcquaviva \u2013 La Voce del Paese\u00a0<\/p>\n<p>di Isabella Giorgio<\/p>\n<p>Una serata estiva da ricordare\u2026l\u2019atteso evento della \u201cCena in fiore\u201d torna a far parlare di s\u00e9 mantenendo alte le aspettative dei tanti partecipanti presenti a questa nuova edizione.<\/p>\n<p>Soci e simpatizzanti hanno accolto con entusiasmo l\u2019appello lanciato dagli organizzatori dell\u2019APS. Amici dell\u2019Ambiente e lo scorso 21 luglio si sono dati appuntamento per il flash mob conviviale nella splendida cornice dell\u2019Atrio di Palazzo De Mari.<\/p>\n<p>Tema della serata: i fiori, declinati nelle forme e modi pi\u00f9 svariati: abbigliamento dei commensali, pietanze e decorazioni. Protagoniste indiscusse la cura e l\u2019attenzione nell\u2019allestimento di ogni singolo tavolo, non da meno la creativit\u00e0 nella preparazione di ogni singola portata dolce e salata e originalit\u00e0 nell\u2019accostamento di elementi naturali nel rispetto dei canoni di eleganza, coordinazione e armonia e contesto ecologico.<\/p>\n<p>Nove in tutto i tavoli partecipanti al Concorso di Cena in fiore 2023: <strong>Oleandro<\/strong>, <strong>Rosa<\/strong>, <strong>Orchidea<\/strong>, <strong>Anocasto<\/strong>, <strong>Bouganville<\/strong>, <strong>Ortensia<\/strong>, <strong>Ophrys Murgiana<\/strong>, <strong>Petunia<\/strong> e <strong>Phalaenopsis.<\/strong><\/p>\n<p>La commissione di Giuria presieduta dal giornalista prof. Saverio F. e composta dalla cheff e food blogger Patrizia Laquale, dalla dott.ssa Isabella Giorgio giornalista e caporedattrice La Voce del Paese Redazione Acquaviva, dal Dott. Angelo Lovecchio e da Vito Abbinante ha valutato ciascun tavolo assegnando un punteggio da 1-5. Cinque i criteri presi in considerazione: originalit\u00e0, eleganza, coordinazione e armonia, presenza di elementi naturali e contesto ecologico.<\/p>\n<p>Presenti per l\u2019occasione anche avv. Marco Lenoci e l\u2019Assessora alla Cultura Maria Grazia Barbieri.<\/p>\n<p>\u201cAvevo sentito parlare della Cena in fiore negli anni scorsi ma non ricordavo quanto fosse bella veramente complimenti!- ha detto il sindaco Lenoci nel suo intervento. Da parte mia e dell\u2019 amministrazione dobbiamo scusarci perch\u00e9 noi siamo riusciti a organizzare molto perch\u00e9 ci siamo insediati da poco ci stiamo barcamenando con le difficolt\u00e0 di bilancio.<\/p>\n<p>Il ringraziamento \u00e8 d\u2019obbligo a chi come voi sta animando l\u2019estate acquavivase e sta dando una mano anche al mio assessore alla cultura Maria Grazia Barbieri che \u00e8 una potenza della natura sta da per tutto e tutti i giorni, ci tenevo a ringraziarla pubblicamente e a fare i compliemnti a voi per aver organizzato questa serata. Per gli anni prossimi vorremmo partecipare e organizzarla insieme a voi, vedo un\u2019organizzazione quasi perfetta ma se possibile vorremmo darvi una mano ad organizzarla ancora meglio\u201d.<\/p>\n<p>La serata ha visto diversi momenti scanditi da intermezzi musicali a cura degli allievi di Natalizia Carone \u2013 Opera Singer &amp; Vocal Coach, del FestivalLab de Mari e dell\u2019Ass. Musicale Socio-Artistico-Culturale MUSInCanto. Per la compagnia InCanto si sono esiibiti: Annamaria Labarile, Carlo Milano, Daniela Sette, Francesca Bruno, Lucia Fasano, Mariangela Nuzzi, Marika Luciana D\u2019Elia, e Paola Scalera. <\/p>\n<p>Francesco Colafemmina \u00e8 stato chiamato a svolgere il ruolo di coo-presentatore.<\/p>\n<p>Suggestiva la lettura del racconto \u201cLa scatola delle fave e delle rose\u201d tratto da <a href=\"https:\/\/www.facebook.com\/hashtag\/lulauru?__eep__=6&amp;__cft__%5B0%5D=AZXNa2RPa3Mpaekv9WaFRsWQjHOlSo1KYSmlcaSfL0tzR0f4NdAuw5xLwk00yv6fCR7EXKXhhtga2cbMSmDar15dBtVfvqaO96-J8uUkQnr05czR0UvizXNJBrU_tv7Blp2PrdhAW7zSf_l2iN_cTnhWEL-Uu9D02gh2TYGJGrc7uYNvhcZTcbg13vNGqKN2ACc&amp;__tn__=*NK-R\">#lulauru<\/a> fatta dal Natalizia Carone, le immagini fotografiche del viaggio in Cina e le poesie di Luca De Napoli, il videomapping introdotto da Marco Bruno dell\u2019Archeoclub e la presentazione delle attivit\u00e0 e progetti svolti da Amici dell\u2019Ambiente in questi dieci anni di attivit\u00e0 sul territorio.<\/p>\n<p>Al termine della serata si \u00e8 poi svolta la premiazione e le foto di rito.<\/p>\n<p>Vincitore di Cena in Fiore 2023: \u00e8 il gruppo Ophrys Murgiana, staff Legambiente Cassano: \u201cUn tavolo giovane ed innovativo\u201d. Ad Ortensia \u00e8 stato assegnato il 2^ posto e ad Oleandro il 3^ posto.<\/p>\n<p>Proponiamo qui di seguito una ricca fotogallery (Foto: Vito Abbinante)<\/p>\n<p><a class=\"a2a_button_facebook\" href=\"https:\/\/www.addtoany.com\/add_to\/facebook?linkurl=https%3A%2F%2Facquaviva.lavocedelpaese.info%2Findex.php%2F2023%2F07%2F23%2Fcena-in-fiore-2023-fotogallery-e-vincitori%2F&amp;linkname=Cena%20in%20fiore%202023%3A%20fotogallery%20e%20vincitori\" title=\"Facebook\" target=\"_blank\" rel=\"noopener\"><\/a><a class=\"a2a_button_twitter\" href=\"https:\/\/www.addtoany.com\/add_to\/twitter?linkurl=https%3A%2F%2Facquaviva.lavocedelpaese.info%2Findex.php%2F2023%2F07%2F23%2Fcena-in-fiore-2023-fotogallery-e-vincitori%2F&amp;linkname=Cena%20in%20fiore%202023%3A%20fotogallery%20e%20vincitori\" title=\"Twitter\" target=\"_blank\" rel=\"noopener\"><\/a><a class=\"a2a_button_whatsapp\" href=\"https:\/\/www.addtoany.com\/add_to\/whatsapp?linkurl=https%3A%2F%2Facquaviva.lavocedelpaese.info%2Findex.php%2F2023%2F07%2F23%2Fcena-in-fiore-2023-fotogallery-e-vincitori%2F&amp;linkname=Cena%20in%20fiore%202023%3A%20fotogallery%20e%20vincitori\" title=\"WhatsApp\" target=\"_blank\" rel=\"noopener\"><\/a><a class=\"a2a_button_telegram\" href=\"https:\/\/www.addtoany.com\/add_to\/telegram?linkurl=https%3A%2F%2Facquaviva.lavocedelpaese.info%2Findex.php%2F2023%2F07%2F23%2Fcena-in-fiore-2023-fotogallery-e-vincitori%2F&amp;linkname=Cena%20in%20fiore%202023%3A%20fotogallery%20e%20vincitori\" title=\"Telegram\" target=\"_blank\" rel=\"noopener\"><\/a><a class=\"a2a_button_email\" href=\"https:\/\/www.addtoany.com\/add_to\/email?linkurl=https%3A%2F%2Facquaviva.lavocedelpaese.info%2Findex.php%2F2023%2F07%2F23%2Fcena-in-fiore-2023-fotogallery-e-vincitori%2F&amp;linkname=Cena%20in%20fiore%202023%3A%20fotogallery%20e%20vincitori\" title=\"Email\" target=\"_blank\" rel=\"noopener\"><\/a><\/p>\n<p>\u00a0<\/p>\n<p><a class=\"a2a_button_facebook\" href=\"https:\/\/www.addtoany.com\/add_to\/facebook?linkurl=https%3A%2F%2Flavocedelpaese.info%2Findex.php%2F2023%2F07%2F23%2Fcena-in-fiore-2023-fotogallery-e-vincitori%2F&amp;linkname=Cena%20in%20fiore%202023%3A%20fotogallery%20e%20vincitori\" title=\"Facebook\" target=\"_blank\" rel=\"noopener\"><\/a><a class=\"a2a_button_twitter\" href=\"https:\/\/www.addtoany.com\/add_to\/twitter?linkurl=https%3A%2F%2Flavocedelpaese.info%2Findex.php%2F2023%2F07%2F23%2Fcena-in-fiore-2023-fotogallery-e-vincitori%2F&amp;linkname=Cena%20in%20fiore%202023%3A%20fotogallery%20e%20vincitori\" title=\"Twitter\" target=\"_blank\" rel=\"noopener\"><\/a><a class=\"a2a_button_whatsapp\" href=\"https:\/\/www.addtoany.com\/add_to\/whatsapp?linkurl=https%3A%2F%2Flavocedelpaese.info%2Findex.php%2F2023%2F07%2F23%2Fcena-in-fiore-2023-fotogallery-e-vincitori%2F&amp;linkname=Cena%20in%20fiore%202023%3A%20fotogallery%20e%20vincitori\" title=\"WhatsApp\" target=\"_blank\" rel=\"noopener\"><\/a><a class=\"a2a_button_telegram\" href=\"https:\/\/www.addtoany.com\/add_to\/telegram?linkurl=https%3A%2F%2Flavocedelpaese.info%2Findex.php%2F2023%2F07%2F23%2Fcena-in-fiore-2023-fotogallery-e-vincitori%2F&amp;linkname=Cena%20in%20fiore%202023%3A%20fotogallery%20e%20vincitori\" title=\"Telegram\" target=\"_blank\" rel=\"noopener\"><\/a><a class=\"a2a_button_email\" href=\"https:\/\/www.addtoany.com\/add_to\/email?linkurl=https%3A%2F%2Flavocedelpaese.info%2Findex.php%2F2023%2F07%2F23%2Fcena-in-fiore-2023-fotogallery-e-vincitori%2F&amp;linkname=Cena%20in%20fiore%202023%3A%20fotogallery%20e%20vincitori\" title=\"Email\" target=\"_blank\" rel=\"noopener\"><\/a><\/p>\n<p>\u00a0<\/p>","protected":false},"excerpt":{"rendered":"<p>\u00a0 \u200b\u00a0 \u200bAcquaviva \u2013 La Voce del Paese\u00a0 di Isabella Giorgio Una serata estiva da ricordare\u2026l\u2019atteso evento della \u201cCena in<\/p>\n","protected":false},"author":0,"featured_media":0,"comment_status":"open","ping_status":"closed","sticky":false,"template":"","format":"standard","meta":{"colormag_page_container_layout":"default_layout","colormag_page_sidebar_layout":"default_layout","_monsterinsights_skip_tracking":false,"_monsterinsights_sitenote_active":false,"_monsterinsights_sitenote_note":"","_monsterinsights_sitenote_category":0,"footnotes":""},"categories":[7],"tags":[],"class_list":["post-4703","post","type-post","status-publish","format-standard","hentry","category-regione"],"_links":{"self":[{"href":"https:\/\/casamassima.lavocedelpaese.info\/index.php\/wp-json\/wp\/v2\/posts\/4703","targetHints":{"allow":["GET"]}}],"collection":[{"href":"https:\/\/casamassima.lavocedelpaese.info\/index.php\/wp-json\/wp\/v2\/posts"}],"about":[{"href":"https:\/\/casamassima.lavocedelpaese.info\/index.php\/wp-json\/wp\/v2\/types\/post"}],"replies":[{"embeddable":true,"href":"https:\/\/casamassima.lavocedelpaese.info\/index.php\/wp-json\/wp\/v2\/comments?post=4703"}],"version-history":[{"count":0,"href":"https:\/\/casamassima.lavocedelpaese.info\/index.php\/wp-json\/wp\/v2\/posts\/4703\/revisions"}],"wp:attachment":[{"href":"https:\/\/casamassima.lavocedelpaese.info\/index.php\/wp-json\/wp\/v2\/media?parent=4703"}],"wp:term":[{"taxonomy":"category","embeddable":true,"href":"https:\/\/casamassima.lavocedelpaese.info\/index.php\/wp-json\/wp\/v2\/categories?post=4703"},{"taxonomy":"post_tag","embeddable":true,"href":"https:\/\/casamassima.lavocedelpaese.info\/index.php\/wp-json\/wp\/v2\/tags?post=4703"}],"curies":[{"name":"wp","href":"https:\/\/api.w.org\/{rel}","templated":true}]}}