{"id":4251,"date":"2023-07-05T05:31:14","date_gmt":"2023-07-05T05:31:14","guid":{"rendered":"https:\/\/casamassima.lavocedelpaese.info\/index.php\/2023\/07\/05\/mino-miale-quarantanni-darte-al-servizio-degli-ultimi\/"},"modified":"2023-07-05T05:31:14","modified_gmt":"2023-07-05T05:31:14","slug":"mino-miale-quarantanni-darte-al-servizio-degli-ultimi","status":"publish","type":"post","link":"https:\/\/casamassima.lavocedelpaese.info\/index.php\/2023\/07\/05\/mino-miale-quarantanni-darte-al-servizio-degli-ultimi\/","title":{"rendered":"Mino Miale, quarant\u2019anni d\u2019arte al servizio degli ultimi"},"content":{"rendered":"<p>\u00a0<\/p>\n<p>\u200b\u00a0<\/p>\n<p>\u200bTuri \u2013 La Voce del Paese\u00a0<\/p>\n<p><strong>Lo scenografo turese \u00e8 stato insignito del premio internazionale \u201cdon Tonino Bello\u201d. Le parole di soddisfazione del sociologo Pasquale Del Re, storico amico di Miale<\/strong><\/p>\n<p>Lo scorso 31 marzo si \u00e8 celebrata la quinta edizione del Premio internazionale \u201cdon Tonino Bello, apostolo di Carit\u00e0\u201d, istituito dalla sezione di Bisceglie dell\u2019Archeoclub d\u2019Italia. Nella rosa dei candidati selezionati spicca anche il nostro concittadino Mino Miale che, come recita la motivazione del riconoscimento, si \u00e8 distinto per l\u2019umanit\u00e0 e la solidariet\u00e0 con cui ha tutelato \u201cla condizione e la dignit\u00e0 della persona attraverso il linguaggio del teatro educativo, sociale e di comunit\u00e0\u201d. Con la sua arte, ha contribuito \u201cal recupero sociale di giovani ex tossicodipendenti a rischio di emarginazione\u201d e si \u00e8 impegnato nella \u201cformazione e crescita civica dei bambini con la costruzione e animazione di burattini, dando vita a spettacoli per la cittadinanza\u201d. Inoltre, ha lavorato con costanza alla \u201cformazione intellettuale di allievi nel campo delle discipline artistiche con finalit\u00e0 inclusive\u201d.<\/p>\n<p>Altrettanto eloquenti le parole di Pina Catino, presidente del Club Unesco per Bisceglie, che, introducendo la consegna ufficiale del premio, ha tracciato un\u2019appassionata biografia di Mino Miale, ricordando il suo impegno nel teatro che, partendo dalla \u00abcollaborazione con la Facolt\u00e0 di Sociologia del Teatro ad Urbino, si \u00e8 sostanziato nella fondazione del gruppo teatrale \u201cAtarassia\u201d e in vari progetti in carcere. Un impegno che si \u00e8 mosso in parallelo alla missione di avvicinare i bambini al linguaggio dell\u2019arte, mediante la gestione di numerosi laboratori creativi e la costituzione di una cooperativa sociale con scuola materna e ludoteca\u00bb. All\u2019encomiabile attivit\u00e0 nel sociale, si affianca il suo percorso squisitamente artistico: \u00abAttraverso mostre personali e collettive a livello nazionale, Miale contribuisce da 40 anni alla diffusione di una coscienza ambientale orientata verso lo sviluppo consapevole e sostenibile\u00bb.<\/p>\n<p>Oltre ai familiari, alla cerimonia di premiazione non ha voluto mancare il sociologo Pasquale Del Re, storico amico di Miale, a cui abbiamo chiesto una riflessione su questa felice occasione. Dalle parole di Del Re emerge il sincero ritratto di una delle menti pi\u00f9 operose e generose che Turi conosca; un \u201cumile operaio\u201d che ha preferito costruire \u201cdietro le quinte\u201d, facendo volentieri a meno della fanfara dell\u2019autocelebrazione. Un artista schietto e libero da ogni convenzione che, non di rado, ha pagato lo scotto di essere ignorato, come accade agli intellettuali fieramente disallineati con l\u2019<em>intellighenzia<\/em> pseudo rivoluzionaria.<\/p>\n<h5 class=\"wp-block-heading\"><strong>\u201cUn meritato riconoscimento\u201d<\/strong><\/h5>\n<p>\u00abQuando Mino mi ha partecipato di questo premio sono stato contentissimo per lui: \u00e8 un riconoscimento prestigioso non solo per la caratura internazionale, ma anche perch\u00e9 \u00e8 intitolato a don Tonino Bello, il cui ministero \u00e8 stato caratterizzato da una costante attenzione agli ultimi: sua la definizione di \u201cChiesa del grembiule\u201d per indicare la necessit\u00e0 di farsi umili e contemporaneamente agire sulle cause dell\u2019emarginazione.<\/p>\n<p>Questo premio rappresenta il meritato elogio per le forze che Mino ha dedicato alla promozione culturale e sociale di Turi; un impegno portato avanti con umilt\u00e0 e senza la smaniosa ricerca di palchi o platee.<br \/>\u00c8 stato un onore condividere questa felice circostanza: ritengo di essere uno dei tanti fortunati ad averlo incontrato; uno dei tanti fortunati che deve qualcosa a Mino.<br \/>L\u2019amicizia che ci lega non \u00e8 storia recente. Ci conosciamo da tantissimo tempo: da subito ci siamo capiti, poche volte abbiamo avuto posizioni discordanti, innumerevoli le occasioni in cui abbiamo collaborato, rimanendo sempre Amici veri. Per molti versi, posso dire che siamo cresciuti insieme\u00bb.<\/p>\n<p>Pina Catino insieme a Mino Miale e Pasquale Del Re<\/p>\n<h5 class=\"wp-block-heading\"><strong>\u201cFar sorridere le sofferenze\u201d<\/strong><\/h5>\n<p>\u00abMino \u00e8 stata e continua ad essere una persona libera e creativa, che ha coltivato molti interessi: dalla scrittura alla pittura, passando per il teatro e l\u2019allestimento scenografico. Un \u201cumile operaio\u201d disponibile ad ogni ora, silenziosamente presente, ma soprattutto animato dalla volont\u00e0 di dedicare molta parte del suo tempo a tutte quelle persone che, per un motivo o per un altro, hanno dovuto fare i conti con percorsi di vita sofferti.<br \/>E proprio con l\u2019idea di far sorridere le sofferenze, di alleviare il dolore, di garantire opportunit\u00e0 nuove, i nostri interessi si sono man mano avvicinati sempre pi\u00f9, tanto che, nel marzo del 1998, Mino \u00e8 approdato nel mio mondo lavorativo, quello delle tossicodipendenze, attraverso un progetto di formazione denominato \u201cIN\u2026CARTIAMO\u201d, che si \u00e8 tenuto presso la comunit\u00e0 terapeutica \u201cLorusso Cipparoli\u201d della Fondazione \u201cOpera Santi Medici Cosma e Damiano Bitonto \u2013 Onlus\u201d, nella quale opero da ormai 32 anni.<br \/>Per pi\u00f9 di un anno Mino si \u00e8 fatto un prezioso punto di riferimento per dieci ospiti, portandoli nel mondo della cartapesta: guidandoli in una gran bella esperienza di lavoro di gruppo, ha fatto scoprire loro un diverso uso della propria manualit\u00e0, che si \u00e8 concretizzato nella creazione di prodotti artigianali originali, quali mascheroni e pupazzi\u00bb.<\/p>\n<h5 class=\"wp-block-heading\"><strong>\u201cUn artista poliedrico e generoso\u201d<\/strong><\/h5>\n<p>\u00abUn\u2019altra virt\u00f9 di Mino \u00e8 la generosit\u00e0: quando ha dispensato le sue conoscenze personali e professionali, quando gli \u00e8 stato chiesto un aiuto, lo ha fatto con piacere e competenza, senza mai chiedere nulla in cambio, al punto da dimenticare se stesso.<br \/>\u00c8 un artista poliedrico, una persona riservata, discreta, spesso invisibile, a volte un po\u2019 burbera ma con grandi capacit\u00e0 di raccontare e raccontarsi, di esprimere il suo punto di vista valorizzando anche quello degli altri. Mino si \u00e8 sempre nutrito di tutto quello che la vita gli ha offerto e continua a offrirgli, come questo meritato e indimenticabile momento\u00bb.<\/p>\n<p><a class=\"a2a_button_facebook\" href=\"https:\/\/www.addtoany.com\/add_to\/facebook?linkurl=https%3A%2F%2Fturi.lavocedelpaese.info%2Fmino-miale-quarantanni-darte-al-servizio-degli-ultimi%2F&amp;linkname=Mino%20Miale%2C%20quarant%E2%80%99anni%20d%E2%80%99arte%20al%20servizio%20degli%20ultimi\" title=\"Facebook\" target=\"_blank\" rel=\"noopener\"><\/a><a class=\"a2a_button_twitter\" href=\"https:\/\/www.addtoany.com\/add_to\/twitter?linkurl=https%3A%2F%2Fturi.lavocedelpaese.info%2Fmino-miale-quarantanni-darte-al-servizio-degli-ultimi%2F&amp;linkname=Mino%20Miale%2C%20quarant%E2%80%99anni%20d%E2%80%99arte%20al%20servizio%20degli%20ultimi\" title=\"Twitter\" target=\"_blank\" rel=\"noopener\"><\/a><a class=\"a2a_button_whatsapp\" href=\"https:\/\/www.addtoany.com\/add_to\/whatsapp?linkurl=https%3A%2F%2Fturi.lavocedelpaese.info%2Fmino-miale-quarantanni-darte-al-servizio-degli-ultimi%2F&amp;linkname=Mino%20Miale%2C%20quarant%E2%80%99anni%20d%E2%80%99arte%20al%20servizio%20degli%20ultimi\" title=\"WhatsApp\" target=\"_blank\" rel=\"noopener\"><\/a><a class=\"a2a_button_telegram\" href=\"https:\/\/www.addtoany.com\/add_to\/telegram?linkurl=https%3A%2F%2Fturi.lavocedelpaese.info%2Fmino-miale-quarantanni-darte-al-servizio-degli-ultimi%2F&amp;linkname=Mino%20Miale%2C%20quarant%E2%80%99anni%20d%E2%80%99arte%20al%20servizio%20degli%20ultimi\" title=\"Telegram\" target=\"_blank\" rel=\"noopener\"><\/a><a class=\"a2a_button_email\" href=\"https:\/\/www.addtoany.com\/add_to\/email?linkurl=https%3A%2F%2Fturi.lavocedelpaese.info%2Fmino-miale-quarantanni-darte-al-servizio-degli-ultimi%2F&amp;linkname=Mino%20Miale%2C%20quarant%E2%80%99anni%20d%E2%80%99arte%20al%20servizio%20degli%20ultimi\" title=\"Email\" target=\"_blank\" rel=\"noopener\"><\/a><\/p>\n<p>\u00a0<\/p>\n<p><a class=\"a2a_button_facebook\" href=\"https:\/\/www.addtoany.com\/add_to\/facebook?linkurl=https%3A%2F%2Flavocedelpaese.info%2Findex.php%2F2023%2F07%2F05%2Fmino-miale-quarantanni-darte-al-servizio-degli-ultimi%2F&amp;linkname=Mino%20Miale%2C%20quarant%E2%80%99anni%20d%E2%80%99arte%20al%20servizio%20degli%20ultimi\" title=\"Facebook\" target=\"_blank\" rel=\"noopener\"><\/a><a class=\"a2a_button_twitter\" href=\"https:\/\/www.addtoany.com\/add_to\/twitter?linkurl=https%3A%2F%2Flavocedelpaese.info%2Findex.php%2F2023%2F07%2F05%2Fmino-miale-quarantanni-darte-al-servizio-degli-ultimi%2F&amp;linkname=Mino%20Miale%2C%20quarant%E2%80%99anni%20d%E2%80%99arte%20al%20servizio%20degli%20ultimi\" title=\"Twitter\" target=\"_blank\" rel=\"noopener\"><\/a><a class=\"a2a_button_whatsapp\" href=\"https:\/\/www.addtoany.com\/add_to\/whatsapp?linkurl=https%3A%2F%2Flavocedelpaese.info%2Findex.php%2F2023%2F07%2F05%2Fmino-miale-quarantanni-darte-al-servizio-degli-ultimi%2F&amp;linkname=Mino%20Miale%2C%20quarant%E2%80%99anni%20d%E2%80%99arte%20al%20servizio%20degli%20ultimi\" title=\"WhatsApp\" target=\"_blank\" rel=\"noopener\"><\/a><a class=\"a2a_button_telegram\" href=\"https:\/\/www.addtoany.com\/add_to\/telegram?linkurl=https%3A%2F%2Flavocedelpaese.info%2Findex.php%2F2023%2F07%2F05%2Fmino-miale-quarantanni-darte-al-servizio-degli-ultimi%2F&amp;linkname=Mino%20Miale%2C%20quarant%E2%80%99anni%20d%E2%80%99arte%20al%20servizio%20degli%20ultimi\" title=\"Telegram\" target=\"_blank\" rel=\"noopener\"><\/a><a class=\"a2a_button_email\" href=\"https:\/\/www.addtoany.com\/add_to\/email?linkurl=https%3A%2F%2Flavocedelpaese.info%2Findex.php%2F2023%2F07%2F05%2Fmino-miale-quarantanni-darte-al-servizio-degli-ultimi%2F&amp;linkname=Mino%20Miale%2C%20quarant%E2%80%99anni%20d%E2%80%99arte%20al%20servizio%20degli%20ultimi\" title=\"Email\" target=\"_blank\" rel=\"noopener\"><\/a><\/p>\n<p>\u00a0<\/p>","protected":false},"excerpt":{"rendered":"<p>\u00a0 \u200b\u00a0 \u200bTuri \u2013 La Voce del Paese\u00a0 Lo scenografo turese \u00e8 stato insignito del premio internazionale \u201cdon Tonino Bello\u201d.<\/p>\n","protected":false},"author":0,"featured_media":0,"comment_status":"open","ping_status":"closed","sticky":false,"template":"","format":"standard","meta":{"colormag_page_container_layout":"default_layout","colormag_page_sidebar_layout":"default_layout","_monsterinsights_skip_tracking":false,"_monsterinsights_sitenote_active":false,"_monsterinsights_sitenote_note":"","_monsterinsights_sitenote_category":0,"footnotes":""},"categories":[7],"tags":[],"class_list":["post-4251","post","type-post","status-publish","format-standard","hentry","category-regione"],"_links":{"self":[{"href":"https:\/\/casamassima.lavocedelpaese.info\/index.php\/wp-json\/wp\/v2\/posts\/4251","targetHints":{"allow":["GET"]}}],"collection":[{"href":"https:\/\/casamassima.lavocedelpaese.info\/index.php\/wp-json\/wp\/v2\/posts"}],"about":[{"href":"https:\/\/casamassima.lavocedelpaese.info\/index.php\/wp-json\/wp\/v2\/types\/post"}],"replies":[{"embeddable":true,"href":"https:\/\/casamassima.lavocedelpaese.info\/index.php\/wp-json\/wp\/v2\/comments?post=4251"}],"version-history":[{"count":0,"href":"https:\/\/casamassima.lavocedelpaese.info\/index.php\/wp-json\/wp\/v2\/posts\/4251\/revisions"}],"wp:attachment":[{"href":"https:\/\/casamassima.lavocedelpaese.info\/index.php\/wp-json\/wp\/v2\/media?parent=4251"}],"wp:term":[{"taxonomy":"category","embeddable":true,"href":"https:\/\/casamassima.lavocedelpaese.info\/index.php\/wp-json\/wp\/v2\/categories?post=4251"},{"taxonomy":"post_tag","embeddable":true,"href":"https:\/\/casamassima.lavocedelpaese.info\/index.php\/wp-json\/wp\/v2\/tags?post=4251"}],"curies":[{"name":"wp","href":"https:\/\/api.w.org\/{rel}","templated":true}]}}