{"id":4209,"date":"2023-07-03T11:30:37","date_gmt":"2023-07-03T11:30:37","guid":{"rendered":"https:\/\/casamassima.lavocedelpaese.info\/index.php\/2023\/07\/03\/eletto-il-nuovo-direttivo-fidas-turi-4\/"},"modified":"2023-07-03T11:30:37","modified_gmt":"2023-07-03T11:30:37","slug":"eletto-il-nuovo-direttivo-fidas-turi-4","status":"publish","type":"post","link":"https:\/\/casamassima.lavocedelpaese.info\/index.php\/2023\/07\/03\/eletto-il-nuovo-direttivo-fidas-turi-4\/","title":{"rendered":"Eletto il nuovo direttivo FIDAS Turi"},"content":{"rendered":"<p>\u00a0<\/p>\n<p>\u200b\u00a0<\/p>\n<p>\u200bTuri \u2013 La Voce del Paese\u00a0<\/p>\n<p><em><strong>Troiano si riconferma presidente. Dell\u2019Aera nominato nuovo vicepresidente<\/strong><\/em><\/p>\n<p>Torna a guidare la Fidas \u2013 FDSP Turi il presidente Michele Salvatore Troiano che, con 38 voti, ha ottenuto l\u2019incarico di rappresentante della sezione turese per il triennio 2023- 2026.<\/p>\n<p>Il suo nome \u00e8 stato scelto e riconfermato nelle elezioni dello scorso 18 maggio, data nella quale sono stati votati anche i componenti del nuovo consiglio direttivo.<\/p>\n<p>Dalle preferenze espresse e verificate nel corso della riunione del successivo 23 maggio, la Fidas Turi brinda alla presidenza di Michele Salvatore Troiano. Al suo fianco, con l\u2019incarico di vicepresidente, \u00e8 stato eletto Domingo Dell\u2019Area; segretario Francesco Di Noia; Tesoriere Emanuela Cistulli. Nelle fila dei consiglieri della sezione turese sono stati eletti Modesto Lerede, Antonello Palmisano e Beatrice Colapietro.<\/p>\n<p>\u00abGrazie di cuore a tutti per avermi eletto in questo che rappresenta il mio quarto mandato da presidente della sezione di Turi\u00bb \u2013 ha commentato il presidente della Fidas Turi Michele Salvatore Troiano.<\/p>\n<p>\u00abSi ringraziano tutti i donatori elettori che hanno partecipato e porgo un grande in bocca al lupo per un lavoro proficuo nel mandare avanti l\u2019impegno associativo per promuovere la donazione del sangue\u00bb.<br \/>\u00c8 ai circa 450 donatori turesi che si rivolge il neo rinnovato presidente Troiano nel porgere sempre il suo ringraziamento al gesto della donazione compiuto nelle giornate che la Fidas indice durante l\u2019anno. Ma \u00e8 un richiamo all\u2019attenzione nei confronti di un tassello della nostra vita quotidiana e sanitaria verso il quale nessuno deve abbassare la guardia. La mancanza di sangue recherebbe gravi problemi nelle fasi pi\u00f9 importanti del lavoro sanitario, quello della salvezza di vite umane. Ecco che il gesto del dono, cos\u00ec semplice e sicuramente controllato dalle \u00e9quipe trasfusionali, diventa un gesto prezioso per chiunque. \u00c8 su questo concetto che la Fidas, cos\u00ec come ogni donatore di sangue, rivolge il suo pensiero e il suo invito a donare. E a Turi, non potevamo avere un esempio pi\u00f9 concreto del nostro presidente Troiano che, ricordiamo, ha all\u2019attivo oltre 100 donazioni.<\/p>\n<p>Ora non ci resta che augurare a tutto il neo direttivo Fidas un buon lavoro e a tutti i turesi un invito a partecipare al gesto della donazione perch\u00e9, ripetiamo sempre, \u201cDonare sangue \u00e8 donare vita!\u201d.<\/p>\n<p class=\"has-text-align-right\"><strong>Cinzia Debiase<\/strong><\/p>\n<p><a class=\"a2a_button_facebook\" href=\"https:\/\/www.addtoany.com\/add_to\/facebook?linkurl=https%3A%2F%2Fturi.lavocedelpaese.info%2Feletto-il-nuovo-direttivo-fidas-turi%2F&amp;linkname=Eletto%20il%20nuovo%20direttivo%20FIDAS%20Turi\" title=\"Facebook\" target=\"_blank\" rel=\"noopener\"><\/a><a class=\"a2a_button_twitter\" href=\"https:\/\/www.addtoany.com\/add_to\/twitter?linkurl=https%3A%2F%2Fturi.lavocedelpaese.info%2Feletto-il-nuovo-direttivo-fidas-turi%2F&amp;linkname=Eletto%20il%20nuovo%20direttivo%20FIDAS%20Turi\" title=\"Twitter\" target=\"_blank\" rel=\"noopener\"><\/a><a class=\"a2a_button_whatsapp\" href=\"https:\/\/www.addtoany.com\/add_to\/whatsapp?linkurl=https%3A%2F%2Fturi.lavocedelpaese.info%2Feletto-il-nuovo-direttivo-fidas-turi%2F&amp;linkname=Eletto%20il%20nuovo%20direttivo%20FIDAS%20Turi\" title=\"WhatsApp\" target=\"_blank\" rel=\"noopener\"><\/a><a class=\"a2a_button_telegram\" href=\"https:\/\/www.addtoany.com\/add_to\/telegram?linkurl=https%3A%2F%2Fturi.lavocedelpaese.info%2Feletto-il-nuovo-direttivo-fidas-turi%2F&amp;linkname=Eletto%20il%20nuovo%20direttivo%20FIDAS%20Turi\" title=\"Telegram\" target=\"_blank\" rel=\"noopener\"><\/a><a class=\"a2a_button_email\" href=\"https:\/\/www.addtoany.com\/add_to\/email?linkurl=https%3A%2F%2Fturi.lavocedelpaese.info%2Feletto-il-nuovo-direttivo-fidas-turi%2F&amp;linkname=Eletto%20il%20nuovo%20direttivo%20FIDAS%20Turi\" title=\"Email\" target=\"_blank\" rel=\"noopener\"><\/a><\/p>\n<p>\u00a0<\/p>\n<p><a class=\"a2a_button_facebook\" href=\"https:\/\/www.addtoany.com\/add_to\/facebook?linkurl=https%3A%2F%2Flavocedelpaese.info%2Findex.php%2F2023%2F07%2F03%2Feletto-il-nuovo-direttivo-fidas-turi%2F&amp;linkname=Eletto%20il%20nuovo%20direttivo%20FIDAS%20Turi\" title=\"Facebook\" target=\"_blank\" rel=\"noopener\"><\/a><a class=\"a2a_button_twitter\" href=\"https:\/\/www.addtoany.com\/add_to\/twitter?linkurl=https%3A%2F%2Flavocedelpaese.info%2Findex.php%2F2023%2F07%2F03%2Feletto-il-nuovo-direttivo-fidas-turi%2F&amp;linkname=Eletto%20il%20nuovo%20direttivo%20FIDAS%20Turi\" title=\"Twitter\" target=\"_blank\" rel=\"noopener\"><\/a><a class=\"a2a_button_whatsapp\" href=\"https:\/\/www.addtoany.com\/add_to\/whatsapp?linkurl=https%3A%2F%2Flavocedelpaese.info%2Findex.php%2F2023%2F07%2F03%2Feletto-il-nuovo-direttivo-fidas-turi%2F&amp;linkname=Eletto%20il%20nuovo%20direttivo%20FIDAS%20Turi\" title=\"WhatsApp\" target=\"_blank\" rel=\"noopener\"><\/a><a class=\"a2a_button_telegram\" href=\"https:\/\/www.addtoany.com\/add_to\/telegram?linkurl=https%3A%2F%2Flavocedelpaese.info%2Findex.php%2F2023%2F07%2F03%2Feletto-il-nuovo-direttivo-fidas-turi%2F&amp;linkname=Eletto%20il%20nuovo%20direttivo%20FIDAS%20Turi\" title=\"Telegram\" target=\"_blank\" rel=\"noopener\"><\/a><a class=\"a2a_button_email\" href=\"https:\/\/www.addtoany.com\/add_to\/email?linkurl=https%3A%2F%2Flavocedelpaese.info%2Findex.php%2F2023%2F07%2F03%2Feletto-il-nuovo-direttivo-fidas-turi%2F&amp;linkname=Eletto%20il%20nuovo%20direttivo%20FIDAS%20Turi\" title=\"Email\" target=\"_blank\" rel=\"noopener\"><\/a><\/p>\n<p>\u00a0<\/p>","protected":false},"excerpt":{"rendered":"<p>\u00a0 \u200b\u00a0 \u200bTuri \u2013 La Voce del Paese\u00a0 Troiano si riconferma presidente. Dell\u2019Aera nominato nuovo vicepresidente Torna a guidare la<\/p>\n","protected":false},"author":0,"featured_media":0,"comment_status":"open","ping_status":"closed","sticky":false,"template":"","format":"standard","meta":{"colormag_page_container_layout":"default_layout","colormag_page_sidebar_layout":"default_layout","_monsterinsights_skip_tracking":false,"_monsterinsights_sitenote_active":false,"_monsterinsights_sitenote_note":"","_monsterinsights_sitenote_category":0,"footnotes":""},"categories":[7],"tags":[],"class_list":["post-4209","post","type-post","status-publish","format-standard","hentry","category-regione"],"_links":{"self":[{"href":"https:\/\/casamassima.lavocedelpaese.info\/index.php\/wp-json\/wp\/v2\/posts\/4209","targetHints":{"allow":["GET"]}}],"collection":[{"href":"https:\/\/casamassima.lavocedelpaese.info\/index.php\/wp-json\/wp\/v2\/posts"}],"about":[{"href":"https:\/\/casamassima.lavocedelpaese.info\/index.php\/wp-json\/wp\/v2\/types\/post"}],"replies":[{"embeddable":true,"href":"https:\/\/casamassima.lavocedelpaese.info\/index.php\/wp-json\/wp\/v2\/comments?post=4209"}],"version-history":[{"count":0,"href":"https:\/\/casamassima.lavocedelpaese.info\/index.php\/wp-json\/wp\/v2\/posts\/4209\/revisions"}],"wp:attachment":[{"href":"https:\/\/casamassima.lavocedelpaese.info\/index.php\/wp-json\/wp\/v2\/media?parent=4209"}],"wp:term":[{"taxonomy":"category","embeddable":true,"href":"https:\/\/casamassima.lavocedelpaese.info\/index.php\/wp-json\/wp\/v2\/categories?post=4209"},{"taxonomy":"post_tag","embeddable":true,"href":"https:\/\/casamassima.lavocedelpaese.info\/index.php\/wp-json\/wp\/v2\/tags?post=4209"}],"curies":[{"name":"wp","href":"https:\/\/api.w.org\/{rel}","templated":true}]}}