{"id":4161,"date":"2023-07-01T12:28:29","date_gmt":"2023-07-01T12:28:29","guid":{"rendered":"https:\/\/casamassima.lavocedelpaese.info\/index.php\/2023\/07\/01\/oggi-presso-limmacolata-lultimo-saluto-a-patrizia-4\/"},"modified":"2023-07-01T12:28:29","modified_gmt":"2023-07-01T12:28:29","slug":"oggi-presso-limmacolata-lultimo-saluto-a-patrizia-4","status":"publish","type":"post","link":"https:\/\/casamassima.lavocedelpaese.info\/index.php\/2023\/07\/01\/oggi-presso-limmacolata-lultimo-saluto-a-patrizia-4\/","title":{"rendered":"Oggi presso l\u2019Immacolata l\u2019ultimo saluto a Patrizia"},"content":{"rendered":"<p>\u00a0<\/p>\n<p>\u200b\u00a0<\/p>\n<p>\u200bGioia \u2013 La Voce del Paese\u00a0<\/p>\n<p><strong>Oggi alle 16 <\/strong>nella chiesa dell\u2019Immacolata di Lourdes, l\u2019ultimo saluto <strong>alla giornalista gioiese Patrizia Nettis<\/strong>. La notizia della tragica ed improvvisa scomparsa della 41enne diffusasi gioved\u00ec 29 giugno, ha sconvolto tutti. La sua solarit\u00e0, il suo sorriso, il suo essere \u201csocial\u201d come scelta non solo comunicativa e professionale ma di vita, la rendeva un volto noto e vicino a tutti.<\/p>\n<p>Giornalista professionista ha mosso i primi passi con il periodico locale Gioia Oggi di cui \u00e8 stata direttrice, poi \u00e8 tra le penne pi\u00f9 preziose della Gazzetta del Mezzogiorno di cui seguiva le pagine sportive e non solo, tanto da conquistare premi importanti, uno per tutti il Premio Campione ricevuto per ben due volte, la prima nel 2013 raccontando la storia \u201cvincente\u201d di Giuseppe Castellaneta e la seconda nel 2018, intervistando Leonardo Palmisano, un corridore 90enne di professione potatore.<\/p>\n<p>Da sempre Patrizia ha rivestito il ruolo di addetta stampa di numerose e prestigiose societ\u00e0 sportive anche a livello nazionale ed \u00e8 stata ospitata su tutti i giornali. Apprezzata istruttrice e campionessa di nuoto e di recente anche colonna di Gioia Running, nel 2013 ha dato alla luce uno splendido bimbo, Vittorio.<\/p>\n<p>A maggio, dopo aver maturato l\u2019esperienza di addetta stampa nella segreteria del sindaco Longo ad Alberobello e successivamente, da aprile 2022 nel comune di Fasano, aveva anche messo un punto fermo nella sua vita professionale con l\u2019assunzione a tempo indeterminato nello stesso ruolo in questo Comune.<\/p>\n<p>A gennaio le \u00e8 stato conferito dalla federazione regionale di pallavolo il premio di miglior giornalista. Commentandolo confessa i tanti sacrifici ma anche l\u2019enorme e forte passione per il giornalismo che da sempre la motiva ad accettare ogni sfida con s\u00e9 stessa e con gli altri. L\u2019ultimo premio lo riceve a Gioia, il 18 giugno scorso, da Franco Venere, presidente della Junior Basket Minozzi, per l\u2019impegno profuso nel mettere in luce la loro bella realt\u00e0.<\/p>\n<p>\u00c8 per tutti difficile accettare la sua assenza, i messaggi di cordoglio inondano i social, il suo talento, la sua \u201cluce\u201d, il suo sorriso che raramente non raggiungeva gli occhi, mancheranno a tutti.<\/p>\n<p>Ai famigliari, a Vito e Rosanna, al piccolo Vittorio, a Gianni giunga il cordoglio pi\u00f9 sincero dell\u2019intera Redazione.<\/p>\n<p><a class=\"a2a_button_facebook\" href=\"https:\/\/www.addtoany.com\/add_to\/facebook?linkurl=https%3A%2F%2Fgioia.lavocedelpaese.info%2Findex.php%2F2023%2F07%2F01%2Foggi-presso-limmacolata-lultimo-saluto-a-patrizia%2F&amp;linkname=Oggi%20presso%20l%E2%80%99Immacolata%20l%E2%80%99ultimo%20saluto%20a%20Patrizia\" title=\"Facebook\" target=\"_blank\" rel=\"noopener\"><\/a><a class=\"a2a_button_twitter\" href=\"https:\/\/www.addtoany.com\/add_to\/twitter?linkurl=https%3A%2F%2Fgioia.lavocedelpaese.info%2Findex.php%2F2023%2F07%2F01%2Foggi-presso-limmacolata-lultimo-saluto-a-patrizia%2F&amp;linkname=Oggi%20presso%20l%E2%80%99Immacolata%20l%E2%80%99ultimo%20saluto%20a%20Patrizia\" title=\"Twitter\" target=\"_blank\" rel=\"noopener\"><\/a><a class=\"a2a_button_whatsapp\" href=\"https:\/\/www.addtoany.com\/add_to\/whatsapp?linkurl=https%3A%2F%2Fgioia.lavocedelpaese.info%2Findex.php%2F2023%2F07%2F01%2Foggi-presso-limmacolata-lultimo-saluto-a-patrizia%2F&amp;linkname=Oggi%20presso%20l%E2%80%99Immacolata%20l%E2%80%99ultimo%20saluto%20a%20Patrizia\" title=\"WhatsApp\" target=\"_blank\" rel=\"noopener\"><\/a><a class=\"a2a_button_telegram\" href=\"https:\/\/www.addtoany.com\/add_to\/telegram?linkurl=https%3A%2F%2Fgioia.lavocedelpaese.info%2Findex.php%2F2023%2F07%2F01%2Foggi-presso-limmacolata-lultimo-saluto-a-patrizia%2F&amp;linkname=Oggi%20presso%20l%E2%80%99Immacolata%20l%E2%80%99ultimo%20saluto%20a%20Patrizia\" title=\"Telegram\" target=\"_blank\" rel=\"noopener\"><\/a><a class=\"a2a_button_email\" href=\"https:\/\/www.addtoany.com\/add_to\/email?linkurl=https%3A%2F%2Fgioia.lavocedelpaese.info%2Findex.php%2F2023%2F07%2F01%2Foggi-presso-limmacolata-lultimo-saluto-a-patrizia%2F&amp;linkname=Oggi%20presso%20l%E2%80%99Immacolata%20l%E2%80%99ultimo%20saluto%20a%20Patrizia\" title=\"Email\" target=\"_blank\" rel=\"noopener\"><\/a><\/p>\n<p>\u00a0<\/p>\n<p><a class=\"a2a_button_facebook\" href=\"https:\/\/www.addtoany.com\/add_to\/facebook?linkurl=https%3A%2F%2Flavocedelpaese.info%2Findex.php%2F2023%2F07%2F01%2Foggi-presso-limmacolata-lultimo-saluto-a-patrizia%2F&amp;linkname=Oggi%20presso%20l%E2%80%99Immacolata%20l%E2%80%99ultimo%20saluto%20a%20Patrizia\" title=\"Facebook\" target=\"_blank\" rel=\"noopener\"><\/a><a class=\"a2a_button_twitter\" href=\"https:\/\/www.addtoany.com\/add_to\/twitter?linkurl=https%3A%2F%2Flavocedelpaese.info%2Findex.php%2F2023%2F07%2F01%2Foggi-presso-limmacolata-lultimo-saluto-a-patrizia%2F&amp;linkname=Oggi%20presso%20l%E2%80%99Immacolata%20l%E2%80%99ultimo%20saluto%20a%20Patrizia\" title=\"Twitter\" target=\"_blank\" rel=\"noopener\"><\/a><a class=\"a2a_button_whatsapp\" href=\"https:\/\/www.addtoany.com\/add_to\/whatsapp?linkurl=https%3A%2F%2Flavocedelpaese.info%2Findex.php%2F2023%2F07%2F01%2Foggi-presso-limmacolata-lultimo-saluto-a-patrizia%2F&amp;linkname=Oggi%20presso%20l%E2%80%99Immacolata%20l%E2%80%99ultimo%20saluto%20a%20Patrizia\" title=\"WhatsApp\" target=\"_blank\" rel=\"noopener\"><\/a><a class=\"a2a_button_telegram\" href=\"https:\/\/www.addtoany.com\/add_to\/telegram?linkurl=https%3A%2F%2Flavocedelpaese.info%2Findex.php%2F2023%2F07%2F01%2Foggi-presso-limmacolata-lultimo-saluto-a-patrizia%2F&amp;linkname=Oggi%20presso%20l%E2%80%99Immacolata%20l%E2%80%99ultimo%20saluto%20a%20Patrizia\" title=\"Telegram\" target=\"_blank\" rel=\"noopener\"><\/a><a class=\"a2a_button_email\" href=\"https:\/\/www.addtoany.com\/add_to\/email?linkurl=https%3A%2F%2Flavocedelpaese.info%2Findex.php%2F2023%2F07%2F01%2Foggi-presso-limmacolata-lultimo-saluto-a-patrizia%2F&amp;linkname=Oggi%20presso%20l%E2%80%99Immacolata%20l%E2%80%99ultimo%20saluto%20a%20Patrizia\" title=\"Email\" target=\"_blank\" rel=\"noopener\"><\/a><\/p>\n<p>\u00a0<\/p>","protected":false},"excerpt":{"rendered":"<p>\u00a0 \u200b\u00a0 \u200bGioia \u2013 La Voce del Paese\u00a0 Oggi alle 16 nella chiesa dell\u2019Immacolata di Lourdes, l\u2019ultimo saluto alla giornalista<\/p>\n","protected":false},"author":0,"featured_media":0,"comment_status":"open","ping_status":"closed","sticky":false,"template":"","format":"standard","meta":{"colormag_page_container_layout":"default_layout","colormag_page_sidebar_layout":"default_layout","_monsterinsights_skip_tracking":false,"_monsterinsights_sitenote_active":false,"_monsterinsights_sitenote_note":"","_monsterinsights_sitenote_category":0,"footnotes":""},"categories":[7],"tags":[],"class_list":["post-4161","post","type-post","status-publish","format-standard","hentry","category-regione"],"_links":{"self":[{"href":"https:\/\/casamassima.lavocedelpaese.info\/index.php\/wp-json\/wp\/v2\/posts\/4161","targetHints":{"allow":["GET"]}}],"collection":[{"href":"https:\/\/casamassima.lavocedelpaese.info\/index.php\/wp-json\/wp\/v2\/posts"}],"about":[{"href":"https:\/\/casamassima.lavocedelpaese.info\/index.php\/wp-json\/wp\/v2\/types\/post"}],"replies":[{"embeddable":true,"href":"https:\/\/casamassima.lavocedelpaese.info\/index.php\/wp-json\/wp\/v2\/comments?post=4161"}],"version-history":[{"count":0,"href":"https:\/\/casamassima.lavocedelpaese.info\/index.php\/wp-json\/wp\/v2\/posts\/4161\/revisions"}],"wp:attachment":[{"href":"https:\/\/casamassima.lavocedelpaese.info\/index.php\/wp-json\/wp\/v2\/media?parent=4161"}],"wp:term":[{"taxonomy":"category","embeddable":true,"href":"https:\/\/casamassima.lavocedelpaese.info\/index.php\/wp-json\/wp\/v2\/categories?post=4161"},{"taxonomy":"post_tag","embeddable":true,"href":"https:\/\/casamassima.lavocedelpaese.info\/index.php\/wp-json\/wp\/v2\/tags?post=4161"}],"curies":[{"name":"wp","href":"https:\/\/api.w.org\/{rel}","templated":true}]}}