{"id":3996,"date":"2023-06-24T15:32:07","date_gmt":"2023-06-24T15:32:07","guid":{"rendered":"https:\/\/casamassima.lavocedelpaese.info\/index.php\/2023\/06\/24\/ad-un-anno-dalla-tragedia-messa-in-suffragio-per-erica-e-nicola-5\/"},"modified":"2023-06-24T15:32:07","modified_gmt":"2023-06-24T15:32:07","slug":"ad-un-anno-dalla-tragedia-messa-in-suffragio-per-erica-e-nicola-5","status":"publish","type":"post","link":"https:\/\/casamassima.lavocedelpaese.info\/index.php\/2023\/06\/24\/ad-un-anno-dalla-tragedia-messa-in-suffragio-per-erica-e-nicola-5\/","title":{"rendered":"Ad un anno dalla tragedia, Messa in suffragio per Erica e Nicola"},"content":{"rendered":"<p>\u00a0<\/p>\n<p>\u200b\u00a0<\/p>\n<p>\u200bCassano \u2013 La Voce del Paese\u00a0<\/p>\n<p><a href=\"https:\/\/archiviocassano.lavocedelpaese.info\/index.php\/2022\/06\/27\/nicola-ed-erica-tornano-a-casa-martedi-le-esequie-proclamato-il-lutto-cittadino-il-punto-delle-indagini\/\">E\u2019 passato un anno dalla tragica scomparsa <\/a>di <strong>Nicola ed Erica Petrelli<\/strong>, padre e figlia, cassanesi, che tornavano a casa da Milano a bordo della Fiat \u201cPanda\u201d, ammazzati da un\u2019auto sull\u2019autostrada A14, all\u2019altezza di San Severo, in provincia di Foggia.<\/p>\n<p>Come accertato dalla Polizia Stradale del Distaccamento di Foggia, a provocare il tamponamento e quindi la morte di Nicola ed Erica fu un SUV \u201cMaserati\u201d che viaggiava ad alta velocit\u00e0 e che \u2013 forse per una distrazione dell\u2019autista, forse per una condizione di stanchezza alla guida \u2013 travolse la piccola utilitaria sicch\u00e9 la Panda fu proiettata verso la scarpata di destra dove si ribalt\u00f2 pi\u00f9 volte provocando la morte sul colpo della ragazza e poco pi\u00f9 tardi quella di suo padre.<\/p>\n<p>Erano circa le 20.30 di sabato 25 giugno.<\/p>\n<p>Le famiglie di Nicola ed Erica hanno voluto ricordare con una Messa in suffragio le due vittime della strada<em> \u201cper onorare il loro grande esempio di amore, rispetto e dignit\u00e0\u201d,<\/em> si legge sull\u2019annuncio funebre.<\/p>\n<p><strong>La Celebrazione Eucaristica si terr\u00e0 in Chiesa Madre alle ore 19.30 di domenica 25 giugno. <\/strong><\/p>\n<p><a class=\"a2a_button_facebook\" href=\"https:\/\/www.addtoany.com\/add_to\/facebook?linkurl=https%3A%2F%2Fcassano.lavocedelpaese.info%2Findex.php%2F2023%2F06%2F24%2Fad-un-anno-dalla-tragedia-messa-in-suffragio-per-erica-e-nicola%2F&amp;linkname=Ad%20un%20anno%20dalla%20tragedia%2C%20Messa%20in%20suffragio%20per%20Erica%20e%20Nicola\" title=\"Facebook\" target=\"_blank\" rel=\"noopener\"><\/a><a class=\"a2a_button_twitter\" href=\"https:\/\/www.addtoany.com\/add_to\/twitter?linkurl=https%3A%2F%2Fcassano.lavocedelpaese.info%2Findex.php%2F2023%2F06%2F24%2Fad-un-anno-dalla-tragedia-messa-in-suffragio-per-erica-e-nicola%2F&amp;linkname=Ad%20un%20anno%20dalla%20tragedia%2C%20Messa%20in%20suffragio%20per%20Erica%20e%20Nicola\" title=\"Twitter\" target=\"_blank\" rel=\"noopener\"><\/a><a class=\"a2a_button_whatsapp\" href=\"https:\/\/www.addtoany.com\/add_to\/whatsapp?linkurl=https%3A%2F%2Fcassano.lavocedelpaese.info%2Findex.php%2F2023%2F06%2F24%2Fad-un-anno-dalla-tragedia-messa-in-suffragio-per-erica-e-nicola%2F&amp;linkname=Ad%20un%20anno%20dalla%20tragedia%2C%20Messa%20in%20suffragio%20per%20Erica%20e%20Nicola\" title=\"WhatsApp\" target=\"_blank\" rel=\"noopener\"><\/a><a class=\"a2a_button_telegram\" href=\"https:\/\/www.addtoany.com\/add_to\/telegram?linkurl=https%3A%2F%2Fcassano.lavocedelpaese.info%2Findex.php%2F2023%2F06%2F24%2Fad-un-anno-dalla-tragedia-messa-in-suffragio-per-erica-e-nicola%2F&amp;linkname=Ad%20un%20anno%20dalla%20tragedia%2C%20Messa%20in%20suffragio%20per%20Erica%20e%20Nicola\" title=\"Telegram\" target=\"_blank\" rel=\"noopener\"><\/a><a class=\"a2a_button_email\" href=\"https:\/\/www.addtoany.com\/add_to\/email?linkurl=https%3A%2F%2Fcassano.lavocedelpaese.info%2Findex.php%2F2023%2F06%2F24%2Fad-un-anno-dalla-tragedia-messa-in-suffragio-per-erica-e-nicola%2F&amp;linkname=Ad%20un%20anno%20dalla%20tragedia%2C%20Messa%20in%20suffragio%20per%20Erica%20e%20Nicola\" title=\"Email\" target=\"_blank\" rel=\"noopener\"><\/a><\/p>\n<p>\u00a0<\/p>\n<p><a class=\"a2a_button_facebook\" href=\"https:\/\/www.addtoany.com\/add_to\/facebook?linkurl=https%3A%2F%2Flavocedelpaese.info%2Findex.php%2F2023%2F06%2F24%2Fad-un-anno-dalla-tragedia-messa-in-suffragio-per-erica-e-nicola%2F&amp;linkname=Ad%20un%20anno%20dalla%20tragedia%2C%20Messa%20in%20suffragio%20per%20Erica%20e%20Nicola\" title=\"Facebook\" target=\"_blank\" rel=\"noopener\"><\/a><a class=\"a2a_button_twitter\" href=\"https:\/\/www.addtoany.com\/add_to\/twitter?linkurl=https%3A%2F%2Flavocedelpaese.info%2Findex.php%2F2023%2F06%2F24%2Fad-un-anno-dalla-tragedia-messa-in-suffragio-per-erica-e-nicola%2F&amp;linkname=Ad%20un%20anno%20dalla%20tragedia%2C%20Messa%20in%20suffragio%20per%20Erica%20e%20Nicola\" title=\"Twitter\" target=\"_blank\" rel=\"noopener\"><\/a><a class=\"a2a_button_whatsapp\" href=\"https:\/\/www.addtoany.com\/add_to\/whatsapp?linkurl=https%3A%2F%2Flavocedelpaese.info%2Findex.php%2F2023%2F06%2F24%2Fad-un-anno-dalla-tragedia-messa-in-suffragio-per-erica-e-nicola%2F&amp;linkname=Ad%20un%20anno%20dalla%20tragedia%2C%20Messa%20in%20suffragio%20per%20Erica%20e%20Nicola\" title=\"WhatsApp\" target=\"_blank\" rel=\"noopener\"><\/a><a class=\"a2a_button_telegram\" href=\"https:\/\/www.addtoany.com\/add_to\/telegram?linkurl=https%3A%2F%2Flavocedelpaese.info%2Findex.php%2F2023%2F06%2F24%2Fad-un-anno-dalla-tragedia-messa-in-suffragio-per-erica-e-nicola%2F&amp;linkname=Ad%20un%20anno%20dalla%20tragedia%2C%20Messa%20in%20suffragio%20per%20Erica%20e%20Nicola\" title=\"Telegram\" target=\"_blank\" rel=\"noopener\"><\/a><a class=\"a2a_button_email\" href=\"https:\/\/www.addtoany.com\/add_to\/email?linkurl=https%3A%2F%2Flavocedelpaese.info%2Findex.php%2F2023%2F06%2F24%2Fad-un-anno-dalla-tragedia-messa-in-suffragio-per-erica-e-nicola%2F&amp;linkname=Ad%20un%20anno%20dalla%20tragedia%2C%20Messa%20in%20suffragio%20per%20Erica%20e%20Nicola\" title=\"Email\" target=\"_blank\" rel=\"noopener\"><\/a><\/p>\n<p>\u00a0<\/p>","protected":false},"excerpt":{"rendered":"<p>\u00a0 \u200b\u00a0 \u200bCassano \u2013 La Voce del Paese\u00a0 E\u2019 passato un anno dalla tragica scomparsa di Nicola ed Erica Petrelli,<\/p>\n","protected":false},"author":0,"featured_media":0,"comment_status":"open","ping_status":"closed","sticky":false,"template":"","format":"standard","meta":{"colormag_page_container_layout":"default_layout","colormag_page_sidebar_layout":"default_layout","_monsterinsights_skip_tracking":false,"_monsterinsights_sitenote_active":false,"_monsterinsights_sitenote_note":"","_monsterinsights_sitenote_category":0,"footnotes":""},"categories":[7],"tags":[],"class_list":["post-3996","post","type-post","status-publish","format-standard","hentry","category-regione"],"_links":{"self":[{"href":"https:\/\/casamassima.lavocedelpaese.info\/index.php\/wp-json\/wp\/v2\/posts\/3996","targetHints":{"allow":["GET"]}}],"collection":[{"href":"https:\/\/casamassima.lavocedelpaese.info\/index.php\/wp-json\/wp\/v2\/posts"}],"about":[{"href":"https:\/\/casamassima.lavocedelpaese.info\/index.php\/wp-json\/wp\/v2\/types\/post"}],"replies":[{"embeddable":true,"href":"https:\/\/casamassima.lavocedelpaese.info\/index.php\/wp-json\/wp\/v2\/comments?post=3996"}],"version-history":[{"count":0,"href":"https:\/\/casamassima.lavocedelpaese.info\/index.php\/wp-json\/wp\/v2\/posts\/3996\/revisions"}],"wp:attachment":[{"href":"https:\/\/casamassima.lavocedelpaese.info\/index.php\/wp-json\/wp\/v2\/media?parent=3996"}],"wp:term":[{"taxonomy":"category","embeddable":true,"href":"https:\/\/casamassima.lavocedelpaese.info\/index.php\/wp-json\/wp\/v2\/categories?post=3996"},{"taxonomy":"post_tag","embeddable":true,"href":"https:\/\/casamassima.lavocedelpaese.info\/index.php\/wp-json\/wp\/v2\/tags?post=3996"}],"curies":[{"name":"wp","href":"https:\/\/api.w.org\/{rel}","templated":true}]}}