{"id":3949,"date":"2023-06-22T16:34:27","date_gmt":"2023-06-22T16:34:27","guid":{"rendered":"https:\/\/casamassima.lavocedelpaese.info\/index.php\/2023\/06\/22\/michele-boccardi-verso-il-movimento-con-il-commento-di-paolo-tundo-9\/"},"modified":"2023-06-22T16:34:27","modified_gmt":"2023-06-22T16:34:27","slug":"michele-boccardi-verso-il-movimento-con-il-commento-di-paolo-tundo-9","status":"publish","type":"post","link":"https:\/\/casamassima.lavocedelpaese.info\/index.php\/2023\/06\/22\/michele-boccardi-verso-il-movimento-con-il-commento-di-paolo-tundo-9\/","title":{"rendered":"Michele Boccardi verso il movimento \u201cCon\u201d. Il commento di Paolo Tundo"},"content":{"rendered":"<p>\u00a0<\/p>\n<p>\u200b\u00a0<\/p>\n<p>\u200bTuri \u2013 La Voce del Paese\u00a0<\/p>\n<p><strong>\u201cSono sbigottito dal metodo utilizzato\u201d<\/strong><\/p>\n<p>\u201cSbigottito\u201d. Questo \u00e8 l\u2019aggettivo scelto da Paolo Tundo per commentare le trattative utili all\u2019ingresso di Michele Boccardi nel movimento politico \u201cCon\u201d, \u201ccreato\u201d dal governatore Emiliano in occasione delle elezioni regionali del 2020.<\/p>\n<p>\u00abNon ho nulla contro Michele Boccardi. Sono convinto \u2013 chiarisce \u2013 che ognuno \u00e8 libero di scegliere il proprio percorso politico, rimettendo il giudizio nelle mani degli elettori\u00bb.<\/p>\n<p>\u00abQuello che contesto \u2013 annota \u2013 \u00e8 il metodo utilizzato: come coordinatore cittadino, che ha sostenuto il movimento fin dalla sua nascita, non ritengo corretto aver dovuto apprendere la notizia dai giornali. Avrei gradito essere informato sia dai vertici baresi che dallo stesso Boccardi. \u00c8 una questione di rispetto, un valore sempre meno praticato in politica, dove sembra prevalere il malcostume dell\u2019arroganza\u00bb.<\/p>\n<div class=\"wp-block-spacer\"><\/div>\n<p><strong>In vista delle prossime elezioni comunali\u2026<\/strong><\/p>\n<p>D\u2019obbligo domandare se l\u2019inaspettato \u201ccambio di fronte\u201d di Boccardi, promotore dell\u2019attuale squadra di maggioranza, influir\u00e0 sulle prossime elezioni comunali.<br \/><strong>\u00ab<\/strong>Io, insieme ai 5 consiglieri di opposizione, sono l\u2019alternativa a Tina Resta\u00bb \u2013 risponde secco Tundo.<br \/>\u00abIl mio auspicio \u2013 rilancia \u2013 \u00e8 che il fronte della minoranza continui a lavorare, andando al di l\u00e0 delle appartenenze partitiche, per proporre un programma intorno al quale ci possa essere la convergenza dei giovani e di tutte quelle forze politiche e della societ\u00e0 civile che vogliono un\u2019Amministrazione capace e attenta alle esigenze dei cittadini\u00bb.<\/p>\n<div class=\"wp-block-spacer\"><\/div>\n<p><strong>\u201cManca l\u2019attenzione all\u2019ordinaria amministrazione\u201d<\/strong><\/p>\n<p>\u00abLe increspature interne alla maggioranza continuano a provocare difficolt\u00e0 nella gestione della macchina amministrativa\u00bb \u2013 aggiunge Tundo a margine, portando come esempio la situazione della viabilit\u00e0 urbana. \u00a0<\/p>\n<p>\u00abMolti cittadini mi hanno segnalato i disagi di via Nino Rota: un anno fa sono stati eseguiti gli scavi per la fibra e da oltre cinque mesi quelli per la fogna; nonostante varie sollecitazioni, non si \u00e8 ancora provveduto a ripristinare correttamente il manto stradale, seguendo le disposizioni previste dal nostro Regolamento. Via Tevere non \u00e8 asfaltata, via Pasquale Zita lo \u00e8 per met\u00e0 e l\u2019elenco potrebbe continuare all\u2019infinito\u2026<br \/>Per non parlare delle buche, disseminate in ogni strada, che rappresentano un serio rischio per l\u2019incolumit\u00e0 dei cittadini, e della scarsa cura del verde pubblico, che in estate dovrebbe essere una priorit\u00e0\u00bb \u2013 denuncia il consigliere, mostrandoci una serie di fotografie che vi proponiamo a fine articolo<\/p>\n<p>\u00abInsomma \u2013 chiosa Tundo \u2013 manca l\u2019attenzione all\u2019ordinaria amministrazione e, da consigliere di opposizione, ho il dovere di spronare la maggioranza ad intervenire, impegnandosi a rendere Turi un paese decoroso e accogliente\u00bb.<\/p>\n<p><strong><em>Via Nino Rota<\/em><\/strong><\/p>\n<div class=\"wp-block-spacer\"><\/div>\n<p><strong><em>Via Domenico Carone<\/em><\/strong><\/p>\n<div class=\"wp-block-spacer\"><\/div>\n<p><strong><em>Via Tevere<\/em><\/strong><\/p>\n<div class=\"wp-block-spacer\"><\/div>\n<p><strong><em>Via Indro Montanelli<\/em><\/strong><\/p>\n<div class=\"wp-block-spacer\"><\/div>\n<p><em><strong>Piazza Venusio<\/strong><\/em><\/p>\n<div class=\"wp-block-spacer\"><\/div>\n<p><strong><em>Via Selva Tetra<\/em><\/strong> <\/p>\n<p><a class=\"a2a_button_facebook\" href=\"https:\/\/www.addtoany.com\/add_to\/facebook?linkurl=https%3A%2F%2Fturi.lavocedelpaese.info%2Fmichele-boccardi-verso-il-movimento-con-il-commento-di-paolo-tundo%2F&amp;linkname=Michele%20Boccardi%20verso%20il%20movimento%20%E2%80%9CCon%E2%80%9D.%20Il%20commento%20di%20Paolo%20Tundo\" title=\"Facebook\" target=\"_blank\" rel=\"noopener\"><\/a><a class=\"a2a_button_twitter\" href=\"https:\/\/www.addtoany.com\/add_to\/twitter?linkurl=https%3A%2F%2Fturi.lavocedelpaese.info%2Fmichele-boccardi-verso-il-movimento-con-il-commento-di-paolo-tundo%2F&amp;linkname=Michele%20Boccardi%20verso%20il%20movimento%20%E2%80%9CCon%E2%80%9D.%20Il%20commento%20di%20Paolo%20Tundo\" title=\"Twitter\" target=\"_blank\" rel=\"noopener\"><\/a><a class=\"a2a_button_whatsapp\" href=\"https:\/\/www.addtoany.com\/add_to\/whatsapp?linkurl=https%3A%2F%2Fturi.lavocedelpaese.info%2Fmichele-boccardi-verso-il-movimento-con-il-commento-di-paolo-tundo%2F&amp;linkname=Michele%20Boccardi%20verso%20il%20movimento%20%E2%80%9CCon%E2%80%9D.%20Il%20commento%20di%20Paolo%20Tundo\" title=\"WhatsApp\" target=\"_blank\" rel=\"noopener\"><\/a><a class=\"a2a_button_telegram\" href=\"https:\/\/www.addtoany.com\/add_to\/telegram?linkurl=https%3A%2F%2Fturi.lavocedelpaese.info%2Fmichele-boccardi-verso-il-movimento-con-il-commento-di-paolo-tundo%2F&amp;linkname=Michele%20Boccardi%20verso%20il%20movimento%20%E2%80%9CCon%E2%80%9D.%20Il%20commento%20di%20Paolo%20Tundo\" title=\"Telegram\" target=\"_blank\" rel=\"noopener\"><\/a><a class=\"a2a_button_email\" href=\"https:\/\/www.addtoany.com\/add_to\/email?linkurl=https%3A%2F%2Fturi.lavocedelpaese.info%2Fmichele-boccardi-verso-il-movimento-con-il-commento-di-paolo-tundo%2F&amp;linkname=Michele%20Boccardi%20verso%20il%20movimento%20%E2%80%9CCon%E2%80%9D.%20Il%20commento%20di%20Paolo%20Tundo\" title=\"Email\" target=\"_blank\" rel=\"noopener\"><\/a><\/p>\n<p>\u00a0<\/p>\n<p><a class=\"a2a_button_facebook\" href=\"https:\/\/www.addtoany.com\/add_to\/facebook?linkurl=https%3A%2F%2Flavocedelpaese.info%2Findex.php%2F2023%2F06%2F22%2Fmichele-boccardi-verso-il-movimento-con-il-commento-di-paolo-tundo%2F&amp;linkname=Michele%20Boccardi%20verso%20il%20movimento%20%E2%80%9CCon%E2%80%9D.%20Il%20commento%20di%20Paolo%20Tundo\" title=\"Facebook\" target=\"_blank\" rel=\"noopener\"><\/a><a class=\"a2a_button_twitter\" href=\"https:\/\/www.addtoany.com\/add_to\/twitter?linkurl=https%3A%2F%2Flavocedelpaese.info%2Findex.php%2F2023%2F06%2F22%2Fmichele-boccardi-verso-il-movimento-con-il-commento-di-paolo-tundo%2F&amp;linkname=Michele%20Boccardi%20verso%20il%20movimento%20%E2%80%9CCon%E2%80%9D.%20Il%20commento%20di%20Paolo%20Tundo\" title=\"Twitter\" target=\"_blank\" rel=\"noopener\"><\/a><a class=\"a2a_button_whatsapp\" href=\"https:\/\/www.addtoany.com\/add_to\/whatsapp?linkurl=https%3A%2F%2Flavocedelpaese.info%2Findex.php%2F2023%2F06%2F22%2Fmichele-boccardi-verso-il-movimento-con-il-commento-di-paolo-tundo%2F&amp;linkname=Michele%20Boccardi%20verso%20il%20movimento%20%E2%80%9CCon%E2%80%9D.%20Il%20commento%20di%20Paolo%20Tundo\" title=\"WhatsApp\" target=\"_blank\" rel=\"noopener\"><\/a><a class=\"a2a_button_telegram\" href=\"https:\/\/www.addtoany.com\/add_to\/telegram?linkurl=https%3A%2F%2Flavocedelpaese.info%2Findex.php%2F2023%2F06%2F22%2Fmichele-boccardi-verso-il-movimento-con-il-commento-di-paolo-tundo%2F&amp;linkname=Michele%20Boccardi%20verso%20il%20movimento%20%E2%80%9CCon%E2%80%9D.%20Il%20commento%20di%20Paolo%20Tundo\" title=\"Telegram\" target=\"_blank\" rel=\"noopener\"><\/a><a class=\"a2a_button_email\" href=\"https:\/\/www.addtoany.com\/add_to\/email?linkurl=https%3A%2F%2Flavocedelpaese.info%2Findex.php%2F2023%2F06%2F22%2Fmichele-boccardi-verso-il-movimento-con-il-commento-di-paolo-tundo%2F&amp;linkname=Michele%20Boccardi%20verso%20il%20movimento%20%E2%80%9CCon%E2%80%9D.%20Il%20commento%20di%20Paolo%20Tundo\" title=\"Email\" target=\"_blank\" rel=\"noopener\"><\/a><\/p>\n<p>\u00a0<\/p>","protected":false},"excerpt":{"rendered":"<p>\u00a0 \u200b\u00a0 \u200bTuri \u2013 La Voce del Paese\u00a0 \u201cSono sbigottito dal metodo utilizzato\u201d \u201cSbigottito\u201d. Questo \u00e8 l\u2019aggettivo scelto da Paolo<\/p>\n","protected":false},"author":0,"featured_media":0,"comment_status":"open","ping_status":"closed","sticky":false,"template":"","format":"standard","meta":{"colormag_page_container_layout":"default_layout","colormag_page_sidebar_layout":"default_layout","_monsterinsights_skip_tracking":false,"_monsterinsights_sitenote_active":false,"_monsterinsights_sitenote_note":"","_monsterinsights_sitenote_category":0,"footnotes":""},"categories":[7],"tags":[],"class_list":["post-3949","post","type-post","status-publish","format-standard","hentry","category-regione"],"_links":{"self":[{"href":"https:\/\/casamassima.lavocedelpaese.info\/index.php\/wp-json\/wp\/v2\/posts\/3949","targetHints":{"allow":["GET"]}}],"collection":[{"href":"https:\/\/casamassima.lavocedelpaese.info\/index.php\/wp-json\/wp\/v2\/posts"}],"about":[{"href":"https:\/\/casamassima.lavocedelpaese.info\/index.php\/wp-json\/wp\/v2\/types\/post"}],"replies":[{"embeddable":true,"href":"https:\/\/casamassima.lavocedelpaese.info\/index.php\/wp-json\/wp\/v2\/comments?post=3949"}],"version-history":[{"count":0,"href":"https:\/\/casamassima.lavocedelpaese.info\/index.php\/wp-json\/wp\/v2\/posts\/3949\/revisions"}],"wp:attachment":[{"href":"https:\/\/casamassima.lavocedelpaese.info\/index.php\/wp-json\/wp\/v2\/media?parent=3949"}],"wp:term":[{"taxonomy":"category","embeddable":true,"href":"https:\/\/casamassima.lavocedelpaese.info\/index.php\/wp-json\/wp\/v2\/categories?post=3949"},{"taxonomy":"post_tag","embeddable":true,"href":"https:\/\/casamassima.lavocedelpaese.info\/index.php\/wp-json\/wp\/v2\/tags?post=3949"}],"curies":[{"name":"wp","href":"https:\/\/api.w.org\/{rel}","templated":true}]}}