{"id":3539,"date":"2023-06-05T19:41:57","date_gmt":"2023-06-05T19:41:57","guid":{"rendered":"https:\/\/casamassima.lavocedelpaese.info\/index.php\/2023\/06\/05\/no-allutero-in-affitto-raccolta-firme-di-fdi-anche-a-cassano-4\/"},"modified":"2023-06-05T19:41:57","modified_gmt":"2023-06-05T19:41:57","slug":"no-allutero-in-affitto-raccolta-firme-di-fdi-anche-a-cassano-4","status":"publish","type":"post","link":"https:\/\/casamassima.lavocedelpaese.info\/index.php\/2023\/06\/05\/no-allutero-in-affitto-raccolta-firme-di-fdi-anche-a-cassano-4\/","title":{"rendered":"No all\u2019utero in affitto: raccolta firme di FdI anche a Cassano"},"content":{"rendered":"<p>\u00a0<\/p>\n<p>\u200b\u00a0<\/p>\n<p>\u200bCassano \u2013 La Voce del Paese\u00a0<\/p>\n<p>Il Circolo di Fratelli d\u2019Italia di Cassano delle Murge aderisce alla giornata organizzata per la raccolta firme <strong>sabato 10 e domenica 11 giugno dalle ore 10 alle ore 12.30 presso Piazza Garibaldi<\/strong> con un banchetto adibito alla raccolta firme per sostenere la proposta di legge del partito e rendere <strong>l\u2019utero in affitto<\/strong> \u201creato universale\u201d.<\/p>\n<p>Lo scrive in una nota il Circolo territoriale di FdI di Cassano.<\/p>\n<p>\u201cAnche a Cassano delle Murge, come in tutti i circoli nazionali di Fratelli d\u2019Italia, si potr\u00e0 firmare e sottoscrivere presso il gazebo organizzato in piazza Garibaldi sabato 10 e domenica 11 giugno dalle ore 10 alle ore 12,30 la proposta di legge di Fratelli d\u2019Italia per rendere l\u2019utero in affitto reato universale (online all\u2019indirizzo www.nouteroinaffitto.it).<\/p>\n<p>L\u2019intento \u00e8 rendere il ricorso alla maternit\u00e0 surrogata reato universale e quindi perseguibile penalmente in Italia anche se commesso all\u2019estero. Il testo base della proposta \u00e8 gi\u00e0 stato approvato in Commissione Giustizia alla Camera e passer\u00e0 adesso al vaglio nelle aule di Camera e Senato. Fratelli d\u2019Italia lavora da tempo per mettere un freno alla pratica aberrante della maternit\u00e0 surrogata, la forma di schiavit\u00f9 del terzo millennio che umilia il corpo delle donne e trasforma i bambini in una merce: la proposta di legge, presentata nel 2018, finora era rimasta chiusa nei cassetti.<\/p>\n<p>Con la maggioranza scaturita nella vittoria alle elezioni politiche finalmente ha preso il via la sua discussione: una battaglia di civilt\u00e0 che invitiamo i tutti i cittadini a sostenere, a prescindere dall\u2019orientamento politico\u201d, conclude il Comunicato.<\/p>\n<p><a class=\"a2a_button_facebook\" href=\"https:\/\/www.addtoany.com\/add_to\/facebook?linkurl=https%3A%2F%2Fcassano.lavocedelpaese.info%2Findex.php%2F2023%2F06%2F05%2Fno-allutero-in-affitto-raccolta-firme-di-fdi-anche-a-cassano%2F&amp;linkname=No%20all%E2%80%99utero%20in%20affitto%3A%20raccolta%20firme%20di%20FdI%20anche%20a%20Cassano\" title=\"Facebook\" target=\"_blank\" rel=\"noopener\"><\/a><a class=\"a2a_button_twitter\" href=\"https:\/\/www.addtoany.com\/add_to\/twitter?linkurl=https%3A%2F%2Fcassano.lavocedelpaese.info%2Findex.php%2F2023%2F06%2F05%2Fno-allutero-in-affitto-raccolta-firme-di-fdi-anche-a-cassano%2F&amp;linkname=No%20all%E2%80%99utero%20in%20affitto%3A%20raccolta%20firme%20di%20FdI%20anche%20a%20Cassano\" title=\"Twitter\" target=\"_blank\" rel=\"noopener\"><\/a><a class=\"a2a_button_whatsapp\" href=\"https:\/\/www.addtoany.com\/add_to\/whatsapp?linkurl=https%3A%2F%2Fcassano.lavocedelpaese.info%2Findex.php%2F2023%2F06%2F05%2Fno-allutero-in-affitto-raccolta-firme-di-fdi-anche-a-cassano%2F&amp;linkname=No%20all%E2%80%99utero%20in%20affitto%3A%20raccolta%20firme%20di%20FdI%20anche%20a%20Cassano\" title=\"WhatsApp\" target=\"_blank\" rel=\"noopener\"><\/a><a class=\"a2a_button_telegram\" href=\"https:\/\/www.addtoany.com\/add_to\/telegram?linkurl=https%3A%2F%2Fcassano.lavocedelpaese.info%2Findex.php%2F2023%2F06%2F05%2Fno-allutero-in-affitto-raccolta-firme-di-fdi-anche-a-cassano%2F&amp;linkname=No%20all%E2%80%99utero%20in%20affitto%3A%20raccolta%20firme%20di%20FdI%20anche%20a%20Cassano\" title=\"Telegram\" target=\"_blank\" rel=\"noopener\"><\/a><a class=\"a2a_button_email\" href=\"https:\/\/www.addtoany.com\/add_to\/email?linkurl=https%3A%2F%2Fcassano.lavocedelpaese.info%2Findex.php%2F2023%2F06%2F05%2Fno-allutero-in-affitto-raccolta-firme-di-fdi-anche-a-cassano%2F&amp;linkname=No%20all%E2%80%99utero%20in%20affitto%3A%20raccolta%20firme%20di%20FdI%20anche%20a%20Cassano\" title=\"Email\" target=\"_blank\" rel=\"noopener\"><\/a><\/p>\n<p>\u00a0<\/p>\n<p><a class=\"a2a_button_facebook\" href=\"https:\/\/www.addtoany.com\/add_to\/facebook?linkurl=https%3A%2F%2Flavocedelpaese.info%2Findex.php%2F2023%2F06%2F05%2Fno-allutero-in-affitto-raccolta-firme-di-fdi-anche-a-cassano%2F&amp;linkname=No%20all%E2%80%99utero%20in%20affitto%3A%20raccolta%20firme%20di%20FdI%20anche%20a%20Cassano\" title=\"Facebook\" target=\"_blank\" rel=\"noopener\"><\/a><a class=\"a2a_button_twitter\" href=\"https:\/\/www.addtoany.com\/add_to\/twitter?linkurl=https%3A%2F%2Flavocedelpaese.info%2Findex.php%2F2023%2F06%2F05%2Fno-allutero-in-affitto-raccolta-firme-di-fdi-anche-a-cassano%2F&amp;linkname=No%20all%E2%80%99utero%20in%20affitto%3A%20raccolta%20firme%20di%20FdI%20anche%20a%20Cassano\" title=\"Twitter\" target=\"_blank\" rel=\"noopener\"><\/a><a class=\"a2a_button_whatsapp\" href=\"https:\/\/www.addtoany.com\/add_to\/whatsapp?linkurl=https%3A%2F%2Flavocedelpaese.info%2Findex.php%2F2023%2F06%2F05%2Fno-allutero-in-affitto-raccolta-firme-di-fdi-anche-a-cassano%2F&amp;linkname=No%20all%E2%80%99utero%20in%20affitto%3A%20raccolta%20firme%20di%20FdI%20anche%20a%20Cassano\" title=\"WhatsApp\" target=\"_blank\" rel=\"noopener\"><\/a><a class=\"a2a_button_telegram\" href=\"https:\/\/www.addtoany.com\/add_to\/telegram?linkurl=https%3A%2F%2Flavocedelpaese.info%2Findex.php%2F2023%2F06%2F05%2Fno-allutero-in-affitto-raccolta-firme-di-fdi-anche-a-cassano%2F&amp;linkname=No%20all%E2%80%99utero%20in%20affitto%3A%20raccolta%20firme%20di%20FdI%20anche%20a%20Cassano\" title=\"Telegram\" target=\"_blank\" rel=\"noopener\"><\/a><a class=\"a2a_button_email\" href=\"https:\/\/www.addtoany.com\/add_to\/email?linkurl=https%3A%2F%2Flavocedelpaese.info%2Findex.php%2F2023%2F06%2F05%2Fno-allutero-in-affitto-raccolta-firme-di-fdi-anche-a-cassano%2F&amp;linkname=No%20all%E2%80%99utero%20in%20affitto%3A%20raccolta%20firme%20di%20FdI%20anche%20a%20Cassano\" title=\"Email\" target=\"_blank\" rel=\"noopener\"><\/a><\/p>\n<p>\u00a0<\/p>","protected":false},"excerpt":{"rendered":"<p>\u00a0 \u200b\u00a0 \u200bCassano \u2013 La Voce del Paese\u00a0 Il Circolo di Fratelli d\u2019Italia di Cassano delle Murge aderisce alla giornata<\/p>\n","protected":false},"author":0,"featured_media":0,"comment_status":"open","ping_status":"closed","sticky":false,"template":"","format":"standard","meta":{"colormag_page_container_layout":"default_layout","colormag_page_sidebar_layout":"default_layout","_monsterinsights_skip_tracking":false,"_monsterinsights_sitenote_active":false,"_monsterinsights_sitenote_note":"","_monsterinsights_sitenote_category":0,"footnotes":""},"categories":[7],"tags":[],"class_list":["post-3539","post","type-post","status-publish","format-standard","hentry","category-regione"],"_links":{"self":[{"href":"https:\/\/casamassima.lavocedelpaese.info\/index.php\/wp-json\/wp\/v2\/posts\/3539","targetHints":{"allow":["GET"]}}],"collection":[{"href":"https:\/\/casamassima.lavocedelpaese.info\/index.php\/wp-json\/wp\/v2\/posts"}],"about":[{"href":"https:\/\/casamassima.lavocedelpaese.info\/index.php\/wp-json\/wp\/v2\/types\/post"}],"replies":[{"embeddable":true,"href":"https:\/\/casamassima.lavocedelpaese.info\/index.php\/wp-json\/wp\/v2\/comments?post=3539"}],"version-history":[{"count":0,"href":"https:\/\/casamassima.lavocedelpaese.info\/index.php\/wp-json\/wp\/v2\/posts\/3539\/revisions"}],"wp:attachment":[{"href":"https:\/\/casamassima.lavocedelpaese.info\/index.php\/wp-json\/wp\/v2\/media?parent=3539"}],"wp:term":[{"taxonomy":"category","embeddable":true,"href":"https:\/\/casamassima.lavocedelpaese.info\/index.php\/wp-json\/wp\/v2\/categories?post=3539"},{"taxonomy":"post_tag","embeddable":true,"href":"https:\/\/casamassima.lavocedelpaese.info\/index.php\/wp-json\/wp\/v2\/tags?post=3539"}],"curies":[{"name":"wp","href":"https:\/\/api.w.org\/{rel}","templated":true}]}}