{"id":2807,"date":"2023-05-06T08:30:43","date_gmt":"2023-05-06T08:30:43","guid":{"rendered":"https:\/\/casamassima.lavocedelpaese.info\/index.php\/2023\/05\/06\/omaggio-allinfanzia-del-circolo-del-grillo-parlante-2\/"},"modified":"2023-05-06T08:30:43","modified_gmt":"2023-05-06T08:30:43","slug":"omaggio-allinfanzia-del-circolo-del-grillo-parlante-2","status":"publish","type":"post","link":"https:\/\/casamassima.lavocedelpaese.info\/index.php\/2023\/05\/06\/omaggio-allinfanzia-del-circolo-del-grillo-parlante-2\/","title":{"rendered":"Omaggio all\u2019Infanzia del Circolo del Grillo Parlante"},"content":{"rendered":"<p>\u00a0<\/p>\n<p>\u200b\u00a0<\/p>\n<p>\u200bAcquaviva \u2013 La Voce del Paese\u00a0<\/p>\n<p>Si chiama (O) maggio alla infanzia il nostro calendario di appuntamenti dedicato ai bambini di ogni et\u00e0. Per tutto il mese di maggio, la nostra associazione proporr\u00e0 eventi per coinvolgere i bambini e i loro genitori in varie attivit\u00e0.<br \/>Si comincia con un recital teatrale che si terr\u00e0 il 6 e7 maggio presso l\u2019oratorio di Santa Maria maggiore ore 19,30 dal titolo \u201cGrazie mamma e papa\u201d adatto per tutta la famiglia. La regia \u00e8 di Antonio Lamanna.<\/p>\n<p>Il giorno 11 invece spazio al secondo torneo di Shangai e tiro alla fune in piazza dei martiri in collaborazione con il Canarino. Torneo di abilit\u00e0 riservato ai bambini e adulti. Si gioca in coppia anche adulto con un bambino.<\/p>\n<p>Il giorno 15 invece alle ore 17,30 in biblioteca la nostra chef Rita Stragapede ci racconta le curiosit\u00e0 legate alle cr\u00eapes e dimostra ai bambini come prepararle. Evento consigliato per bambini di sei\/otto anni.<\/p>\n<p>Il giorno 18 maggio presentiamo insieme alla autrice Nicoletta Abrusci il libro \u201cFilastrocche un po\u2019 stonate\u201d. L\u2019evento si svolge presso Mondadori book store alle ore 18,30. L\u2019autrice propone anche un laboratorio di acquerello.<\/p>\n<p>Per I piccoli abbiamo organizzato Il giorno 19 maggio nella biblioteca dei ragazzi un incontro con i bambini della scuola materna sul tema della salvaguardia delle api. Letture sull\u2019ambiente e intervento di Francesco Colafemmina che racconter\u00e0 della sua esperienza di apicoltore.<\/p>\n<p>Il giorno 23 alle ore 11,30 il gruppo Nati per Leggere della nostra associazione incontra presso il consultorio della asl Bari le future mamme per parlare dei benefici cognitivi di una lettura avviata precocemente nel neonato.<\/p>\n<p>Infine il giorno 29 maggio in collaborazione con l\u2019istituto Chiarulli \u201ccaccia al tesoro didattica\u201d sui temi ambientali con Il robottino Nao in biblioteca dei ragazzi ore 17,30.<\/p>\n<p>Per meglio organizzare gli eventi vi consigliamo di prenotare il vostro posto al numero wa della pagina fb della associazione circolo del grillo parlante.<\/p>\n<p><a class=\"a2a_button_facebook\" href=\"https:\/\/www.addtoany.com\/add_to\/facebook?linkurl=https%3A%2F%2Facquaviva.lavocedelpaese.info%2Findex.php%2F2023%2F05%2F06%2Fomaggio-allinfanzia-del-circolo-del-grillo-parlante%2F&amp;linkname=Omaggio%20all%E2%80%99Infanzia%20del%20Circolo%20del%20Grillo%20Parlante\" title=\"Facebook\" target=\"_blank\" rel=\"noopener\"><\/a><a class=\"a2a_button_twitter\" href=\"https:\/\/www.addtoany.com\/add_to\/twitter?linkurl=https%3A%2F%2Facquaviva.lavocedelpaese.info%2Findex.php%2F2023%2F05%2F06%2Fomaggio-allinfanzia-del-circolo-del-grillo-parlante%2F&amp;linkname=Omaggio%20all%E2%80%99Infanzia%20del%20Circolo%20del%20Grillo%20Parlante\" title=\"Twitter\" target=\"_blank\" rel=\"noopener\"><\/a><a class=\"a2a_button_whatsapp\" href=\"https:\/\/www.addtoany.com\/add_to\/whatsapp?linkurl=https%3A%2F%2Facquaviva.lavocedelpaese.info%2Findex.php%2F2023%2F05%2F06%2Fomaggio-allinfanzia-del-circolo-del-grillo-parlante%2F&amp;linkname=Omaggio%20all%E2%80%99Infanzia%20del%20Circolo%20del%20Grillo%20Parlante\" title=\"WhatsApp\" target=\"_blank\" rel=\"noopener\"><\/a><a class=\"a2a_button_telegram\" href=\"https:\/\/www.addtoany.com\/add_to\/telegram?linkurl=https%3A%2F%2Facquaviva.lavocedelpaese.info%2Findex.php%2F2023%2F05%2F06%2Fomaggio-allinfanzia-del-circolo-del-grillo-parlante%2F&amp;linkname=Omaggio%20all%E2%80%99Infanzia%20del%20Circolo%20del%20Grillo%20Parlante\" title=\"Telegram\" target=\"_blank\" rel=\"noopener\"><\/a><a class=\"a2a_button_email\" href=\"https:\/\/www.addtoany.com\/add_to\/email?linkurl=https%3A%2F%2Facquaviva.lavocedelpaese.info%2Findex.php%2F2023%2F05%2F06%2Fomaggio-allinfanzia-del-circolo-del-grillo-parlante%2F&amp;linkname=Omaggio%20all%E2%80%99Infanzia%20del%20Circolo%20del%20Grillo%20Parlante\" title=\"Email\" target=\"_blank\" rel=\"noopener\"><\/a><\/p>\n<p>\u00a0<\/p>\n<p><a class=\"a2a_button_facebook\" href=\"https:\/\/www.addtoany.com\/add_to\/facebook?linkurl=https%3A%2F%2Flavocedelpaese.info%2Findex.php%2F2023%2F05%2F06%2Fomaggio-allinfanzia-del-circolo-del-grillo-parlante%2F&amp;linkname=Omaggio%20all%E2%80%99Infanzia%20del%20Circolo%20del%20Grillo%20Parlante\" title=\"Facebook\" target=\"_blank\" rel=\"noopener\"><\/a><a class=\"a2a_button_twitter\" href=\"https:\/\/www.addtoany.com\/add_to\/twitter?linkurl=https%3A%2F%2Flavocedelpaese.info%2Findex.php%2F2023%2F05%2F06%2Fomaggio-allinfanzia-del-circolo-del-grillo-parlante%2F&amp;linkname=Omaggio%20all%E2%80%99Infanzia%20del%20Circolo%20del%20Grillo%20Parlante\" title=\"Twitter\" target=\"_blank\" rel=\"noopener\"><\/a><a class=\"a2a_button_whatsapp\" href=\"https:\/\/www.addtoany.com\/add_to\/whatsapp?linkurl=https%3A%2F%2Flavocedelpaese.info%2Findex.php%2F2023%2F05%2F06%2Fomaggio-allinfanzia-del-circolo-del-grillo-parlante%2F&amp;linkname=Omaggio%20all%E2%80%99Infanzia%20del%20Circolo%20del%20Grillo%20Parlante\" title=\"WhatsApp\" target=\"_blank\" rel=\"noopener\"><\/a><a class=\"a2a_button_telegram\" href=\"https:\/\/www.addtoany.com\/add_to\/telegram?linkurl=https%3A%2F%2Flavocedelpaese.info%2Findex.php%2F2023%2F05%2F06%2Fomaggio-allinfanzia-del-circolo-del-grillo-parlante%2F&amp;linkname=Omaggio%20all%E2%80%99Infanzia%20del%20Circolo%20del%20Grillo%20Parlante\" title=\"Telegram\" target=\"_blank\" rel=\"noopener\"><\/a><a class=\"a2a_button_email\" href=\"https:\/\/www.addtoany.com\/add_to\/email?linkurl=https%3A%2F%2Flavocedelpaese.info%2Findex.php%2F2023%2F05%2F06%2Fomaggio-allinfanzia-del-circolo-del-grillo-parlante%2F&amp;linkname=Omaggio%20all%E2%80%99Infanzia%20del%20Circolo%20del%20Grillo%20Parlante\" title=\"Email\" target=\"_blank\" rel=\"noopener\"><\/a><\/p>\n<p>\u00a0<\/p>","protected":false},"excerpt":{"rendered":"<p>\u00a0 \u200b\u00a0 \u200bAcquaviva \u2013 La Voce del Paese\u00a0 Si chiama (O) maggio alla infanzia il nostro calendario di appuntamenti dedicato<\/p>\n","protected":false},"author":0,"featured_media":0,"comment_status":"open","ping_status":"closed","sticky":false,"template":"","format":"standard","meta":{"colormag_page_container_layout":"default_layout","colormag_page_sidebar_layout":"default_layout","_monsterinsights_skip_tracking":false,"_monsterinsights_sitenote_active":false,"_monsterinsights_sitenote_note":"","_monsterinsights_sitenote_category":0,"footnotes":""},"categories":[7],"tags":[],"class_list":["post-2807","post","type-post","status-publish","format-standard","hentry","category-regione"],"_links":{"self":[{"href":"https:\/\/casamassima.lavocedelpaese.info\/index.php\/wp-json\/wp\/v2\/posts\/2807","targetHints":{"allow":["GET"]}}],"collection":[{"href":"https:\/\/casamassima.lavocedelpaese.info\/index.php\/wp-json\/wp\/v2\/posts"}],"about":[{"href":"https:\/\/casamassima.lavocedelpaese.info\/index.php\/wp-json\/wp\/v2\/types\/post"}],"replies":[{"embeddable":true,"href":"https:\/\/casamassima.lavocedelpaese.info\/index.php\/wp-json\/wp\/v2\/comments?post=2807"}],"version-history":[{"count":0,"href":"https:\/\/casamassima.lavocedelpaese.info\/index.php\/wp-json\/wp\/v2\/posts\/2807\/revisions"}],"wp:attachment":[{"href":"https:\/\/casamassima.lavocedelpaese.info\/index.php\/wp-json\/wp\/v2\/media?parent=2807"}],"wp:term":[{"taxonomy":"category","embeddable":true,"href":"https:\/\/casamassima.lavocedelpaese.info\/index.php\/wp-json\/wp\/v2\/categories?post=2807"},{"taxonomy":"post_tag","embeddable":true,"href":"https:\/\/casamassima.lavocedelpaese.info\/index.php\/wp-json\/wp\/v2\/tags?post=2807"}],"curies":[{"name":"wp","href":"https:\/\/api.w.org\/{rel}","templated":true}]}}