{"id":2748,"date":"2023-05-03T21:40:02","date_gmt":"2023-05-03T21:40:02","guid":{"rendered":"https:\/\/casamassima.lavocedelpaese.info\/index.php\/2023\/05\/03\/oh-raga-ma-voi-siete-mai-stati-ad-acquaviva-delle-fonti-2\/"},"modified":"2023-05-03T21:40:02","modified_gmt":"2023-05-03T21:40:02","slug":"oh-raga-ma-voi-siete-mai-stati-ad-acquaviva-delle-fonti-2","status":"publish","type":"post","link":"https:\/\/casamassima.lavocedelpaese.info\/index.php\/2023\/05\/03\/oh-raga-ma-voi-siete-mai-stati-ad-acquaviva-delle-fonti-2\/","title":{"rendered":"\u201cOh rag\u00e0, ma voi siete mai stati ad Acquaviva delle Fonti?!\u201d"},"content":{"rendered":"<p>\u00a0<\/p>\n<p>\u200b\u00a0<\/p>\n<p>\u200bAcquaviva \u2013 La Voce del Paese\u00a0<\/p>\n<p><em>di Francesco Lenoci<\/em><\/p>\n<p>\u201c<em>Oh rag\u00e0, ma voi siete mai stati a..<\/em>\u201d<\/p>\n<p>\u00c9 questo il tormentone del momento in alcuni dei borghi della provincia di Bari. E tra questi c\u2019\u00e8 anche la nostra cittadina. Una domanda semplice, innocente, ma anche d\u2019impatto, che ha scatenato un chiacchiericcio social e di piazza, arrivando addirittura a toccare anche la nostra campagna elettorale.<\/p>\n<p>Il protagonista \u00e8 Fabrizio Cota, giovane pugliese della provincia di Foggia, San Severo, YouTuber e TikToker da 69 mila follower e da decine di migliaia di visualizzazioni.<\/p>\n<p>Nei panni di un\u2019improvvisata guida turistica, Fabrizio atterra nella nostra citt\u00e0 in un giornata uggiosa e fredda, che non rovina per\u00f2 lo spettacolo offerto dalle nostre bellezze e dalla nostra storia.<\/p>\n<p>Il suo tour parte dalle prime informazioni degne di nota della nostra citt\u00e0, risalenti al periodo normanno svevo, per poi procedere in una carrellata veloce di alcuni edifici, chiese, particolari storici e curiosit\u00e0 che caratterizzano Acquaviva.<\/p>\n<p>Certo, non si tratta di un documentario o di un video promozionale a tutti gli effetti. Alcune informazioni sono errate, sommarie, non rendono giustizia alla nostra storia e al nostro patrimonio culturale. Non vengono messe in risalto tutte le nostre bellezze, per esempio il Teatro Comunale Luciani, il Museo Archeologico e le tradizioni popolari legate alla festa patronale.<\/p>\n<p>Ma, ovviamente, come cittadini, apprezziamo l\u2019impegno, la voglia e l\u2019entusiasmo di Fabrizio nel promuovere il territorio pugliese e la nostra citt\u00e0. Ne siamo orgogliosi e lo ringraziamo. Se vorr\u00e0 tornare nuovamente a trovarci, potremmo organizzare con lui una visita pi\u00f9 approfondita del nostro borgo e, ne siamo sicuri, ne rimarr\u00e0 affascinato.<\/p>\n<p>Non avete ancora visto il video? Qui il link: <a href=\"https:\/\/www.instagram.com\/p\/Cri1xO-OA2e\/\">https:\/\/www.instagram.com\/p\/Cri1xO-OA2e\/<\/a><\/p>\n<p><a class=\"a2a_button_facebook\" href=\"https:\/\/www.addtoany.com\/add_to\/facebook?linkurl=https%3A%2F%2Facquaviva.lavocedelpaese.info%2Findex.php%2F2023%2F05%2F03%2Foh-raga-ma-voi-siete-mai-stati-ad-acquaviva-delle-fonti%2F&amp;linkname=%E2%80%9COh%20rag%C3%A0%2C%20ma%20voi%20siete%20mai%20stati%20ad%20Acquaviva%20delle%20Fonti%3F%21%E2%80%9D\" title=\"Facebook\" target=\"_blank\" rel=\"noopener\"><\/a><a class=\"a2a_button_twitter\" href=\"https:\/\/www.addtoany.com\/add_to\/twitter?linkurl=https%3A%2F%2Facquaviva.lavocedelpaese.info%2Findex.php%2F2023%2F05%2F03%2Foh-raga-ma-voi-siete-mai-stati-ad-acquaviva-delle-fonti%2F&amp;linkname=%E2%80%9COh%20rag%C3%A0%2C%20ma%20voi%20siete%20mai%20stati%20ad%20Acquaviva%20delle%20Fonti%3F%21%E2%80%9D\" title=\"Twitter\" target=\"_blank\" rel=\"noopener\"><\/a><a class=\"a2a_button_whatsapp\" href=\"https:\/\/www.addtoany.com\/add_to\/whatsapp?linkurl=https%3A%2F%2Facquaviva.lavocedelpaese.info%2Findex.php%2F2023%2F05%2F03%2Foh-raga-ma-voi-siete-mai-stati-ad-acquaviva-delle-fonti%2F&amp;linkname=%E2%80%9COh%20rag%C3%A0%2C%20ma%20voi%20siete%20mai%20stati%20ad%20Acquaviva%20delle%20Fonti%3F%21%E2%80%9D\" title=\"WhatsApp\" target=\"_blank\" rel=\"noopener\"><\/a><a class=\"a2a_button_telegram\" href=\"https:\/\/www.addtoany.com\/add_to\/telegram?linkurl=https%3A%2F%2Facquaviva.lavocedelpaese.info%2Findex.php%2F2023%2F05%2F03%2Foh-raga-ma-voi-siete-mai-stati-ad-acquaviva-delle-fonti%2F&amp;linkname=%E2%80%9COh%20rag%C3%A0%2C%20ma%20voi%20siete%20mai%20stati%20ad%20Acquaviva%20delle%20Fonti%3F%21%E2%80%9D\" title=\"Telegram\" target=\"_blank\" rel=\"noopener\"><\/a><a class=\"a2a_button_email\" href=\"https:\/\/www.addtoany.com\/add_to\/email?linkurl=https%3A%2F%2Facquaviva.lavocedelpaese.info%2Findex.php%2F2023%2F05%2F03%2Foh-raga-ma-voi-siete-mai-stati-ad-acquaviva-delle-fonti%2F&amp;linkname=%E2%80%9COh%20rag%C3%A0%2C%20ma%20voi%20siete%20mai%20stati%20ad%20Acquaviva%20delle%20Fonti%3F%21%E2%80%9D\" title=\"Email\" target=\"_blank\" rel=\"noopener\"><\/a><\/p>\n<p>\u00a0<\/p>\n<p><a class=\"a2a_button_facebook\" href=\"https:\/\/www.addtoany.com\/add_to\/facebook?linkurl=https%3A%2F%2Flavocedelpaese.info%2Findex.php%2F2023%2F05%2F03%2Foh-raga-ma-voi-siete-mai-stati-ad-acquaviva-delle-fonti%2F&amp;linkname=%E2%80%9COh%20rag%C3%A0%2C%20ma%20voi%20siete%20mai%20stati%20ad%20Acquaviva%20delle%20Fonti%3F%21%E2%80%9D\" title=\"Facebook\" target=\"_blank\" rel=\"noopener\"><\/a><a class=\"a2a_button_twitter\" href=\"https:\/\/www.addtoany.com\/add_to\/twitter?linkurl=https%3A%2F%2Flavocedelpaese.info%2Findex.php%2F2023%2F05%2F03%2Foh-raga-ma-voi-siete-mai-stati-ad-acquaviva-delle-fonti%2F&amp;linkname=%E2%80%9COh%20rag%C3%A0%2C%20ma%20voi%20siete%20mai%20stati%20ad%20Acquaviva%20delle%20Fonti%3F%21%E2%80%9D\" title=\"Twitter\" target=\"_blank\" rel=\"noopener\"><\/a><a class=\"a2a_button_whatsapp\" href=\"https:\/\/www.addtoany.com\/add_to\/whatsapp?linkurl=https%3A%2F%2Flavocedelpaese.info%2Findex.php%2F2023%2F05%2F03%2Foh-raga-ma-voi-siete-mai-stati-ad-acquaviva-delle-fonti%2F&amp;linkname=%E2%80%9COh%20rag%C3%A0%2C%20ma%20voi%20siete%20mai%20stati%20ad%20Acquaviva%20delle%20Fonti%3F%21%E2%80%9D\" title=\"WhatsApp\" target=\"_blank\" rel=\"noopener\"><\/a><a class=\"a2a_button_telegram\" href=\"https:\/\/www.addtoany.com\/add_to\/telegram?linkurl=https%3A%2F%2Flavocedelpaese.info%2Findex.php%2F2023%2F05%2F03%2Foh-raga-ma-voi-siete-mai-stati-ad-acquaviva-delle-fonti%2F&amp;linkname=%E2%80%9COh%20rag%C3%A0%2C%20ma%20voi%20siete%20mai%20stati%20ad%20Acquaviva%20delle%20Fonti%3F%21%E2%80%9D\" title=\"Telegram\" target=\"_blank\" rel=\"noopener\"><\/a><a class=\"a2a_button_email\" href=\"https:\/\/www.addtoany.com\/add_to\/email?linkurl=https%3A%2F%2Flavocedelpaese.info%2Findex.php%2F2023%2F05%2F03%2Foh-raga-ma-voi-siete-mai-stati-ad-acquaviva-delle-fonti%2F&amp;linkname=%E2%80%9COh%20rag%C3%A0%2C%20ma%20voi%20siete%20mai%20stati%20ad%20Acquaviva%20delle%20Fonti%3F%21%E2%80%9D\" title=\"Email\" target=\"_blank\" rel=\"noopener\"><\/a><\/p>\n<p>\u00a0<\/p>","protected":false},"excerpt":{"rendered":"<p>\u00a0 \u200b\u00a0 \u200bAcquaviva \u2013 La Voce del Paese\u00a0 di Francesco Lenoci \u201cOh rag\u00e0, ma voi siete mai stati a..\u201d \u00c9<\/p>\n","protected":false},"author":0,"featured_media":0,"comment_status":"open","ping_status":"closed","sticky":false,"template":"","format":"standard","meta":{"colormag_page_container_layout":"default_layout","colormag_page_sidebar_layout":"default_layout","_monsterinsights_skip_tracking":false,"_monsterinsights_sitenote_active":false,"_monsterinsights_sitenote_note":"","_monsterinsights_sitenote_category":0,"footnotes":""},"categories":[7],"tags":[],"class_list":["post-2748","post","type-post","status-publish","format-standard","hentry","category-regione"],"_links":{"self":[{"href":"https:\/\/casamassima.lavocedelpaese.info\/index.php\/wp-json\/wp\/v2\/posts\/2748","targetHints":{"allow":["GET"]}}],"collection":[{"href":"https:\/\/casamassima.lavocedelpaese.info\/index.php\/wp-json\/wp\/v2\/posts"}],"about":[{"href":"https:\/\/casamassima.lavocedelpaese.info\/index.php\/wp-json\/wp\/v2\/types\/post"}],"replies":[{"embeddable":true,"href":"https:\/\/casamassima.lavocedelpaese.info\/index.php\/wp-json\/wp\/v2\/comments?post=2748"}],"version-history":[{"count":0,"href":"https:\/\/casamassima.lavocedelpaese.info\/index.php\/wp-json\/wp\/v2\/posts\/2748\/revisions"}],"wp:attachment":[{"href":"https:\/\/casamassima.lavocedelpaese.info\/index.php\/wp-json\/wp\/v2\/media?parent=2748"}],"wp:term":[{"taxonomy":"category","embeddable":true,"href":"https:\/\/casamassima.lavocedelpaese.info\/index.php\/wp-json\/wp\/v2\/categories?post=2748"},{"taxonomy":"post_tag","embeddable":true,"href":"https:\/\/casamassima.lavocedelpaese.info\/index.php\/wp-json\/wp\/v2\/tags?post=2748"}],"curies":[{"name":"wp","href":"https:\/\/api.w.org\/{rel}","templated":true}]}}