{"id":2698,"date":"2023-05-01T19:29:55","date_gmt":"2023-05-01T19:29:55","guid":{"rendered":"https:\/\/casamassima.lavocedelpaese.info\/index.php\/2023\/05\/01\/michele-gesualdi-don-lorenzo-milani-lesilio-di-barbiana-2\/"},"modified":"2023-05-01T19:29:55","modified_gmt":"2023-05-01T19:29:55","slug":"michele-gesualdi-don-lorenzo-milani-lesilio-di-barbiana-2","status":"publish","type":"post","link":"https:\/\/casamassima.lavocedelpaese.info\/index.php\/2023\/05\/01\/michele-gesualdi-don-lorenzo-milani-lesilio-di-barbiana-2\/","title":{"rendered":"Michele Gesualdi, \u201cDon Lorenzo Milani, l\u2019esilio di Barbiana\u201d"},"content":{"rendered":"<p>\u00a0<\/p>\n<p>\u200b\u00a0<\/p>\n<p>\u200bAcquaviva \u2013 La Voce del Paese\u00a0<\/p>\n<p>di Antonio Sabini<\/p>\n<p>Il giorno 29 aprile 2023, presso il Salone delle Feste di Acquaviva, si \u00e8 tenuta la presentazione della riedizione 2023 del libro \u201cDon Lorenzo Milani, l\u2019esilio di Barbiana\u201d di Michele Gesualdi, a cura della figlia Sandra Gesualdi. Hanno partecipato numerosi gli alunni\/e del Liceo Don Lorenzo Milani di Acquaviva delle Fonti leggendo particolari frammenti commuoventi del libro nel quale Michele Gesualdi, uno dei primi sei ragazzi di Barbiana, ricostruisce il percorso che ha portato Don Milani ad aprire il suo cuore svelandoci la sua vera anima di sacerdote che dal vero e proprio niente si \u00e8 preso cura degli esclusi e degli emarginati. In questo evento sono stati presenti Sandra Gesualdi, Vicepresidente della Fondazione Don Lorenzo Milani di Barbiana, Maria Rosaria Annoscia, Dirigente del Don<br \/>Milani di Acquaviva, Marica Laudadio, prof.ssa di lettere, Eugenio \u201cGeg\u00e8\u201d Scardaccione, Dirigente Scolastico per 25 anni.<br \/>\u201cRingrazio tutti per essere abbastanza numerosi, \u2013 Sandra Gesualdi -, mio padre \u00e8 scomparso a causa di una bruttissima malattia, la Sla, ma, nonostante ci\u00f2, ha sempre combattuto, orfano di padre con una mamma giovane a carico di 4 figli, scappa dall\u2019orfanotrofio dei Celestini a Prato e incombe nella sua strada Don Lorenzo Palombo che porta a Don Milani i primi ragazzi a Barbiana, nella sua vita \u00e8 stato sindacalista e fortunato ad aver frequentato la scuola di Barbiana di Don Milani dove prevaleva il valore della parola per equilibrare questo mondo ingiusto, oltre ai barbianesi arrivarono anche altri bambini bocciati di comuni limitrofi che avevano abbandonato la scuola pubblica, si era trovato in un ambiente con una famiglia allargata e con un sacerdote dal cuore d\u2019oro che amava tutti allo stesso<br \/>modo, questa sua vicinanza lo ha protetto dalla delinquenza e lo ha forgiato durante la sua vita\u201d.<br \/>\u201cSono molto onorata di conoscere Sandra, \u2013 Marica Laudadio -, ho letto questo libro meraviglioso in pochissimo tempo, perch\u00e9 da qualche anno dai luce a tuo padre che scomparso a causa di una malattia terribile, sei diventata portavoce della sua vita, ha avuto la fortuna di essere stato a servizio di Don Milani per 13 anni che lo ha spinto a credere nel valore della parola, infatti, il fil rouge del libro si attiene a tale termine spiegando quanto sia importante la cultura per i ragazzi aiutandoli ad essere liberi ed avere un futuro migliore, \u00e8 un libro abbastanza interessante nel quale attraversa gli anni pi\u00f9 importante di Don Milani dalle  testimonianze di chi ha vissuto in prima persona la sua figura, come tuo padre, \u00e8 ben messo in risalto l\u2019animo del sacerdote con le sue paure e i suoi timori, di quanto sia stato vittima di fraintendimenti, talvolta anche strumentalizzati\u201d.<br \/>\u201cSono stato a Barbiana dal 1983 al 1988 insieme ad altri colleghi, \u2013 Geg\u00e8 Scardaccione -, parlare di Don Milani con l\u2019emozione di Sandra significa tanto, questa giornata non bisogna mai dimenticarla, perch\u00e9 nella vita non bisogna mai rimuovere ma emozionarsi e commuoversi, questo libro \u00e8 un documento incarnato nella vita di questi 13 anni straordinari dal 1954 al 1967 di questo uomo di cui bisogna essere beati, nonostante fosse morto all\u2019et\u00e0 di 44 anni nel 1967 se ne parla ancora, Papa Francesco lo ha restituito alla dignit\u00e0 ecclesiastica definitivamente, un altro libro meraviglioso \u00e8 Lettera a una Professoressa, scritta dai suoi<br \/>ragazzi dove vollero esprimere un atto d\u2019accusa alla scuola italiana che faceva fatica a realizzare il diritto di tutti all\u2019istruzione, nella mia carriera scolastica sono stato bocciato 3 volte, ma son riuscito a laurearmi per ben 2 volte ed essere anche preside, non bisogna mai arrendersi come non lo hanno fatto i ragazzi di Don Milani\u201d.<br \/>\u201cRingrazio Sandra, tutti i professori di Acquaviva e i ragazzi del Don Milani per essere stati presenti a questa meravigliosa presentazione, \u2013 Maria Rosaria Annoscia -, ripercorrendo le parole del preside Scardaccione, colgo l\u2019occasione di poter sottolineare ai ragazzi di non dimenticare tale giorno nel momento in cui non vi sentirete capiti, in difficolt\u00e0, \u00e8 una fase di crescita dove andare in crisi \u00e8 molto facile per vari motivi; perci\u00f2, non bisogna mai scoraggiarsi, nonostante delusioni o bocciature, come per esempio gli allevi di Don Milani che erano stati bocciati sono riusciti a scrivere \u201cLettera a una professoressa\u201d che ha venduto milioni di copie oppure la stessa vita del sacerdote che letteralmente da solo giovanissimo \u00e8 riuscito a trasmettere l\u2019amore, l\u2019educazione e istruzione a molti bambini anche orfani di poter intraprendere in futuro un lavoro che gli faccia allontanare dalla strada\u201d.<\/p>\n<p class=\"has-text-align-right\"><strong>ANTONIO SABINI<\/strong><\/p>\n<p><a class=\"a2a_button_facebook\" href=\"https:\/\/www.addtoany.com\/add_to\/facebook?linkurl=https%3A%2F%2Facquaviva.lavocedelpaese.info%2Findex.php%2F2023%2F05%2F01%2Fmichele-gesualdi-don-lorenzo-milani-lesilio-di-barbiana%2F&amp;linkname=Michele%20Gesualdi%2C%20%E2%80%9CDon%20Lorenzo%20Milani%2C%20l%E2%80%99esilio%20di%20Barbiana%E2%80%9D\" title=\"Facebook\" target=\"_blank\" rel=\"noopener\"><\/a><a class=\"a2a_button_twitter\" href=\"https:\/\/www.addtoany.com\/add_to\/twitter?linkurl=https%3A%2F%2Facquaviva.lavocedelpaese.info%2Findex.php%2F2023%2F05%2F01%2Fmichele-gesualdi-don-lorenzo-milani-lesilio-di-barbiana%2F&amp;linkname=Michele%20Gesualdi%2C%20%E2%80%9CDon%20Lorenzo%20Milani%2C%20l%E2%80%99esilio%20di%20Barbiana%E2%80%9D\" title=\"Twitter\" target=\"_blank\" rel=\"noopener\"><\/a><a class=\"a2a_button_whatsapp\" href=\"https:\/\/www.addtoany.com\/add_to\/whatsapp?linkurl=https%3A%2F%2Facquaviva.lavocedelpaese.info%2Findex.php%2F2023%2F05%2F01%2Fmichele-gesualdi-don-lorenzo-milani-lesilio-di-barbiana%2F&amp;linkname=Michele%20Gesualdi%2C%20%E2%80%9CDon%20Lorenzo%20Milani%2C%20l%E2%80%99esilio%20di%20Barbiana%E2%80%9D\" title=\"WhatsApp\" target=\"_blank\" rel=\"noopener\"><\/a><a class=\"a2a_button_telegram\" href=\"https:\/\/www.addtoany.com\/add_to\/telegram?linkurl=https%3A%2F%2Facquaviva.lavocedelpaese.info%2Findex.php%2F2023%2F05%2F01%2Fmichele-gesualdi-don-lorenzo-milani-lesilio-di-barbiana%2F&amp;linkname=Michele%20Gesualdi%2C%20%E2%80%9CDon%20Lorenzo%20Milani%2C%20l%E2%80%99esilio%20di%20Barbiana%E2%80%9D\" title=\"Telegram\" target=\"_blank\" rel=\"noopener\"><\/a><a class=\"a2a_button_email\" href=\"https:\/\/www.addtoany.com\/add_to\/email?linkurl=https%3A%2F%2Facquaviva.lavocedelpaese.info%2Findex.php%2F2023%2F05%2F01%2Fmichele-gesualdi-don-lorenzo-milani-lesilio-di-barbiana%2F&amp;linkname=Michele%20Gesualdi%2C%20%E2%80%9CDon%20Lorenzo%20Milani%2C%20l%E2%80%99esilio%20di%20Barbiana%E2%80%9D\" title=\"Email\" target=\"_blank\" rel=\"noopener\"><\/a><\/p>\n<p>\u00a0<\/p>\n<p><a class=\"a2a_button_facebook\" href=\"https:\/\/www.addtoany.com\/add_to\/facebook?linkurl=https%3A%2F%2Flavocedelpaese.info%2Findex.php%2F2023%2F05%2F01%2Fmichele-gesualdi-don-lorenzo-milani-lesilio-di-barbiana%2F&amp;linkname=Michele%20Gesualdi%2C%20%E2%80%9CDon%20Lorenzo%20Milani%2C%20l%E2%80%99esilio%20di%20Barbiana%E2%80%9D\" title=\"Facebook\" target=\"_blank\" rel=\"noopener\"><\/a><a class=\"a2a_button_twitter\" href=\"https:\/\/www.addtoany.com\/add_to\/twitter?linkurl=https%3A%2F%2Flavocedelpaese.info%2Findex.php%2F2023%2F05%2F01%2Fmichele-gesualdi-don-lorenzo-milani-lesilio-di-barbiana%2F&amp;linkname=Michele%20Gesualdi%2C%20%E2%80%9CDon%20Lorenzo%20Milani%2C%20l%E2%80%99esilio%20di%20Barbiana%E2%80%9D\" title=\"Twitter\" target=\"_blank\" rel=\"noopener\"><\/a><a class=\"a2a_button_whatsapp\" href=\"https:\/\/www.addtoany.com\/add_to\/whatsapp?linkurl=https%3A%2F%2Flavocedelpaese.info%2Findex.php%2F2023%2F05%2F01%2Fmichele-gesualdi-don-lorenzo-milani-lesilio-di-barbiana%2F&amp;linkname=Michele%20Gesualdi%2C%20%E2%80%9CDon%20Lorenzo%20Milani%2C%20l%E2%80%99esilio%20di%20Barbiana%E2%80%9D\" title=\"WhatsApp\" target=\"_blank\" rel=\"noopener\"><\/a><a class=\"a2a_button_telegram\" href=\"https:\/\/www.addtoany.com\/add_to\/telegram?linkurl=https%3A%2F%2Flavocedelpaese.info%2Findex.php%2F2023%2F05%2F01%2Fmichele-gesualdi-don-lorenzo-milani-lesilio-di-barbiana%2F&amp;linkname=Michele%20Gesualdi%2C%20%E2%80%9CDon%20Lorenzo%20Milani%2C%20l%E2%80%99esilio%20di%20Barbiana%E2%80%9D\" title=\"Telegram\" target=\"_blank\" rel=\"noopener\"><\/a><a class=\"a2a_button_email\" href=\"https:\/\/www.addtoany.com\/add_to\/email?linkurl=https%3A%2F%2Flavocedelpaese.info%2Findex.php%2F2023%2F05%2F01%2Fmichele-gesualdi-don-lorenzo-milani-lesilio-di-barbiana%2F&amp;linkname=Michele%20Gesualdi%2C%20%E2%80%9CDon%20Lorenzo%20Milani%2C%20l%E2%80%99esilio%20di%20Barbiana%E2%80%9D\" title=\"Email\" target=\"_blank\" rel=\"noopener\"><\/a><\/p>\n<p>\u00a0<\/p>","protected":false},"excerpt":{"rendered":"<p>\u00a0 \u200b\u00a0 \u200bAcquaviva \u2013 La Voce del Paese\u00a0 di Antonio Sabini Il giorno 29 aprile 2023, presso il Salone delle<\/p>\n","protected":false},"author":0,"featured_media":0,"comment_status":"open","ping_status":"closed","sticky":false,"template":"","format":"standard","meta":{"colormag_page_container_layout":"default_layout","colormag_page_sidebar_layout":"default_layout","_monsterinsights_skip_tracking":false,"_monsterinsights_sitenote_active":false,"_monsterinsights_sitenote_note":"","_monsterinsights_sitenote_category":0,"footnotes":""},"categories":[7],"tags":[],"class_list":["post-2698","post","type-post","status-publish","format-standard","hentry","category-regione"],"_links":{"self":[{"href":"https:\/\/casamassima.lavocedelpaese.info\/index.php\/wp-json\/wp\/v2\/posts\/2698","targetHints":{"allow":["GET"]}}],"collection":[{"href":"https:\/\/casamassima.lavocedelpaese.info\/index.php\/wp-json\/wp\/v2\/posts"}],"about":[{"href":"https:\/\/casamassima.lavocedelpaese.info\/index.php\/wp-json\/wp\/v2\/types\/post"}],"replies":[{"embeddable":true,"href":"https:\/\/casamassima.lavocedelpaese.info\/index.php\/wp-json\/wp\/v2\/comments?post=2698"}],"version-history":[{"count":0,"href":"https:\/\/casamassima.lavocedelpaese.info\/index.php\/wp-json\/wp\/v2\/posts\/2698\/revisions"}],"wp:attachment":[{"href":"https:\/\/casamassima.lavocedelpaese.info\/index.php\/wp-json\/wp\/v2\/media?parent=2698"}],"wp:term":[{"taxonomy":"category","embeddable":true,"href":"https:\/\/casamassima.lavocedelpaese.info\/index.php\/wp-json\/wp\/v2\/categories?post=2698"},{"taxonomy":"post_tag","embeddable":true,"href":"https:\/\/casamassima.lavocedelpaese.info\/index.php\/wp-json\/wp\/v2\/tags?post=2698"}],"curies":[{"name":"wp","href":"https:\/\/api.w.org\/{rel}","templated":true}]}}