{"id":2694,"date":"2023-05-01T15:30:13","date_gmt":"2023-05-01T15:30:13","guid":{"rendered":"https:\/\/casamassima.lavocedelpaese.info\/index.php\/2023\/05\/01\/cammelli-a-barbiana-don-lorenzo-milani-e-la-sua-scuola-8\/"},"modified":"2023-05-01T15:30:13","modified_gmt":"2023-05-01T15:30:13","slug":"cammelli-a-barbiana-don-lorenzo-milani-e-la-sua-scuola-8","status":"publish","type":"post","link":"https:\/\/casamassima.lavocedelpaese.info\/index.php\/2023\/05\/01\/cammelli-a-barbiana-don-lorenzo-milani-e-la-sua-scuola-8\/","title":{"rendered":"\u201cCammelli a Barbiana\u201d, don Lorenzo Milani e la sua scuola"},"content":{"rendered":"<p>\u00a0<\/p>\n<p>\u200b\u00a0<\/p>\n<p>\u200bAcquaviva \u2013 La Voce del Paese\u00a0<\/p>\n<p>\u201cHo voluto pi\u00f9 bene a voi, ragazzi, che a Dio, ma ho speranza che lui non stia attento a queste sottigliezze e abbia scritto tutto al suo conto.\u201d<\/p>\n<p>DON LORENZO MILANI<\/p>\n<p>\u201cCammelli a Barbiana\u201d don Lorenzo Milani e la sua scuola<\/p>\n<p>di Francesco Niccolini e Luigi D\u2019Elia<\/p>\n<p>con Luigi D\u2019Elia<\/p>\n<p>regia di Fabrizio Saccomanno<\/p>\n<p>In \u201cCammelli a Barbiana\u201d Luigi D\u2019Elia e Francesco Niccolini ci raccontano la storia di un giovane nato ricco, che diventer\u00e0 prete e verr\u00e0 esiliato in mezzo ai boschi dell\u2019Appennino toscano dalla sua stessa Chiesa. Proprio lass\u00f9 don Lorenzo dar\u00e0 vita al miracolo della Scuola di Barbiana, circondato da un gruppo spaurito di ragazzini. Personalit\u00e0 caparbia e rivoluzionaria, diventer\u00e0 il simbolo di un insegnamento severo e accogliente insieme, che cominciava dal basso, dai veri bisogni di quella gente che non aveva avuto mai nulla. Capace di trasformare il piccolo universo di Barbiana, luogo di povert\u00e0 sociale ed economica, nell\u2019agor\u00e0 di una scuola con la S maiuscola, basata sulla consapevolezza che nessuno doveva essere lasciato indietro e che, perch\u00e9 ci\u00f2 accadesse, bisognava insegnare a quei ragazzini la forza autentica della parola.<\/p>\n<p>Luigi D\u2019Elia, nei panni di un don Lorenzo, a volte mite, altre scostante e dirompente, riesce, con semplicit\u00e0 e naturalezza, ma soprattutto giocando con i toni ed i colori della sua voce, a narrarci una splendida avventura umana e sociale, che parte dall\u2019ispirazione a diventare sacerdote fino all\u2019arrivo a Barbiana e, in quel luogo, si dipana fra le vittorie e le sconfitte, attraversate con coraggio, irruenza e l\u2019infinita dolcezza verso quei piccoli che egli amava pi\u00f9 della sua stessa vita. Un atto unico che evoca, descrive ed emoziona e coinvolge. Una pi\u00e8ce che travolge lo spettatore e lo trasporta in quel posto dimenticato, fra quei ragazzini curiosi e sorpresi dalla bellezza dell\u2019imparare, che videro, un giorno, un cammello volare nel cielo dell\u2019Appennino.<\/p>\n<p>Centenario della nascita di don Lorenzo Milani<\/p>\n<p>Programmazione nell\u2019ambito del progetto \u201cGenerazione Don Milani\u201d<\/p>\n<p>28 Aprile 2023 \u2013 27 Maggio 2023<\/p>\n<p>Liceo don Lorenzo Milani \u2013 Acquaviva delle Fonti<\/p>\n<p><a href=\"https:\/\/www.eventbrite.com\/e\/biglietti-cammelli-a-barbiana-don-lorenzo-milani-e-la-sua-scuola-626933323447\">https:\/\/www.eventbrite.com\/e\/biglietti-cammelli-a-barbiana-don-lorenzo-milani-e-la-sua-scuola-626933323447<\/a><\/p>\n<p><a class=\"a2a_button_facebook\" href=\"https:\/\/www.addtoany.com\/add_to\/facebook?linkurl=https%3A%2F%2Facquaviva.lavocedelpaese.info%2Findex.php%2F2023%2F05%2F01%2Fcammelli-a-barbiana-don-lorenzo-milani-e-la-sua-scuola%2F&amp;linkname=%E2%80%9CCammelli%20a%20Barbiana%E2%80%9D%2C%20don%20Lorenzo%20Milani%20e%20la%20sua%20scuola\" title=\"Facebook\" target=\"_blank\" rel=\"noopener\"><\/a><a class=\"a2a_button_twitter\" href=\"https:\/\/www.addtoany.com\/add_to\/twitter?linkurl=https%3A%2F%2Facquaviva.lavocedelpaese.info%2Findex.php%2F2023%2F05%2F01%2Fcammelli-a-barbiana-don-lorenzo-milani-e-la-sua-scuola%2F&amp;linkname=%E2%80%9CCammelli%20a%20Barbiana%E2%80%9D%2C%20don%20Lorenzo%20Milani%20e%20la%20sua%20scuola\" title=\"Twitter\" target=\"_blank\" rel=\"noopener\"><\/a><a class=\"a2a_button_whatsapp\" href=\"https:\/\/www.addtoany.com\/add_to\/whatsapp?linkurl=https%3A%2F%2Facquaviva.lavocedelpaese.info%2Findex.php%2F2023%2F05%2F01%2Fcammelli-a-barbiana-don-lorenzo-milani-e-la-sua-scuola%2F&amp;linkname=%E2%80%9CCammelli%20a%20Barbiana%E2%80%9D%2C%20don%20Lorenzo%20Milani%20e%20la%20sua%20scuola\" title=\"WhatsApp\" target=\"_blank\" rel=\"noopener\"><\/a><a class=\"a2a_button_telegram\" href=\"https:\/\/www.addtoany.com\/add_to\/telegram?linkurl=https%3A%2F%2Facquaviva.lavocedelpaese.info%2Findex.php%2F2023%2F05%2F01%2Fcammelli-a-barbiana-don-lorenzo-milani-e-la-sua-scuola%2F&amp;linkname=%E2%80%9CCammelli%20a%20Barbiana%E2%80%9D%2C%20don%20Lorenzo%20Milani%20e%20la%20sua%20scuola\" title=\"Telegram\" target=\"_blank\" rel=\"noopener\"><\/a><a class=\"a2a_button_email\" href=\"https:\/\/www.addtoany.com\/add_to\/email?linkurl=https%3A%2F%2Facquaviva.lavocedelpaese.info%2Findex.php%2F2023%2F05%2F01%2Fcammelli-a-barbiana-don-lorenzo-milani-e-la-sua-scuola%2F&amp;linkname=%E2%80%9CCammelli%20a%20Barbiana%E2%80%9D%2C%20don%20Lorenzo%20Milani%20e%20la%20sua%20scuola\" title=\"Email\" target=\"_blank\" rel=\"noopener\"><\/a><\/p>\n<p>\u00a0<\/p>\n<p><a class=\"a2a_button_facebook\" href=\"https:\/\/www.addtoany.com\/add_to\/facebook?linkurl=https%3A%2F%2Flavocedelpaese.info%2Findex.php%2F2023%2F05%2F01%2Fcammelli-a-barbiana-don-lorenzo-milani-e-la-sua-scuola%2F&amp;linkname=%E2%80%9CCammelli%20a%20Barbiana%E2%80%9D%2C%20don%20Lorenzo%20Milani%20e%20la%20sua%20scuola\" title=\"Facebook\" target=\"_blank\" rel=\"noopener\"><\/a><a class=\"a2a_button_twitter\" href=\"https:\/\/www.addtoany.com\/add_to\/twitter?linkurl=https%3A%2F%2Flavocedelpaese.info%2Findex.php%2F2023%2F05%2F01%2Fcammelli-a-barbiana-don-lorenzo-milani-e-la-sua-scuola%2F&amp;linkname=%E2%80%9CCammelli%20a%20Barbiana%E2%80%9D%2C%20don%20Lorenzo%20Milani%20e%20la%20sua%20scuola\" title=\"Twitter\" target=\"_blank\" rel=\"noopener\"><\/a><a class=\"a2a_button_whatsapp\" href=\"https:\/\/www.addtoany.com\/add_to\/whatsapp?linkurl=https%3A%2F%2Flavocedelpaese.info%2Findex.php%2F2023%2F05%2F01%2Fcammelli-a-barbiana-don-lorenzo-milani-e-la-sua-scuola%2F&amp;linkname=%E2%80%9CCammelli%20a%20Barbiana%E2%80%9D%2C%20don%20Lorenzo%20Milani%20e%20la%20sua%20scuola\" title=\"WhatsApp\" target=\"_blank\" rel=\"noopener\"><\/a><a class=\"a2a_button_telegram\" href=\"https:\/\/www.addtoany.com\/add_to\/telegram?linkurl=https%3A%2F%2Flavocedelpaese.info%2Findex.php%2F2023%2F05%2F01%2Fcammelli-a-barbiana-don-lorenzo-milani-e-la-sua-scuola%2F&amp;linkname=%E2%80%9CCammelli%20a%20Barbiana%E2%80%9D%2C%20don%20Lorenzo%20Milani%20e%20la%20sua%20scuola\" title=\"Telegram\" target=\"_blank\" rel=\"noopener\"><\/a><a class=\"a2a_button_email\" href=\"https:\/\/www.addtoany.com\/add_to\/email?linkurl=https%3A%2F%2Flavocedelpaese.info%2Findex.php%2F2023%2F05%2F01%2Fcammelli-a-barbiana-don-lorenzo-milani-e-la-sua-scuola%2F&amp;linkname=%E2%80%9CCammelli%20a%20Barbiana%E2%80%9D%2C%20don%20Lorenzo%20Milani%20e%20la%20sua%20scuola\" title=\"Email\" target=\"_blank\" rel=\"noopener\"><\/a><\/p>\n<p>\u00a0<\/p>","protected":false},"excerpt":{"rendered":"<p>\u00a0 \u200b\u00a0 \u200bAcquaviva \u2013 La Voce del Paese\u00a0 \u201cHo voluto pi\u00f9 bene a voi, ragazzi, che a Dio, ma ho<\/p>\n","protected":false},"author":0,"featured_media":0,"comment_status":"open","ping_status":"closed","sticky":false,"template":"","format":"standard","meta":{"colormag_page_container_layout":"default_layout","colormag_page_sidebar_layout":"default_layout","_monsterinsights_skip_tracking":false,"_monsterinsights_sitenote_active":false,"_monsterinsights_sitenote_note":"","_monsterinsights_sitenote_category":0,"footnotes":""},"categories":[7],"tags":[],"class_list":["post-2694","post","type-post","status-publish","format-standard","hentry","category-regione"],"_links":{"self":[{"href":"https:\/\/casamassima.lavocedelpaese.info\/index.php\/wp-json\/wp\/v2\/posts\/2694","targetHints":{"allow":["GET"]}}],"collection":[{"href":"https:\/\/casamassima.lavocedelpaese.info\/index.php\/wp-json\/wp\/v2\/posts"}],"about":[{"href":"https:\/\/casamassima.lavocedelpaese.info\/index.php\/wp-json\/wp\/v2\/types\/post"}],"replies":[{"embeddable":true,"href":"https:\/\/casamassima.lavocedelpaese.info\/index.php\/wp-json\/wp\/v2\/comments?post=2694"}],"version-history":[{"count":0,"href":"https:\/\/casamassima.lavocedelpaese.info\/index.php\/wp-json\/wp\/v2\/posts\/2694\/revisions"}],"wp:attachment":[{"href":"https:\/\/casamassima.lavocedelpaese.info\/index.php\/wp-json\/wp\/v2\/media?parent=2694"}],"wp:term":[{"taxonomy":"category","embeddable":true,"href":"https:\/\/casamassima.lavocedelpaese.info\/index.php\/wp-json\/wp\/v2\/categories?post=2694"},{"taxonomy":"post_tag","embeddable":true,"href":"https:\/\/casamassima.lavocedelpaese.info\/index.php\/wp-json\/wp\/v2\/tags?post=2694"}],"curies":[{"name":"wp","href":"https:\/\/api.w.org\/{rel}","templated":true}]}}