{"id":2657,"date":"2023-04-30T02:43:09","date_gmt":"2023-04-30T02:43:09","guid":{"rendered":"https:\/\/casamassima.lavocedelpaese.info\/index.php\/2023\/04\/30\/votiamo-guendalina-losito-e-il-soffione-al-festival-internazionale-del-film-corto-15\/"},"modified":"2023-04-30T02:43:09","modified_gmt":"2023-04-30T02:43:09","slug":"votiamo-guendalina-losito-e-il-soffione-al-festival-internazionale-del-film-corto-15","status":"publish","type":"post","link":"https:\/\/casamassima.lavocedelpaese.info\/index.php\/2023\/04\/30\/votiamo-guendalina-losito-e-il-soffione-al-festival-internazionale-del-film-corto-15\/","title":{"rendered":"Votiamo Guendalina Losito e il \u201cSoffione\u201d al Festival Internazionale del Film Corto"},"content":{"rendered":"<p>\u00a0<\/p>\n<p>\u200b\u00a0<\/p>\n<p>\u200bGioia \u2013 La Voce del Paese\u00a0<\/p>\n<div class=\"wp-block-image\">\n<\/div>\n<p>Tra i seicento cortometraggi selezionati nel Festival Internazionale del Film Corto \u201cTulipani di setanera\u201d vi \u00e8 \u201cSoffione\u201d, uno short film sul cyber bullismo che vede la giovane e talentuosa attrice gioiese <strong>Guendalina Losito<\/strong> interpretare con grandissima bravura ed emozione la protagonista Sara.<\/p>\n<p>I cortometraggi che saranno pi\u00f9 volte visualizzati entro il 30 aprile alle ore 12 finiranno nella rosa dei cinque cortometraggi premiati dalla RAI con premi e riconoscimenti molto importanti conferiti nel corso del festival dal 4 al 7 maggio.<\/p>\n<div class=\"wp-block-image\">\n<\/div>\n<p>Il Festival organizzato dall\u2019Associazione L\u2019Universit\u00e0 Cerca Lavoro (UCL), \u00e8 la rassegna di audiovisivo breve che racconta, attraverso le opere cinematografiche selezionate per il concorso, storie d\u2019autore di interesse sociale. Qui la diversit\u00e0 e la fragilit\u00e0 trovano una pluralit\u00e0 di narrazioni che hanno l\u2019obbiettivo di comunicare la condizione di ogni individuo e sostenerne l\u2019integrazione nella societ\u00e0 italiana e internazionale, tema di cui \u201cSoffione\u201d \u00e8 icona, sia per il tema trattato che per la cura ai dettagli e la magistrale interpretazione di Guendalina, commovente ed emozionante nel suo dialogo allo specchio con quella parte di s\u00e9 che vuole vederla reagire ai soprusi dei compagni e la incita a confidarsi con la sua famiglia, a non arrendersi, a lottare\u2026<\/p>\n<div class=\"wp-block-image\">\n<\/div>\n<p>Il corto prodotto da Gango Studio della durata di poco pi\u00f9 di 11 minuti vede alla regia <strong>Fabio Salerno<\/strong> e <strong>Dario Lucky<\/strong>, il soggetto \u00e8 di <strong>Francesco Cutrignelli<\/strong> e la sceneggiatura di <strong>Ersilia Cacace<\/strong>.<\/p>\n<p>Lo interpretano <strong>Giorgia Cavallaro<\/strong> (Sara da piccola), <strong>Fabio Salerno<\/strong> (il preside che con il suo discorso finale attraverso la metafora del soffione scioglie i cuori di tutti), <strong>Nicola Moschetti<\/strong> (il pap\u00e0 di Sara) e <strong>Melania Mastrapasqua<\/strong> (la sua mamma).<\/p>\n<p>La musica di <strong>Erica Mou<\/strong> \u00e8 perfetta per dar voce alle ansie ed alle insicurezze dell\u2019adolescenza, oltre che indovinata colonna sonora di un\u2019opera destinata al successo, di grandissimo impatto emozionale grazie a Guenda che attraverso quel video virale e alle notifiche sonore che segnalano l\u2019arrivo di un messaggio ha interpretato la disperazione di tutti gli adolescenti vittime di scherzi crudeli, in grado di rubare la voglia di vivere ed avvelenare una delle et\u00e0 pi\u00f9 belle della vita.<\/p>\n<div class=\"wp-block-image\">\n<\/div>\n<p><strong>\u201c<\/strong>Il soffione \u2013 spiega <strong>Fabio Salerno<\/strong> (il preside) agli studenti raccolti nell\u2019auditorium \u2013 \u00e8 come un segreto, \u00e8 qualcosa noto a pochi, destinato a rimanere nascosto. Sara aveva un segreto ma era l\u2019unica a non esserne a conoscenza perch\u00e9 non era vero.\u201d<\/p>\n<p>Ma come tutti i segreti, se rivelati assumono prima la forma di pettegolezzo, poi di calunnia, che si potrebbe paragonare al soffione con la sua infruttescenza di semi leggeri che soffiando si spargono al vento e diventano inafferrabili.<\/p>\n<p>\u201cEbbene la calunnia \u00e8 questo spargere incontrollabile\u2026 Le parole non sono pi\u00f9 recuperabili e si diffondono come soffioni\u201d creati da curiosi e superficiali messaggi\u2026 \u201ccon il peso delle vostre parole \u2013 conclude il preside \u2013 avete spinto la vostra compagna Sara farsi del male\u2026\u201d<\/p>\n<p>Il film in concorso finanziato dal <strong>Ministero dell\u2019Istruzione<\/strong>, fa parte di un progetto della rete di scopo costituita dai Comuni di <strong>Capurso<\/strong>, <strong>Casamassima<\/strong> e <strong>Triggiano<\/strong>, dall\u2019associazione <strong>Futuro@forense<\/strong> e dagli istituti scolastici \u201c<strong>Bosco-venisti<\/strong>\u201d di Capurso, \u201c<strong>Marconi<\/strong>\u201d di Casamassima e \u201cCartesio\u201d di Triggiano pu\u00f2 essere visto su questo link: <a href=\"https:\/\/www.raiplay.it\/video\/2023\/03\/soffione-corto-c7bacee7-5fc7-4050-bb77-6c1aed67d13e.html\">https:\/\/www.raiplay.it\/video\/2023\/03\/soffione-corto-c7bacee7-5fc7-4050-bb77-6c1aed67d13e.html<\/a>.<\/p>\n<div class=\"wp-block-embed__wrapper\">\n<\/div>\n<p><a class=\"a2a_button_facebook\" href=\"https:\/\/www.addtoany.com\/add_to\/facebook?linkurl=https%3A%2F%2Fgioia.lavocedelpaese.info%2Findex.php%2F2023%2F04%2F29%2Fvotiamo-guendalina-losito-e-il-soffione-al-festival-internazionale-del-film-corto%2F&amp;linkname=Votiamo%20Guendalina%20Losito%20e%20il%20%E2%80%9CSoffione%E2%80%9D%20al%20Festival%20Internazionale%20del%20Film%20Corto\" title=\"Facebook\" target=\"_blank\" rel=\"noopener\"><\/a><a class=\"a2a_button_twitter\" href=\"https:\/\/www.addtoany.com\/add_to\/twitter?linkurl=https%3A%2F%2Fgioia.lavocedelpaese.info%2Findex.php%2F2023%2F04%2F29%2Fvotiamo-guendalina-losito-e-il-soffione-al-festival-internazionale-del-film-corto%2F&amp;linkname=Votiamo%20Guendalina%20Losito%20e%20il%20%E2%80%9CSoffione%E2%80%9D%20al%20Festival%20Internazionale%20del%20Film%20Corto\" title=\"Twitter\" target=\"_blank\" rel=\"noopener\"><\/a><a class=\"a2a_button_whatsapp\" href=\"https:\/\/www.addtoany.com\/add_to\/whatsapp?linkurl=https%3A%2F%2Fgioia.lavocedelpaese.info%2Findex.php%2F2023%2F04%2F29%2Fvotiamo-guendalina-losito-e-il-soffione-al-festival-internazionale-del-film-corto%2F&amp;linkname=Votiamo%20Guendalina%20Losito%20e%20il%20%E2%80%9CSoffione%E2%80%9D%20al%20Festival%20Internazionale%20del%20Film%20Corto\" title=\"WhatsApp\" target=\"_blank\" rel=\"noopener\"><\/a><a class=\"a2a_button_telegram\" href=\"https:\/\/www.addtoany.com\/add_to\/telegram?linkurl=https%3A%2F%2Fgioia.lavocedelpaese.info%2Findex.php%2F2023%2F04%2F29%2Fvotiamo-guendalina-losito-e-il-soffione-al-festival-internazionale-del-film-corto%2F&amp;linkname=Votiamo%20Guendalina%20Losito%20e%20il%20%E2%80%9CSoffione%E2%80%9D%20al%20Festival%20Internazionale%20del%20Film%20Corto\" title=\"Telegram\" target=\"_blank\" rel=\"noopener\"><\/a><a class=\"a2a_button_email\" href=\"https:\/\/www.addtoany.com\/add_to\/email?linkurl=https%3A%2F%2Fgioia.lavocedelpaese.info%2Findex.php%2F2023%2F04%2F29%2Fvotiamo-guendalina-losito-e-il-soffione-al-festival-internazionale-del-film-corto%2F&amp;linkname=Votiamo%20Guendalina%20Losito%20e%20il%20%E2%80%9CSoffione%E2%80%9D%20al%20Festival%20Internazionale%20del%20Film%20Corto\" title=\"Email\" target=\"_blank\" rel=\"noopener\"><\/a><\/p>\n<p>\u00a0<\/p>\n<p><a class=\"a2a_button_facebook\" href=\"https:\/\/www.addtoany.com\/add_to\/facebook?linkurl=https%3A%2F%2Flavocedelpaese.info%2Findex.php%2F2023%2F04%2F29%2Fvotiamo-guendalina-losito-e-il-soffione-al-festival-internazionale-del-film-corto%2F&amp;linkname=Votiamo%20Guendalina%20Losito%20e%20il%20%E2%80%9CSoffione%E2%80%9D%20al%20Festival%20Internazionale%20del%20Film%20Corto\" title=\"Facebook\" target=\"_blank\" rel=\"noopener\"><\/a><a class=\"a2a_button_twitter\" href=\"https:\/\/www.addtoany.com\/add_to\/twitter?linkurl=https%3A%2F%2Flavocedelpaese.info%2Findex.php%2F2023%2F04%2F29%2Fvotiamo-guendalina-losito-e-il-soffione-al-festival-internazionale-del-film-corto%2F&amp;linkname=Votiamo%20Guendalina%20Losito%20e%20il%20%E2%80%9CSoffione%E2%80%9D%20al%20Festival%20Internazionale%20del%20Film%20Corto\" title=\"Twitter\" target=\"_blank\" rel=\"noopener\"><\/a><a class=\"a2a_button_whatsapp\" href=\"https:\/\/www.addtoany.com\/add_to\/whatsapp?linkurl=https%3A%2F%2Flavocedelpaese.info%2Findex.php%2F2023%2F04%2F29%2Fvotiamo-guendalina-losito-e-il-soffione-al-festival-internazionale-del-film-corto%2F&amp;linkname=Votiamo%20Guendalina%20Losito%20e%20il%20%E2%80%9CSoffione%E2%80%9D%20al%20Festival%20Internazionale%20del%20Film%20Corto\" title=\"WhatsApp\" target=\"_blank\" rel=\"noopener\"><\/a><a class=\"a2a_button_telegram\" href=\"https:\/\/www.addtoany.com\/add_to\/telegram?linkurl=https%3A%2F%2Flavocedelpaese.info%2Findex.php%2F2023%2F04%2F29%2Fvotiamo-guendalina-losito-e-il-soffione-al-festival-internazionale-del-film-corto%2F&amp;linkname=Votiamo%20Guendalina%20Losito%20e%20il%20%E2%80%9CSoffione%E2%80%9D%20al%20Festival%20Internazionale%20del%20Film%20Corto\" title=\"Telegram\" target=\"_blank\" rel=\"noopener\"><\/a><a class=\"a2a_button_email\" href=\"https:\/\/www.addtoany.com\/add_to\/email?linkurl=https%3A%2F%2Flavocedelpaese.info%2Findex.php%2F2023%2F04%2F29%2Fvotiamo-guendalina-losito-e-il-soffione-al-festival-internazionale-del-film-corto%2F&amp;linkname=Votiamo%20Guendalina%20Losito%20e%20il%20%E2%80%9CSoffione%E2%80%9D%20al%20Festival%20Internazionale%20del%20Film%20Corto\" title=\"Email\" target=\"_blank\" rel=\"noopener\"><\/a><\/p>\n<p>\u00a0<\/p>","protected":false},"excerpt":{"rendered":"<p>\u00a0 \u200b\u00a0 \u200bGioia \u2013 La Voce del Paese\u00a0 Tra i seicento cortometraggi selezionati nel Festival Internazionale del Film Corto \u201cTulipani<\/p>\n","protected":false},"author":0,"featured_media":0,"comment_status":"open","ping_status":"closed","sticky":false,"template":"","format":"standard","meta":{"colormag_page_container_layout":"default_layout","colormag_page_sidebar_layout":"default_layout","_monsterinsights_skip_tracking":false,"_monsterinsights_sitenote_active":false,"_monsterinsights_sitenote_note":"","_monsterinsights_sitenote_category":0,"footnotes":""},"categories":[7],"tags":[],"class_list":["post-2657","post","type-post","status-publish","format-standard","hentry","category-regione"],"_links":{"self":[{"href":"https:\/\/casamassima.lavocedelpaese.info\/index.php\/wp-json\/wp\/v2\/posts\/2657","targetHints":{"allow":["GET"]}}],"collection":[{"href":"https:\/\/casamassima.lavocedelpaese.info\/index.php\/wp-json\/wp\/v2\/posts"}],"about":[{"href":"https:\/\/casamassima.lavocedelpaese.info\/index.php\/wp-json\/wp\/v2\/types\/post"}],"replies":[{"embeddable":true,"href":"https:\/\/casamassima.lavocedelpaese.info\/index.php\/wp-json\/wp\/v2\/comments?post=2657"}],"version-history":[{"count":0,"href":"https:\/\/casamassima.lavocedelpaese.info\/index.php\/wp-json\/wp\/v2\/posts\/2657\/revisions"}],"wp:attachment":[{"href":"https:\/\/casamassima.lavocedelpaese.info\/index.php\/wp-json\/wp\/v2\/media?parent=2657"}],"wp:term":[{"taxonomy":"category","embeddable":true,"href":"https:\/\/casamassima.lavocedelpaese.info\/index.php\/wp-json\/wp\/v2\/categories?post=2657"},{"taxonomy":"post_tag","embeddable":true,"href":"https:\/\/casamassima.lavocedelpaese.info\/index.php\/wp-json\/wp\/v2\/tags?post=2657"}],"curies":[{"name":"wp","href":"https:\/\/api.w.org\/{rel}","templated":true}]}}