{"id":2556,"date":"2023-04-25T21:28:28","date_gmt":"2023-04-25T21:28:28","guid":{"rendered":"https:\/\/casamassima.lavocedelpaese.info\/index.php\/2023\/04\/25\/25-aprile-m5s-la-festa-e-linfa-per-la-comunita-cassanese-13\/"},"modified":"2023-04-25T21:28:28","modified_gmt":"2023-04-25T21:28:28","slug":"25-aprile-m5s-la-festa-e-linfa-per-la-comunita-cassanese-13","status":"publish","type":"post","link":"https:\/\/casamassima.lavocedelpaese.info\/index.php\/2023\/04\/25\/25-aprile-m5s-la-festa-e-linfa-per-la-comunita-cassanese-13\/","title":{"rendered":"25 aprile, M5S: la Festa \u00e8 linfa per la comunit\u00e0 cassanese"},"content":{"rendered":"<p>\u00a0<\/p>\n<p>\u200b\u00a0<\/p>\n<p>\u200bCassano \u2013 La Voce del Paese\u00a0<\/p>\n<p>Il 25 aprile rappresenta il giorno in cui le Italiane e gli Italiani, dopo un lungo periodo di profonda oscurit\u00e0, hanno conquistato, attraverso il sacrificio anche della vita, la libert\u00e0, la democrazia, l\u2019uguaglianza e la pace per il futuro della nostra nazione.<\/p>\n<p>Oggi questi diritti, in un contesto sociale e storico diverso, non perdono la loro essenza, anzi rappresentano la linfa per rafforzare i rapporti di una comunit\u00e0, della nostra comunit\u00e0 cassanese.<\/p>\n<p>Come voce ufficiale del Movimento 5 Stelle di Cassano delle Murge ribadisco l\u2019impegno ad eliminare divisioni ideologiche, politiche e sociali, per costruire cos\u00ec una comunit\u00e0 in cui donne e uomini possano camminare insieme; fondamentale pertanto, sar\u00e0 il coinvolgimento dei cittadini alla vita politica e amministrativa attraverso i possibili strumenti di partecipazione e democrazia diretta.<\/p>\n<p>Si ribadisce con gran voce il no al fascismo, alla violenza, alla guerra, e la volont\u00e0 di divulgare i valori pi\u00f9 profondi del 25 Aprile, in particolare verso le nuove generazioni, affinch\u00e9 il faro sui diritti fondamentali sanciti nella nostra Costituzione, sia costantemente acceso.<\/p>\n<p class=\"has-text-align-right\">Consigliera Comunale \u2013 Movimento Cinque Stelle<\/p>\n<p class=\"has-text-align-right\">Avv.ta Rossana Angiulo<\/p>\n<p><a class=\"a2a_button_facebook\" href=\"https:\/\/www.addtoany.com\/add_to\/facebook?linkurl=https%3A%2F%2Fcassano.lavocedelpaese.info%2Findex.php%2F2023%2F04%2F25%2F25-aprile-m5s-la-festa-e-linfa-per-la-comunita-cassanese%2F&amp;linkname=25%20aprile%2C%20M5S%3A%20la%20Festa%20%C3%A8%20linfa%20per%20la%20comunit%C3%A0%20cassanese\" title=\"Facebook\" target=\"_blank\" rel=\"noopener\"><\/a><a class=\"a2a_button_twitter\" href=\"https:\/\/www.addtoany.com\/add_to\/twitter?linkurl=https%3A%2F%2Fcassano.lavocedelpaese.info%2Findex.php%2F2023%2F04%2F25%2F25-aprile-m5s-la-festa-e-linfa-per-la-comunita-cassanese%2F&amp;linkname=25%20aprile%2C%20M5S%3A%20la%20Festa%20%C3%A8%20linfa%20per%20la%20comunit%C3%A0%20cassanese\" title=\"Twitter\" target=\"_blank\" rel=\"noopener\"><\/a><a class=\"a2a_button_whatsapp\" href=\"https:\/\/www.addtoany.com\/add_to\/whatsapp?linkurl=https%3A%2F%2Fcassano.lavocedelpaese.info%2Findex.php%2F2023%2F04%2F25%2F25-aprile-m5s-la-festa-e-linfa-per-la-comunita-cassanese%2F&amp;linkname=25%20aprile%2C%20M5S%3A%20la%20Festa%20%C3%A8%20linfa%20per%20la%20comunit%C3%A0%20cassanese\" title=\"WhatsApp\" target=\"_blank\" rel=\"noopener\"><\/a><a class=\"a2a_button_telegram\" href=\"https:\/\/www.addtoany.com\/add_to\/telegram?linkurl=https%3A%2F%2Fcassano.lavocedelpaese.info%2Findex.php%2F2023%2F04%2F25%2F25-aprile-m5s-la-festa-e-linfa-per-la-comunita-cassanese%2F&amp;linkname=25%20aprile%2C%20M5S%3A%20la%20Festa%20%C3%A8%20linfa%20per%20la%20comunit%C3%A0%20cassanese\" title=\"Telegram\" target=\"_blank\" rel=\"noopener\"><\/a><a class=\"a2a_button_email\" href=\"https:\/\/www.addtoany.com\/add_to\/email?linkurl=https%3A%2F%2Fcassano.lavocedelpaese.info%2Findex.php%2F2023%2F04%2F25%2F25-aprile-m5s-la-festa-e-linfa-per-la-comunita-cassanese%2F&amp;linkname=25%20aprile%2C%20M5S%3A%20la%20Festa%20%C3%A8%20linfa%20per%20la%20comunit%C3%A0%20cassanese\" title=\"Email\" target=\"_blank\" rel=\"noopener\"><\/a><\/p>\n<p>\u00a0<\/p>\n<p><a class=\"a2a_button_facebook\" href=\"https:\/\/www.addtoany.com\/add_to\/facebook?linkurl=https%3A%2F%2Flavocedelpaese.info%2Findex.php%2F2023%2F04%2F25%2F25-aprile-m5s-la-festa-e-linfa-per-la-comunita-cassanese%2F&amp;linkname=25%20aprile%2C%20M5S%3A%20la%20Festa%20%C3%A8%20linfa%20per%20la%20comunit%C3%A0%20cassanese\" title=\"Facebook\" target=\"_blank\" rel=\"noopener\"><\/a><a class=\"a2a_button_twitter\" href=\"https:\/\/www.addtoany.com\/add_to\/twitter?linkurl=https%3A%2F%2Flavocedelpaese.info%2Findex.php%2F2023%2F04%2F25%2F25-aprile-m5s-la-festa-e-linfa-per-la-comunita-cassanese%2F&amp;linkname=25%20aprile%2C%20M5S%3A%20la%20Festa%20%C3%A8%20linfa%20per%20la%20comunit%C3%A0%20cassanese\" title=\"Twitter\" target=\"_blank\" rel=\"noopener\"><\/a><a class=\"a2a_button_whatsapp\" href=\"https:\/\/www.addtoany.com\/add_to\/whatsapp?linkurl=https%3A%2F%2Flavocedelpaese.info%2Findex.php%2F2023%2F04%2F25%2F25-aprile-m5s-la-festa-e-linfa-per-la-comunita-cassanese%2F&amp;linkname=25%20aprile%2C%20M5S%3A%20la%20Festa%20%C3%A8%20linfa%20per%20la%20comunit%C3%A0%20cassanese\" title=\"WhatsApp\" target=\"_blank\" rel=\"noopener\"><\/a><a class=\"a2a_button_telegram\" href=\"https:\/\/www.addtoany.com\/add_to\/telegram?linkurl=https%3A%2F%2Flavocedelpaese.info%2Findex.php%2F2023%2F04%2F25%2F25-aprile-m5s-la-festa-e-linfa-per-la-comunita-cassanese%2F&amp;linkname=25%20aprile%2C%20M5S%3A%20la%20Festa%20%C3%A8%20linfa%20per%20la%20comunit%C3%A0%20cassanese\" title=\"Telegram\" target=\"_blank\" rel=\"noopener\"><\/a><a class=\"a2a_button_email\" href=\"https:\/\/www.addtoany.com\/add_to\/email?linkurl=https%3A%2F%2Flavocedelpaese.info%2Findex.php%2F2023%2F04%2F25%2F25-aprile-m5s-la-festa-e-linfa-per-la-comunita-cassanese%2F&amp;linkname=25%20aprile%2C%20M5S%3A%20la%20Festa%20%C3%A8%20linfa%20per%20la%20comunit%C3%A0%20cassanese\" title=\"Email\" target=\"_blank\" rel=\"noopener\"><\/a><\/p>\n<p>\u00a0<\/p>","protected":false},"excerpt":{"rendered":"<p>\u00a0 \u200b\u00a0 \u200bCassano \u2013 La Voce del Paese\u00a0 Il 25 aprile rappresenta il giorno in cui le Italiane e gli<\/p>\n","protected":false},"author":0,"featured_media":0,"comment_status":"open","ping_status":"closed","sticky":false,"template":"","format":"standard","meta":{"colormag_page_container_layout":"default_layout","colormag_page_sidebar_layout":"default_layout","_monsterinsights_skip_tracking":false,"_monsterinsights_sitenote_active":false,"_monsterinsights_sitenote_note":"","_monsterinsights_sitenote_category":0,"footnotes":""},"categories":[7],"tags":[],"class_list":["post-2556","post","type-post","status-publish","format-standard","hentry","category-regione"],"_links":{"self":[{"href":"https:\/\/casamassima.lavocedelpaese.info\/index.php\/wp-json\/wp\/v2\/posts\/2556","targetHints":{"allow":["GET"]}}],"collection":[{"href":"https:\/\/casamassima.lavocedelpaese.info\/index.php\/wp-json\/wp\/v2\/posts"}],"about":[{"href":"https:\/\/casamassima.lavocedelpaese.info\/index.php\/wp-json\/wp\/v2\/types\/post"}],"replies":[{"embeddable":true,"href":"https:\/\/casamassima.lavocedelpaese.info\/index.php\/wp-json\/wp\/v2\/comments?post=2556"}],"version-history":[{"count":0,"href":"https:\/\/casamassima.lavocedelpaese.info\/index.php\/wp-json\/wp\/v2\/posts\/2556\/revisions"}],"wp:attachment":[{"href":"https:\/\/casamassima.lavocedelpaese.info\/index.php\/wp-json\/wp\/v2\/media?parent=2556"}],"wp:term":[{"taxonomy":"category","embeddable":true,"href":"https:\/\/casamassima.lavocedelpaese.info\/index.php\/wp-json\/wp\/v2\/categories?post=2556"},{"taxonomy":"post_tag","embeddable":true,"href":"https:\/\/casamassima.lavocedelpaese.info\/index.php\/wp-json\/wp\/v2\/tags?post=2556"}],"curies":[{"name":"wp","href":"https:\/\/api.w.org\/{rel}","templated":true}]}}