{"id":2448,"date":"2023-04-21T09:28:32","date_gmt":"2023-04-21T09:28:32","guid":{"rendered":"https:\/\/casamassima.lavocedelpaese.info\/index.php\/2023\/04\/21\/presidente-che-ne-pensa-di-dimettersi-da-quel-ruolo-adesso-3\/"},"modified":"2023-04-21T09:28:32","modified_gmt":"2023-04-21T09:28:32","slug":"presidente-che-ne-pensa-di-dimettersi-da-quel-ruolo-adesso-3","status":"publish","type":"post","link":"https:\/\/casamassima.lavocedelpaese.info\/index.php\/2023\/04\/21\/presidente-che-ne-pensa-di-dimettersi-da-quel-ruolo-adesso-3\/","title":{"rendered":"Presidente: che ne pensa di dimettersi da quel ruolo, adesso?"},"content":{"rendered":"<p>\u00a0<\/p>\n<p>\u200b\u00a0<\/p>\n<p>\u200bCassano \u2013 La Voce del Paese\u00a0<\/p>\n<p>di Giovanni Brunelli<\/p>\n<p>Scena muta, ieri in Consiglio Comunale, per il Presidente della Prima Commissione Consiliare permanente, Lino Angiulo.<\/p>\n<p>Il Presidente ha ascoltato in silenzio assoluto, come tutto il Consiglio, la ricostruzione dei fatti raccontata dal Consigliere di minoranza Angelo Giustino, aggredito ed offeso in sede dei lavori della Commissione da Angiulo, <a href=\"https:\/\/cassano.lavocedelpaese.info\/index.php\/2023\/04\/19\/sfiorato-lo-scontro-fisico-in-prima-commissione\/\">cos\u00ec come avevamo raccontato su queste pagine lo scorso mercoled\u00ec.<\/a><\/p>\n<p>Un vero \u201cleone da tastiera\u201d, Angiulo, <a href=\"https:\/\/www.facebook.com\/redazione.cassanoweb\">sulla pagina Fb di questo giornale, <\/a>con decine di commenti che tentavano di smentire l\u2019accaduto, attaccando e denigrando \u201cla stampa locale\u201d, cio\u00e8 \u201cLa voce del paese\u201d che aveva raccontando l\u2019accaduto.<\/p>\n<p>Le gravissime affermazioni di Angiulo, per quanto ci riguarda, sono al vaglio del nostro avvocato, per eventuali azioni legali e risarcitorie, dato il tono diffamatorio delle stesse.<\/p>\n<p>Ma questo \u00e8 un altro discorso.<\/p>\n<p>Il dato politico \u00e8 che un Pubblico Amministratore, peraltro rivestito di una responsabilit\u00e0 delicata quale la Presidenza di una Commissione Consiliare dunque figura istituzionale per definizione, si permette di scrivere su una pagina social che non \u00e8 affatto vero quanto accaduto, che si tratta di esagerazioni della stampa locale (faziosa, che scrive sotto dettatura), che non si \u00e8 mai alzato dal suo posto a quel tavolo e che non ha mai n\u00e9 offeso n\u00e9 sforato il suo collega di minoranza.<\/p>\n<p>Noncurante che a sbugiardarlo ci siano decine di testimoni fra dipendenti comunali e pubblici amministratori che direbbero il falso, se dicessero il contrario, forte solo di quattro sgangherati follower che danno ragione a prescindere a chiunque faccia parte della coalizione di maggioranza.<\/p>\n<p>Ma i follower in Tribunale non ci saranno. E non c\u2019erano neppure ieri, in Sala Consiliare.<\/p>\n<p>L\u00ec Angiulo era solo con la sua coscienza e con le sue bugie. Vedeva sgretolarsi il castello di parole quando anche la gran parte della sua maggioranza aveva mostrato solidariet\u00e0 a Giustino, per un fatto mai accaduto prima nella storia della Cassano repubblicana.<\/p>\n<p>Ci si aspettava, dunque, da parte del Presidente una replica altrettanto accalorata come le sue affermazioni su Fb oppure una smentita, un reindirizzamento delle accuse o \u2013 se fosse stato meno avventato e pi\u00f9 umile \u2013 una richiesta di scuse, motivate magari dallo \u201cstress\u201d (che va bene per tutto!).<\/p>\n<p>Invece nulla. Evidentemente quanto accaduto, quanto da noi raccontato e quanto affermato da Giustino in Aula era tutto vero.<\/p>\n<p>Il suo silenzio lo ha inchiodato alle sue responsabilit\u00e0: chi tace acconsente non \u00e8 solo un proverbio ma la pietra su cui sar\u00e0 scritto il futuro politico-amministrativo del Presidente Angiulo, se mai ne avr\u00e0 uno.<\/p>\n<p>A questo punto \u2013 non per noi, n\u00e9 per questo giornale ma per non continuare ad infangare e vilipendere l\u2019istituzione che (ahinoi!) in qualche modo rappresenta \u2013 sarebbe bene per lui fare un passo indietro dalla carica che occupa e tornare a fare il Consigliere comunale meditando su una dote rara ma preziosa qual \u00e8 quella della sincerit\u00e0 che anche in politica non guasta.<\/p>\n<p><a class=\"a2a_button_facebook\" href=\"https:\/\/www.addtoany.com\/add_to\/facebook?linkurl=https%3A%2F%2Fcassano.lavocedelpaese.info%2Findex.php%2F2023%2F04%2F21%2Fpresidente-che-ne-pensa-di-dimettersi-da-ruolo-adesso%2F&amp;linkname=Presidente%3A%20che%20ne%20pensa%20di%20dimettersi%20da%20quel%20ruolo%2C%20adesso%3F\" title=\"Facebook\" target=\"_blank\" rel=\"noopener\"><\/a><a class=\"a2a_button_twitter\" href=\"https:\/\/www.addtoany.com\/add_to\/twitter?linkurl=https%3A%2F%2Fcassano.lavocedelpaese.info%2Findex.php%2F2023%2F04%2F21%2Fpresidente-che-ne-pensa-di-dimettersi-da-ruolo-adesso%2F&amp;linkname=Presidente%3A%20che%20ne%20pensa%20di%20dimettersi%20da%20quel%20ruolo%2C%20adesso%3F\" title=\"Twitter\" target=\"_blank\" rel=\"noopener\"><\/a><a class=\"a2a_button_whatsapp\" href=\"https:\/\/www.addtoany.com\/add_to\/whatsapp?linkurl=https%3A%2F%2Fcassano.lavocedelpaese.info%2Findex.php%2F2023%2F04%2F21%2Fpresidente-che-ne-pensa-di-dimettersi-da-ruolo-adesso%2F&amp;linkname=Presidente%3A%20che%20ne%20pensa%20di%20dimettersi%20da%20quel%20ruolo%2C%20adesso%3F\" title=\"WhatsApp\" target=\"_blank\" rel=\"noopener\"><\/a><a class=\"a2a_button_telegram\" href=\"https:\/\/www.addtoany.com\/add_to\/telegram?linkurl=https%3A%2F%2Fcassano.lavocedelpaese.info%2Findex.php%2F2023%2F04%2F21%2Fpresidente-che-ne-pensa-di-dimettersi-da-ruolo-adesso%2F&amp;linkname=Presidente%3A%20che%20ne%20pensa%20di%20dimettersi%20da%20quel%20ruolo%2C%20adesso%3F\" title=\"Telegram\" target=\"_blank\" rel=\"noopener\"><\/a><a class=\"a2a_button_email\" href=\"https:\/\/www.addtoany.com\/add_to\/email?linkurl=https%3A%2F%2Fcassano.lavocedelpaese.info%2Findex.php%2F2023%2F04%2F21%2Fpresidente-che-ne-pensa-di-dimettersi-da-ruolo-adesso%2F&amp;linkname=Presidente%3A%20che%20ne%20pensa%20di%20dimettersi%20da%20quel%20ruolo%2C%20adesso%3F\" title=\"Email\" target=\"_blank\" rel=\"noopener\"><\/a><\/p>\n<p>\u00a0<\/p>\n<p><a class=\"a2a_button_facebook\" href=\"https:\/\/www.addtoany.com\/add_to\/facebook?linkurl=https%3A%2F%2Flavocedelpaese.info%2Findex.php%2F2023%2F04%2F21%2Fpresidente-che-ne-pensa-di-dimettersi-da-quel-ruolo-adesso%2F&amp;linkname=Presidente%3A%20che%20ne%20pensa%20di%20dimettersi%20da%20quel%20ruolo%2C%20adesso%3F\" title=\"Facebook\" target=\"_blank\" rel=\"noopener\"><\/a><a class=\"a2a_button_twitter\" href=\"https:\/\/www.addtoany.com\/add_to\/twitter?linkurl=https%3A%2F%2Flavocedelpaese.info%2Findex.php%2F2023%2F04%2F21%2Fpresidente-che-ne-pensa-di-dimettersi-da-quel-ruolo-adesso%2F&amp;linkname=Presidente%3A%20che%20ne%20pensa%20di%20dimettersi%20da%20quel%20ruolo%2C%20adesso%3F\" title=\"Twitter\" target=\"_blank\" rel=\"noopener\"><\/a><a class=\"a2a_button_whatsapp\" href=\"https:\/\/www.addtoany.com\/add_to\/whatsapp?linkurl=https%3A%2F%2Flavocedelpaese.info%2Findex.php%2F2023%2F04%2F21%2Fpresidente-che-ne-pensa-di-dimettersi-da-quel-ruolo-adesso%2F&amp;linkname=Presidente%3A%20che%20ne%20pensa%20di%20dimettersi%20da%20quel%20ruolo%2C%20adesso%3F\" title=\"WhatsApp\" target=\"_blank\" rel=\"noopener\"><\/a><a class=\"a2a_button_telegram\" href=\"https:\/\/www.addtoany.com\/add_to\/telegram?linkurl=https%3A%2F%2Flavocedelpaese.info%2Findex.php%2F2023%2F04%2F21%2Fpresidente-che-ne-pensa-di-dimettersi-da-quel-ruolo-adesso%2F&amp;linkname=Presidente%3A%20che%20ne%20pensa%20di%20dimettersi%20da%20quel%20ruolo%2C%20adesso%3F\" title=\"Telegram\" target=\"_blank\" rel=\"noopener\"><\/a><a class=\"a2a_button_email\" href=\"https:\/\/www.addtoany.com\/add_to\/email?linkurl=https%3A%2F%2Flavocedelpaese.info%2Findex.php%2F2023%2F04%2F21%2Fpresidente-che-ne-pensa-di-dimettersi-da-quel-ruolo-adesso%2F&amp;linkname=Presidente%3A%20che%20ne%20pensa%20di%20dimettersi%20da%20quel%20ruolo%2C%20adesso%3F\" title=\"Email\" target=\"_blank\" rel=\"noopener\"><\/a><\/p>\n<p>\u00a0<\/p>","protected":false},"excerpt":{"rendered":"<p>\u00a0 \u200b\u00a0 \u200bCassano \u2013 La Voce del Paese\u00a0 di Giovanni Brunelli Scena muta, ieri in Consiglio Comunale, per il Presidente<\/p>\n","protected":false},"author":0,"featured_media":0,"comment_status":"open","ping_status":"closed","sticky":false,"template":"","format":"standard","meta":{"colormag_page_container_layout":"default_layout","colormag_page_sidebar_layout":"default_layout","_monsterinsights_skip_tracking":false,"_monsterinsights_sitenote_active":false,"_monsterinsights_sitenote_note":"","_monsterinsights_sitenote_category":0,"footnotes":""},"categories":[7],"tags":[],"class_list":["post-2448","post","type-post","status-publish","format-standard","hentry","category-regione"],"_links":{"self":[{"href":"https:\/\/casamassima.lavocedelpaese.info\/index.php\/wp-json\/wp\/v2\/posts\/2448","targetHints":{"allow":["GET"]}}],"collection":[{"href":"https:\/\/casamassima.lavocedelpaese.info\/index.php\/wp-json\/wp\/v2\/posts"}],"about":[{"href":"https:\/\/casamassima.lavocedelpaese.info\/index.php\/wp-json\/wp\/v2\/types\/post"}],"replies":[{"embeddable":true,"href":"https:\/\/casamassima.lavocedelpaese.info\/index.php\/wp-json\/wp\/v2\/comments?post=2448"}],"version-history":[{"count":0,"href":"https:\/\/casamassima.lavocedelpaese.info\/index.php\/wp-json\/wp\/v2\/posts\/2448\/revisions"}],"wp:attachment":[{"href":"https:\/\/casamassima.lavocedelpaese.info\/index.php\/wp-json\/wp\/v2\/media?parent=2448"}],"wp:term":[{"taxonomy":"category","embeddable":true,"href":"https:\/\/casamassima.lavocedelpaese.info\/index.php\/wp-json\/wp\/v2\/categories?post=2448"},{"taxonomy":"post_tag","embeddable":true,"href":"https:\/\/casamassima.lavocedelpaese.info\/index.php\/wp-json\/wp\/v2\/tags?post=2448"}],"curies":[{"name":"wp","href":"https:\/\/api.w.org\/{rel}","templated":true}]}}