{"id":2444,"date":"2023-04-21T05:49:58","date_gmt":"2023-04-21T05:49:58","guid":{"rendered":"https:\/\/casamassima.lavocedelpaese.info\/index.php\/2023\/04\/21\/teatri-dacqua-corri-dafne-il-21-aprile-ad-acquaviva\/"},"modified":"2023-04-21T05:49:58","modified_gmt":"2023-04-21T05:49:58","slug":"teatri-dacqua-corri-dafne-il-21-aprile-ad-acquaviva","status":"publish","type":"post","link":"https:\/\/casamassima.lavocedelpaese.info\/index.php\/2023\/04\/21\/teatri-dacqua-corri-dafne-il-21-aprile-ad-acquaviva\/","title":{"rendered":"Teatri d\u2019Acqua: \u201cCorri, Dafne!\u201d il 21 aprile ad Acquaviva"},"content":{"rendered":"<p>\u00a0<\/p>\n<p>\u200b\u00a0<\/p>\n<p>\u200bAcquaviva \u2013 La Voce del Paese\u00a0<\/p>\n<p><em>Spettacolo Teatrale tratto da Metamorfosi di Ovidio<br \/>di e con Ilaria Carlucci<br \/>regia Alberto Cacopardi<br \/>Una produzione: Tessuto Corporeo \/ Factory Compagnia Transadriatica<\/em><\/p>\n<p><strong>Sala Colafemmina, Palazzo De Mari<\/strong><\/p>\n<p><strong>Venerd\u00ec 21 aprile 2023<\/strong><\/p>\n<p><em>Nell\u2019ambito del Festival Teatri d\u2019Acqua<\/em><\/p>\n<p><em>Festival teatrale e pedagogico dedicato all\u2019infanzia\u2026e alle sue interazioni<\/em><strong><\/strong><\/p>\n<p><strong>Acquaviva delle Fonti\u00a0<\/strong><\/p>\n<p>Comunicato Stampa<\/p>\n<p><strong>Acquaviva delle Fonti <\/strong>\u2013 <strong>Venerd\u00ec 21 aprile<\/strong> alle ore 19:00, presso la <strong>Sala Colafemmina di Palazzo De Mari <\/strong>ad Acquaviva delle Fonti, nell\u2019ambito del Festival \u201c<strong>Teatri d\u2019Acqua \u2013 Festival teatrale e pedagogico dedicato all\u2019infanzia\u2026e alle sue interazioni<\/strong>\u201d andr\u00e0 in scena lo spettacolo teatrale \u201c<strong>Corri Dafne!<\/strong>\u201d una produzione: <strong>Tessuto Corporeo <\/strong>\/ <strong>Factory Compagnia Transadriatica<\/strong>, la drammaturgia di e con <strong>Ilaria Carlucci<\/strong>, per la regia di <strong>Alberto Cacopardi<\/strong>.<\/p>\n<p>La storia la conosciamo: Dafne, piccola e bellissima ninfa entusiasta della vita e curiosa del mondo, trascorre le sue giornate esplorando impavidamente tutto ci\u00f2 che la circonda, noncurante della sua bellezza e della sua splendida ingenuit\u00e0.<br \/>Intanto, su nell\u2019Olimpo, l\u2019eterno bambino, il Dio dell\u2019Amore Cupido, \u00e8 adirato per un dire beffardo di Apollo, decide quindi di colpire quest\u2019ultimo con una delle sue frecce che lo far\u00e0 innamorare perdutamente della prima ninfa incontrata che, ahim\u00e8, sar\u00e0 proprio Dafne la quale, a sua volta, sar\u00e0 colpita da una freccia di segno opposto: mai e poi mai potr\u00e0 amare il pi\u00f9 bello di tutti gli dei.<\/p>\n<p>Apollo vuole sposare Dafne. Ad ogni costo. Sar\u00e0 impossibile per lei trovare riparo da lui ed esausta, dopo tre giorni e tre notti di fuga, invoca Gea, affinch\u00e9 la salvi. Madre Terra ascolter\u00e0 il suo grido e, frenando la sua corsa, la trasformer\u00e0 lentamente in albero. Apollo, una volta giunto davanti a Dafne ormai trasformata, le si stringer\u00e0 intorno facendo esperienza per la prima volta del dolore umano.<\/p>\n<p>\u201cCorri, Dafne!\u201d \u00e8 un racconto fatto di parole, corpo e canto. Una riscrittura del mito, narrata e agita, che gioca coi fili invisibili che muovono le vite di tutti, siano essi potenti creature divine o silenziosi abitanti del bosco, alla ricerca della sottile linea di confine tra l\u2019amore per l\u2019altro e l\u2019amore per s\u00e9.<\/p>\n<p><strong>Informazioni<\/strong>:<\/p>\n<p>Facebook | <a href=\"https:\/\/www.facebook.com\/ass.ombre\" target=\"_blank\" rel=\"noopener\">https:\/\/www.facebook.com\/ass.ombre<\/a><\/p>\n<p>Cell. 3284720034 \u2013 3519345903<\/p>\n<p><a href=\"mailto:ombre.associazione@gmail.com\" target=\"_blank\" rel=\"noopener\">ombre.associazione@gmail.com<\/a><\/p>\n<p><strong>Botteghino<\/strong>:<strong><br \/><\/strong>I biglietti per lo spettacolo teatrale saranno disponibili presso i seguenti punti vendita di Acquaviva delle Fonti: Il Canarino Giocattoli, Matite Curiose Giocolibreria e Primigi Store.<\/p>\n<p><strong>Biglietti Spettacoli<\/strong>:<\/p>\n<p>Special Price: \u20ac5.<\/p>\n<p><strong>Corri, Dafne!<\/strong><\/p>\n<p>tratto da Metamorfosi di Ovidio<\/p>\n<p><strong>Drammaturgia<br \/><\/strong>Di e con Ilaria Carlucci<br \/><strong>Regia<\/strong><br \/>Alberto Cacopardi<\/p>\n<p><strong>Collaborazione Artistica<\/strong><br \/>Tonio De Nitto<\/p>\n<p><strong>Disegno Luci<\/strong>\u00a0<\/p>\n<p>Alberto Cacopardi<\/p>\n<p><strong>Costume<\/strong><br \/>Lilian Indraccolo<\/p>\n<p><strong>Organizzazione<\/strong><br \/>Francesca D\u2019ippolito<\/p>\n<p><strong>Coproduzione<br \/><\/strong>Tessuto Corporeo \/ Factory Compagnia Transadriatica<\/p>\n<p>Venerd\u00ec 21 aprile 2023 ore 19:00<em><\/em><\/p>\n<p><strong>Sala Colafemmina, Palazzo De Mari<br \/><\/strong>Atrio Palazzo di Citt\u00e0, 1, 70021 Acquaviva delle Fonti BA<\/p>\n<p><a class=\"a2a_button_facebook\" href=\"https:\/\/www.addtoany.com\/add_to\/facebook?linkurl=https%3A%2F%2Facquaviva.lavocedelpaese.info%2Findex.php%2F2023%2F04%2F21%2Fteatri-dacqua-corri-dafne-il-21-aprile-ad-acquaviva%2F&amp;linkname=Teatri%20d%E2%80%99Acqua%3A%20%E2%80%9CCorri%2C%20Dafne%21%E2%80%9D%20il%2021%20aprile%20ad%20Acquaviva\" title=\"Facebook\" target=\"_blank\" rel=\"noopener\"><\/a><a class=\"a2a_button_twitter\" href=\"https:\/\/www.addtoany.com\/add_to\/twitter?linkurl=https%3A%2F%2Facquaviva.lavocedelpaese.info%2Findex.php%2F2023%2F04%2F21%2Fteatri-dacqua-corri-dafne-il-21-aprile-ad-acquaviva%2F&amp;linkname=Teatri%20d%E2%80%99Acqua%3A%20%E2%80%9CCorri%2C%20Dafne%21%E2%80%9D%20il%2021%20aprile%20ad%20Acquaviva\" title=\"Twitter\" target=\"_blank\" rel=\"noopener\"><\/a><a class=\"a2a_button_whatsapp\" href=\"https:\/\/www.addtoany.com\/add_to\/whatsapp?linkurl=https%3A%2F%2Facquaviva.lavocedelpaese.info%2Findex.php%2F2023%2F04%2F21%2Fteatri-dacqua-corri-dafne-il-21-aprile-ad-acquaviva%2F&amp;linkname=Teatri%20d%E2%80%99Acqua%3A%20%E2%80%9CCorri%2C%20Dafne%21%E2%80%9D%20il%2021%20aprile%20ad%20Acquaviva\" title=\"WhatsApp\" target=\"_blank\" rel=\"noopener\"><\/a><a class=\"a2a_button_telegram\" href=\"https:\/\/www.addtoany.com\/add_to\/telegram?linkurl=https%3A%2F%2Facquaviva.lavocedelpaese.info%2Findex.php%2F2023%2F04%2F21%2Fteatri-dacqua-corri-dafne-il-21-aprile-ad-acquaviva%2F&amp;linkname=Teatri%20d%E2%80%99Acqua%3A%20%E2%80%9CCorri%2C%20Dafne%21%E2%80%9D%20il%2021%20aprile%20ad%20Acquaviva\" title=\"Telegram\" target=\"_blank\" rel=\"noopener\"><\/a><a class=\"a2a_button_email\" href=\"https:\/\/www.addtoany.com\/add_to\/email?linkurl=https%3A%2F%2Facquaviva.lavocedelpaese.info%2Findex.php%2F2023%2F04%2F21%2Fteatri-dacqua-corri-dafne-il-21-aprile-ad-acquaviva%2F&amp;linkname=Teatri%20d%E2%80%99Acqua%3A%20%E2%80%9CCorri%2C%20Dafne%21%E2%80%9D%20il%2021%20aprile%20ad%20Acquaviva\" title=\"Email\" target=\"_blank\" rel=\"noopener\"><\/a><\/p>\n<p>\u00a0<\/p>\n<p><a class=\"a2a_button_facebook\" href=\"https:\/\/www.addtoany.com\/add_to\/facebook?linkurl=https%3A%2F%2Flavocedelpaese.info%2Findex.php%2F2023%2F04%2F21%2Fteatri-dacqua-corri-dafne-il-21-aprile-ad-acquaviva%2F&amp;linkname=Teatri%20d%E2%80%99Acqua%3A%20%E2%80%9CCorri%2C%20Dafne%21%E2%80%9D%20il%2021%20aprile%20ad%20Acquaviva\" title=\"Facebook\" target=\"_blank\" rel=\"noopener\"><\/a><a class=\"a2a_button_twitter\" href=\"https:\/\/www.addtoany.com\/add_to\/twitter?linkurl=https%3A%2F%2Flavocedelpaese.info%2Findex.php%2F2023%2F04%2F21%2Fteatri-dacqua-corri-dafne-il-21-aprile-ad-acquaviva%2F&amp;linkname=Teatri%20d%E2%80%99Acqua%3A%20%E2%80%9CCorri%2C%20Dafne%21%E2%80%9D%20il%2021%20aprile%20ad%20Acquaviva\" title=\"Twitter\" target=\"_blank\" rel=\"noopener\"><\/a><a class=\"a2a_button_whatsapp\" href=\"https:\/\/www.addtoany.com\/add_to\/whatsapp?linkurl=https%3A%2F%2Flavocedelpaese.info%2Findex.php%2F2023%2F04%2F21%2Fteatri-dacqua-corri-dafne-il-21-aprile-ad-acquaviva%2F&amp;linkname=Teatri%20d%E2%80%99Acqua%3A%20%E2%80%9CCorri%2C%20Dafne%21%E2%80%9D%20il%2021%20aprile%20ad%20Acquaviva\" title=\"WhatsApp\" target=\"_blank\" rel=\"noopener\"><\/a><a class=\"a2a_button_telegram\" href=\"https:\/\/www.addtoany.com\/add_to\/telegram?linkurl=https%3A%2F%2Flavocedelpaese.info%2Findex.php%2F2023%2F04%2F21%2Fteatri-dacqua-corri-dafne-il-21-aprile-ad-acquaviva%2F&amp;linkname=Teatri%20d%E2%80%99Acqua%3A%20%E2%80%9CCorri%2C%20Dafne%21%E2%80%9D%20il%2021%20aprile%20ad%20Acquaviva\" title=\"Telegram\" target=\"_blank\" rel=\"noopener\"><\/a><a class=\"a2a_button_email\" href=\"https:\/\/www.addtoany.com\/add_to\/email?linkurl=https%3A%2F%2Flavocedelpaese.info%2Findex.php%2F2023%2F04%2F21%2Fteatri-dacqua-corri-dafne-il-21-aprile-ad-acquaviva%2F&amp;linkname=Teatri%20d%E2%80%99Acqua%3A%20%E2%80%9CCorri%2C%20Dafne%21%E2%80%9D%20il%2021%20aprile%20ad%20Acquaviva\" title=\"Email\" target=\"_blank\" rel=\"noopener\"><\/a><\/p>\n<p>\u00a0<\/p>","protected":false},"excerpt":{"rendered":"<p>\u00a0 \u200b\u00a0 \u200bAcquaviva \u2013 La Voce del Paese\u00a0 Spettacolo Teatrale tratto da Metamorfosi di Ovidiodi e con Ilaria Carlucciregia Alberto<\/p>\n","protected":false},"author":0,"featured_media":0,"comment_status":"open","ping_status":"closed","sticky":false,"template":"","format":"standard","meta":{"colormag_page_container_layout":"default_layout","colormag_page_sidebar_layout":"default_layout","_monsterinsights_skip_tracking":false,"_monsterinsights_sitenote_active":false,"_monsterinsights_sitenote_note":"","_monsterinsights_sitenote_category":0,"footnotes":""},"categories":[7],"tags":[],"class_list":["post-2444","post","type-post","status-publish","format-standard","hentry","category-regione"],"_links":{"self":[{"href":"https:\/\/casamassima.lavocedelpaese.info\/index.php\/wp-json\/wp\/v2\/posts\/2444","targetHints":{"allow":["GET"]}}],"collection":[{"href":"https:\/\/casamassima.lavocedelpaese.info\/index.php\/wp-json\/wp\/v2\/posts"}],"about":[{"href":"https:\/\/casamassima.lavocedelpaese.info\/index.php\/wp-json\/wp\/v2\/types\/post"}],"replies":[{"embeddable":true,"href":"https:\/\/casamassima.lavocedelpaese.info\/index.php\/wp-json\/wp\/v2\/comments?post=2444"}],"version-history":[{"count":0,"href":"https:\/\/casamassima.lavocedelpaese.info\/index.php\/wp-json\/wp\/v2\/posts\/2444\/revisions"}],"wp:attachment":[{"href":"https:\/\/casamassima.lavocedelpaese.info\/index.php\/wp-json\/wp\/v2\/media?parent=2444"}],"wp:term":[{"taxonomy":"category","embeddable":true,"href":"https:\/\/casamassima.lavocedelpaese.info\/index.php\/wp-json\/wp\/v2\/categories?post=2444"},{"taxonomy":"post_tag","embeddable":true,"href":"https:\/\/casamassima.lavocedelpaese.info\/index.php\/wp-json\/wp\/v2\/tags?post=2444"}],"curies":[{"name":"wp","href":"https:\/\/api.w.org\/{rel}","templated":true}]}}