{"id":2359,"date":"2023-04-17T16:35:29","date_gmt":"2023-04-17T16:35:29","guid":{"rendered":"https:\/\/casamassima.lavocedelpaese.info\/index.php\/2023\/04\/17\/raccolta-differenziata-al-via-la-tracciabilita-dei-rifiuti-2\/"},"modified":"2023-04-17T16:35:29","modified_gmt":"2023-04-17T16:35:29","slug":"raccolta-differenziata-al-via-la-tracciabilita-dei-rifiuti-2","status":"publish","type":"post","link":"https:\/\/casamassima.lavocedelpaese.info\/index.php\/2023\/04\/17\/raccolta-differenziata-al-via-la-tracciabilita-dei-rifiuti-2\/","title":{"rendered":"Raccolta differenziata, al via la tracciabilit\u00e0 dei rifiuti"},"content":{"rendered":"<p>\u00a0<\/p>\n<p>\u200b\u00a0<\/p>\n<p>\u200bTuri \u2013 La Voce del Paese\u00a0<\/p>\n<p>Novit\u00e0 nel servizio di igiene urbana. I dati della raccolta differenziata confermano ancora una volta l\u2019impegno dei cittadini, con una percentuale che si attesta al 75,96%. Un dato incoraggiante e stabile, grazie anche alla tenacia della Teknoservice, gestore del servizio pubblico, la quale ha implementato il servizio di raccolta con un sistema tecnologico, attraverso il quale legger\u00e0 i conferimenti degli utenti, monitorando la volumetria delle varie tipologie di rifiuti prodotta dal singolo cittadino. Un\u2019innovazione prodromica all\u2019avvio della tariffazione puntuale.<\/p>\n<p>Inoltre, al fine di dare nuovo slancio ai cittadini e alla raccolta, per migliorare la qualit\u00e0 dei rifiuti, a tale innovazione sar\u00e0 affiancata una campagna di sensibilizzazione e informazione che avviciner\u00e0 gli utenti al nuovo sistema.<\/p>\n<p>Il sistema di tracciabilit\u00e0 dei rifiuti nel Comune di Turi \u00e8 attivo attraverso un sistema di lettura dei Tag Rfid; tale sistema gi\u00e0 utilizzato da Teknoservice, quale gestore del servizio di igiene urbana in diversi Comuni pugliesi, ha apportato grandi benefici nella lotta al fenomeno dell\u2019abbandono dei rifiuti.<br \/>Un numero sempre crescente di citt\u00e0 italiane gestisce i rifiuti ricorrendo al sistema di identificazione a radiofrequenza (RFID) che consente di ottenere benefici per l\u2019ambiente, in quanto favorisce i controlli della Polizia Locale, e un vantaggio diretto per le tasche dei cittadini attraverso l\u2019abbattimento dei quantitativi di rifiuto da avviare in discarica.<\/p>\n<h5 class=\"wp-block-heading\"><strong>L\u2019analisi dei dati di marzo<\/strong><\/h5>\n<p>Ma vediamo i dati di marzo. Diminuisce l\u2019indifferenziato. In crescita invece i chilogrammi di rifiuti differenziati: 47.420 mila kg. di carta e cartone; 28.170 mila kg di vetro. In aumento anche la raccolta multimateriale di plastica e metalli con 34.940 mila kg; per il rifiuto organico spicca la quota di 137.030 mila kg. Dunque, un grande successo. In incremento anche i rifiuti ingombranti con il recupero di\u00a0 28.170 mila kg.<\/p>\n<p>Nel 2022 e nei primi quattro mesi del 2023 \u00e8 aumentato anche l\u2019afflusso di cittadini al Centro Comunale di Raccolta.<\/p>\n<p>Nonostante queste buone notizie, restano alcune criticit\u00e0 della raccolta rifiuti: gli abbandoni nelle periferie. Sono diminuiti, ma il problema non \u00e8 risolto, anzi.<\/p>\n<p>Nell\u2019ambito del contratto di appalto saranno attivati incontri pubblici con attivit\u00e0 commerciali, ambulanti, amministratori di condominio, associazioni locali; campagne di sensibilizzazione all\u2019interno delle scuole; organizzazione di incontri pubblici;\u00a0campagne per le attivit\u00e0 food contro gli spechi alimentari e un attento piano di comunicazione istituzionale.<\/p>\n<p><a class=\"a2a_button_facebook\" href=\"https:\/\/www.addtoany.com\/add_to\/facebook?linkurl=https%3A%2F%2Fturi.lavocedelpaese.info%2Fraccolta-differenziata-al-via-la-tracciabilita-dei-rifiuti%2F&amp;linkname=Raccolta%20differenziata%2C%20al%20via%20la%20tracciabilit%C3%A0%20dei%20rifiuti\" title=\"Facebook\" target=\"_blank\" rel=\"noopener\"><\/a><a class=\"a2a_button_twitter\" href=\"https:\/\/www.addtoany.com\/add_to\/twitter?linkurl=https%3A%2F%2Fturi.lavocedelpaese.info%2Fraccolta-differenziata-al-via-la-tracciabilita-dei-rifiuti%2F&amp;linkname=Raccolta%20differenziata%2C%20al%20via%20la%20tracciabilit%C3%A0%20dei%20rifiuti\" title=\"Twitter\" target=\"_blank\" rel=\"noopener\"><\/a><a class=\"a2a_button_whatsapp\" href=\"https:\/\/www.addtoany.com\/add_to\/whatsapp?linkurl=https%3A%2F%2Fturi.lavocedelpaese.info%2Fraccolta-differenziata-al-via-la-tracciabilita-dei-rifiuti%2F&amp;linkname=Raccolta%20differenziata%2C%20al%20via%20la%20tracciabilit%C3%A0%20dei%20rifiuti\" title=\"WhatsApp\" target=\"_blank\" rel=\"noopener\"><\/a><a class=\"a2a_button_telegram\" href=\"https:\/\/www.addtoany.com\/add_to\/telegram?linkurl=https%3A%2F%2Fturi.lavocedelpaese.info%2Fraccolta-differenziata-al-via-la-tracciabilita-dei-rifiuti%2F&amp;linkname=Raccolta%20differenziata%2C%20al%20via%20la%20tracciabilit%C3%A0%20dei%20rifiuti\" title=\"Telegram\" target=\"_blank\" rel=\"noopener\"><\/a><a class=\"a2a_button_email\" href=\"https:\/\/www.addtoany.com\/add_to\/email?linkurl=https%3A%2F%2Fturi.lavocedelpaese.info%2Fraccolta-differenziata-al-via-la-tracciabilita-dei-rifiuti%2F&amp;linkname=Raccolta%20differenziata%2C%20al%20via%20la%20tracciabilit%C3%A0%20dei%20rifiuti\" title=\"Email\" target=\"_blank\" rel=\"noopener\"><\/a><\/p>\n<p>\u00a0<\/p>\n<p><a class=\"a2a_button_facebook\" href=\"https:\/\/www.addtoany.com\/add_to\/facebook?linkurl=https%3A%2F%2Flavocedelpaese.info%2Findex.php%2F2023%2F04%2F17%2Fraccolta-differenziata-al-via-la-tracciabilita-dei-rifiuti%2F&amp;linkname=Raccolta%20differenziata%2C%20al%20via%20la%20tracciabilit%C3%A0%20dei%20rifiuti\" title=\"Facebook\" target=\"_blank\" rel=\"noopener\"><\/a><a class=\"a2a_button_twitter\" href=\"https:\/\/www.addtoany.com\/add_to\/twitter?linkurl=https%3A%2F%2Flavocedelpaese.info%2Findex.php%2F2023%2F04%2F17%2Fraccolta-differenziata-al-via-la-tracciabilita-dei-rifiuti%2F&amp;linkname=Raccolta%20differenziata%2C%20al%20via%20la%20tracciabilit%C3%A0%20dei%20rifiuti\" title=\"Twitter\" target=\"_blank\" rel=\"noopener\"><\/a><a class=\"a2a_button_whatsapp\" href=\"https:\/\/www.addtoany.com\/add_to\/whatsapp?linkurl=https%3A%2F%2Flavocedelpaese.info%2Findex.php%2F2023%2F04%2F17%2Fraccolta-differenziata-al-via-la-tracciabilita-dei-rifiuti%2F&amp;linkname=Raccolta%20differenziata%2C%20al%20via%20la%20tracciabilit%C3%A0%20dei%20rifiuti\" title=\"WhatsApp\" target=\"_blank\" rel=\"noopener\"><\/a><a class=\"a2a_button_telegram\" href=\"https:\/\/www.addtoany.com\/add_to\/telegram?linkurl=https%3A%2F%2Flavocedelpaese.info%2Findex.php%2F2023%2F04%2F17%2Fraccolta-differenziata-al-via-la-tracciabilita-dei-rifiuti%2F&amp;linkname=Raccolta%20differenziata%2C%20al%20via%20la%20tracciabilit%C3%A0%20dei%20rifiuti\" title=\"Telegram\" target=\"_blank\" rel=\"noopener\"><\/a><a class=\"a2a_button_email\" href=\"https:\/\/www.addtoany.com\/add_to\/email?linkurl=https%3A%2F%2Flavocedelpaese.info%2Findex.php%2F2023%2F04%2F17%2Fraccolta-differenziata-al-via-la-tracciabilita-dei-rifiuti%2F&amp;linkname=Raccolta%20differenziata%2C%20al%20via%20la%20tracciabilit%C3%A0%20dei%20rifiuti\" title=\"Email\" target=\"_blank\" rel=\"noopener\"><\/a><\/p>\n<p>\u00a0<\/p>","protected":false},"excerpt":{"rendered":"<p>\u00a0 \u200b\u00a0 \u200bTuri \u2013 La Voce del Paese\u00a0 Novit\u00e0 nel servizio di igiene urbana. I dati della raccolta differenziata confermano<\/p>\n","protected":false},"author":0,"featured_media":0,"comment_status":"open","ping_status":"closed","sticky":false,"template":"","format":"standard","meta":{"colormag_page_container_layout":"default_layout","colormag_page_sidebar_layout":"default_layout","_monsterinsights_skip_tracking":false,"_monsterinsights_sitenote_active":false,"_monsterinsights_sitenote_note":"","_monsterinsights_sitenote_category":0,"footnotes":""},"categories":[7],"tags":[],"class_list":["post-2359","post","type-post","status-publish","format-standard","hentry","category-regione"],"_links":{"self":[{"href":"https:\/\/casamassima.lavocedelpaese.info\/index.php\/wp-json\/wp\/v2\/posts\/2359","targetHints":{"allow":["GET"]}}],"collection":[{"href":"https:\/\/casamassima.lavocedelpaese.info\/index.php\/wp-json\/wp\/v2\/posts"}],"about":[{"href":"https:\/\/casamassima.lavocedelpaese.info\/index.php\/wp-json\/wp\/v2\/types\/post"}],"replies":[{"embeddable":true,"href":"https:\/\/casamassima.lavocedelpaese.info\/index.php\/wp-json\/wp\/v2\/comments?post=2359"}],"version-history":[{"count":0,"href":"https:\/\/casamassima.lavocedelpaese.info\/index.php\/wp-json\/wp\/v2\/posts\/2359\/revisions"}],"wp:attachment":[{"href":"https:\/\/casamassima.lavocedelpaese.info\/index.php\/wp-json\/wp\/v2\/media?parent=2359"}],"wp:term":[{"taxonomy":"category","embeddable":true,"href":"https:\/\/casamassima.lavocedelpaese.info\/index.php\/wp-json\/wp\/v2\/categories?post=2359"},{"taxonomy":"post_tag","embeddable":true,"href":"https:\/\/casamassima.lavocedelpaese.info\/index.php\/wp-json\/wp\/v2\/tags?post=2359"}],"curies":[{"name":"wp","href":"https:\/\/api.w.org\/{rel}","templated":true}]}}