{"id":2276,"date":"2023-04-14T05:34:38","date_gmt":"2023-04-14T05:34:38","guid":{"rendered":"https:\/\/casamassima.lavocedelpaese.info\/index.php\/2023\/04\/14\/un-questionario-per-disegnare-insieme-il-futuro-di-turi-14\/"},"modified":"2023-04-14T05:34:38","modified_gmt":"2023-04-14T05:34:38","slug":"un-questionario-per-disegnare-insieme-il-futuro-di-turi-14","status":"publish","type":"post","link":"https:\/\/casamassima.lavocedelpaese.info\/index.php\/2023\/04\/14\/un-questionario-per-disegnare-insieme-il-futuro-di-turi-14\/","title":{"rendered":"Un questionario per disegnare insieme il futuro di Turi"},"content":{"rendered":"<p>\u00a0<\/p>\n<p>\u200b\u00a0<\/p>\n<p>\u200bTuri \u2013 La Voce del Paese\u00a0<\/p>\n<p><strong><em>L\u2019indagine conoscitiva \u00e8 la prima iniziativa del comitato civico \u201cTuri, Davvero\u201d<\/em><\/strong><\/p>\n<p>Qualche mese fa, un gruppo di turesi ha dato vita al comitato civico \u201cTuri, Davvero\u201d, \u00abaperto a tutti coloro che vorranno aderire e impegnarsi in prima persona per determinare una vera svolta, che ci riporti a tempi migliori e condizioni diverse\u00bb.<\/p>\n<p>\u00abNei vari incontri avuti \u2013 spiega il prof. Mimmo Leogrande, in rappresentanza del comitato civico \u2013abbiamo iniziato a cercare di comprendere quali sono i problemi pi\u00f9 gravi che affliggono la nostra comunit\u00e0 e cosa \u00e8 possibile fare per risolverli. Ci sono stati confronti interessanti e sono gi\u00e0 venute fuori idee sulle quali bisogner\u00e0 lavorare\u00bb.<\/p>\n<p>\u00ab\u00c8 emersa \u2013 prosegue \u2013 anche la necessit\u00e0 di coinvolgere la popolazione in questo percorso e, quindi, abbiamo deciso di avviare un\u2019indagine conoscitiva di quello che pensano i turesi sullo stato attuale della nostra comunit\u00e0, analizzandone punti forza e debolezza, rischi e opportunit\u00e0\u00bb.<\/p>\n<p>\u00abA tal fine \u2013 dichiara il prof. Leogrande \u2013 abbiamo approntato un questionario con alcune semplicissime domande da cui auspichiamo possano emergere pareri e indicazioni utili alla futura classe dirigente, circoscrivendo le necessit\u00e0 ritenute prioritarie per il bene della nostra comunit\u00e0 e i suggerimenti per migliorare il nostro paese\u00bb<\/p>\n<p>\u00abTuri \u2013 chiosa \u2013 ha bisogno di un \u201cmovimento di opinione\u201d che concretamente e insieme si faccia sentire; per questo invitiamo tutti a compilare il questionario, in forma anonima, collegandosi al seguente link:<strong> <\/strong><\/p>\n<p><a class=\"a2a_button_facebook\" href=\"https:\/\/www.addtoany.com\/add_to\/facebook?linkurl=https%3A%2F%2Fturi.lavocedelpaese.info%2Fun-questionario-per-disegnare-insieme-il-futuro-di-turi%2F&amp;linkname=Un%20questionario%20per%20disegnare%20insieme%20il%20futuro%20di%20Turi\" title=\"Facebook\" target=\"_blank\" rel=\"noopener\"><\/a><a class=\"a2a_button_twitter\" href=\"https:\/\/www.addtoany.com\/add_to\/twitter?linkurl=https%3A%2F%2Fturi.lavocedelpaese.info%2Fun-questionario-per-disegnare-insieme-il-futuro-di-turi%2F&amp;linkname=Un%20questionario%20per%20disegnare%20insieme%20il%20futuro%20di%20Turi\" title=\"Twitter\" target=\"_blank\" rel=\"noopener\"><\/a><a class=\"a2a_button_whatsapp\" href=\"https:\/\/www.addtoany.com\/add_to\/whatsapp?linkurl=https%3A%2F%2Fturi.lavocedelpaese.info%2Fun-questionario-per-disegnare-insieme-il-futuro-di-turi%2F&amp;linkname=Un%20questionario%20per%20disegnare%20insieme%20il%20futuro%20di%20Turi\" title=\"WhatsApp\" target=\"_blank\" rel=\"noopener\"><\/a><a class=\"a2a_button_telegram\" href=\"https:\/\/www.addtoany.com\/add_to\/telegram?linkurl=https%3A%2F%2Fturi.lavocedelpaese.info%2Fun-questionario-per-disegnare-insieme-il-futuro-di-turi%2F&amp;linkname=Un%20questionario%20per%20disegnare%20insieme%20il%20futuro%20di%20Turi\" title=\"Telegram\" target=\"_blank\" rel=\"noopener\"><\/a><a class=\"a2a_button_email\" href=\"https:\/\/www.addtoany.com\/add_to\/email?linkurl=https%3A%2F%2Fturi.lavocedelpaese.info%2Fun-questionario-per-disegnare-insieme-il-futuro-di-turi%2F&amp;linkname=Un%20questionario%20per%20disegnare%20insieme%20il%20futuro%20di%20Turi\" title=\"Email\" target=\"_blank\" rel=\"noopener\"><\/a><\/p>\n<p>\u00a0<\/p>\n<p><a class=\"a2a_button_facebook\" href=\"https:\/\/www.addtoany.com\/add_to\/facebook?linkurl=https%3A%2F%2Flavocedelpaese.info%2Findex.php%2F2023%2F04%2F13%2Fun-questionario-per-disegnare-insieme-il-futuro-di-turi%2F&amp;linkname=Un%20questionario%20per%20disegnare%20insieme%20il%20futuro%20di%20Turi\" title=\"Facebook\" target=\"_blank\" rel=\"noopener\"><\/a><a class=\"a2a_button_twitter\" href=\"https:\/\/www.addtoany.com\/add_to\/twitter?linkurl=https%3A%2F%2Flavocedelpaese.info%2Findex.php%2F2023%2F04%2F13%2Fun-questionario-per-disegnare-insieme-il-futuro-di-turi%2F&amp;linkname=Un%20questionario%20per%20disegnare%20insieme%20il%20futuro%20di%20Turi\" title=\"Twitter\" target=\"_blank\" rel=\"noopener\"><\/a><a class=\"a2a_button_whatsapp\" href=\"https:\/\/www.addtoany.com\/add_to\/whatsapp?linkurl=https%3A%2F%2Flavocedelpaese.info%2Findex.php%2F2023%2F04%2F13%2Fun-questionario-per-disegnare-insieme-il-futuro-di-turi%2F&amp;linkname=Un%20questionario%20per%20disegnare%20insieme%20il%20futuro%20di%20Turi\" title=\"WhatsApp\" target=\"_blank\" rel=\"noopener\"><\/a><a class=\"a2a_button_telegram\" href=\"https:\/\/www.addtoany.com\/add_to\/telegram?linkurl=https%3A%2F%2Flavocedelpaese.info%2Findex.php%2F2023%2F04%2F13%2Fun-questionario-per-disegnare-insieme-il-futuro-di-turi%2F&amp;linkname=Un%20questionario%20per%20disegnare%20insieme%20il%20futuro%20di%20Turi\" title=\"Telegram\" target=\"_blank\" rel=\"noopener\"><\/a><a class=\"a2a_button_email\" href=\"https:\/\/www.addtoany.com\/add_to\/email?linkurl=https%3A%2F%2Flavocedelpaese.info%2Findex.php%2F2023%2F04%2F13%2Fun-questionario-per-disegnare-insieme-il-futuro-di-turi%2F&amp;linkname=Un%20questionario%20per%20disegnare%20insieme%20il%20futuro%20di%20Turi\" title=\"Email\" target=\"_blank\" rel=\"noopener\"><\/a><\/p>\n<p>\u00a0<\/p>","protected":false},"excerpt":{"rendered":"<p>\u00a0 \u200b\u00a0 \u200bTuri \u2013 La Voce del Paese\u00a0 L\u2019indagine conoscitiva \u00e8 la prima iniziativa del comitato civico \u201cTuri, Davvero\u201d Qualche<\/p>\n","protected":false},"author":0,"featured_media":0,"comment_status":"open","ping_status":"closed","sticky":false,"template":"","format":"standard","meta":{"colormag_page_container_layout":"default_layout","colormag_page_sidebar_layout":"default_layout","_monsterinsights_skip_tracking":false,"_monsterinsights_sitenote_active":false,"_monsterinsights_sitenote_note":"","_monsterinsights_sitenote_category":0,"footnotes":""},"categories":[7],"tags":[],"class_list":["post-2276","post","type-post","status-publish","format-standard","hentry","category-regione"],"_links":{"self":[{"href":"https:\/\/casamassima.lavocedelpaese.info\/index.php\/wp-json\/wp\/v2\/posts\/2276","targetHints":{"allow":["GET"]}}],"collection":[{"href":"https:\/\/casamassima.lavocedelpaese.info\/index.php\/wp-json\/wp\/v2\/posts"}],"about":[{"href":"https:\/\/casamassima.lavocedelpaese.info\/index.php\/wp-json\/wp\/v2\/types\/post"}],"replies":[{"embeddable":true,"href":"https:\/\/casamassima.lavocedelpaese.info\/index.php\/wp-json\/wp\/v2\/comments?post=2276"}],"version-history":[{"count":0,"href":"https:\/\/casamassima.lavocedelpaese.info\/index.php\/wp-json\/wp\/v2\/posts\/2276\/revisions"}],"wp:attachment":[{"href":"https:\/\/casamassima.lavocedelpaese.info\/index.php\/wp-json\/wp\/v2\/media?parent=2276"}],"wp:term":[{"taxonomy":"category","embeddable":true,"href":"https:\/\/casamassima.lavocedelpaese.info\/index.php\/wp-json\/wp\/v2\/categories?post=2276"},{"taxonomy":"post_tag","embeddable":true,"href":"https:\/\/casamassima.lavocedelpaese.info\/index.php\/wp-json\/wp\/v2\/tags?post=2276"}],"curies":[{"name":"wp","href":"https:\/\/api.w.org\/{rel}","templated":true}]}}