{"id":2107,"date":"2023-04-07T07:30:43","date_gmt":"2023-04-07T07:30:43","guid":{"rendered":"https:\/\/casamassima.lavocedelpaese.info\/index.php\/2023\/04\/07\/francesco-volza-si-laurea-vice-campione-regionale-della-lombardia-2\/"},"modified":"2023-04-07T07:30:43","modified_gmt":"2023-04-07T07:30:43","slug":"francesco-volza-si-laurea-vice-campione-regionale-della-lombardia-2","status":"publish","type":"post","link":"https:\/\/casamassima.lavocedelpaese.info\/index.php\/2023\/04\/07\/francesco-volza-si-laurea-vice-campione-regionale-della-lombardia-2\/","title":{"rendered":"Francesco Volza si laurea vice-campione regionale della Lombardia"},"content":{"rendered":"<p>\u00a0<\/p>\n<p>\u200b\u00a0<\/p>\n<p>\u200bTuri \u2013 La Voce del Paese\u00a0<\/p>\n<p>Lo scorso 4 e 5 marzo si \u00e8 svolto, a Cesate, il Torneo regionale Lombardia di pugilato. Nell\u2019ambita competizione ha fatto il suo esordio agonistico il diciasettenne Francesco Volza che, seppur risieda nella provincia di Milano, ha \u201csangue turese\u201d, essendo entrambi i suoi genitori di Turi.<\/p>\n<p>Volza ha gareggiato nella categoria \u201cYouth 71 kg\u201d, salendo sul ring con i colori della palestra \u201cKombat Academy\u201d di Vimodrone, accompagnato dai tecnici Alessandro Balzari e Mauro Farano.<\/p>\n<p>Dopo aver superato brillantemente la semifinale, il giovane pugile ha perso la finale di stretta misura, ai punti, in un match rimasto in equilibrio fino al suo termine. Una performance pi\u00f9 che lusinghiera, considerando che era il suo primo appuntamento agonistico, che gli \u00e8 valsa il titolo di vicecampione regionale.<\/p>\n<p>\u00abSono orgoglioso del carattere e delle capacit\u00e0 tecniche dimostrate da Francesco, che \u00e8 stato in grado di portare a compimento il lavoro fatto in palestra e di tenere sempre alta la sua concentrazione\u00bb \u2013 ha commentato il responsabile tecnico Alessandro Balzari.<\/p>\n<p>\u00abIl verdetto della finale \u2013 ha aggiunto \u2013 ci sta un po\u2019 stretto visto l\u2019andamento del match, ma lo portiamo a casa senza contestazioni dal momento che l\u2019obiettivo pi\u00f9 importante era fare una bella esperienza e compiere bene questo primo passo. La consapevolezza della qualit\u00e0 del nostro operato ci ha permesso di scendere dal ring sempre a testa alta durante questo weekend; perci\u00f2, torniamo a casa soddisfatti, considerando che questo \u00e8 solo l\u2019inizio del percorso che ci attende con Francesco\u00bb.<\/p>\n<div class=\"wp-block-image\">\n<\/div>\n<p><a class=\"a2a_button_facebook\" href=\"https:\/\/www.addtoany.com\/add_to\/facebook?linkurl=https%3A%2F%2Fturi.lavocedelpaese.info%2Ffrancesco-volza-si-laurea-vice-campione-regionale-della-lombardia%2F&amp;linkname=Francesco%20Volza%20si%20laurea%20vice-campione%20regionale%20della%20Lombardia\" title=\"Facebook\" target=\"_blank\" rel=\"noopener\"><\/a><a class=\"a2a_button_twitter\" href=\"https:\/\/www.addtoany.com\/add_to\/twitter?linkurl=https%3A%2F%2Fturi.lavocedelpaese.info%2Ffrancesco-volza-si-laurea-vice-campione-regionale-della-lombardia%2F&amp;linkname=Francesco%20Volza%20si%20laurea%20vice-campione%20regionale%20della%20Lombardia\" title=\"Twitter\" target=\"_blank\" rel=\"noopener\"><\/a><a class=\"a2a_button_whatsapp\" href=\"https:\/\/www.addtoany.com\/add_to\/whatsapp?linkurl=https%3A%2F%2Fturi.lavocedelpaese.info%2Ffrancesco-volza-si-laurea-vice-campione-regionale-della-lombardia%2F&amp;linkname=Francesco%20Volza%20si%20laurea%20vice-campione%20regionale%20della%20Lombardia\" title=\"WhatsApp\" target=\"_blank\" rel=\"noopener\"><\/a><a class=\"a2a_button_telegram\" href=\"https:\/\/www.addtoany.com\/add_to\/telegram?linkurl=https%3A%2F%2Fturi.lavocedelpaese.info%2Ffrancesco-volza-si-laurea-vice-campione-regionale-della-lombardia%2F&amp;linkname=Francesco%20Volza%20si%20laurea%20vice-campione%20regionale%20della%20Lombardia\" title=\"Telegram\" target=\"_blank\" rel=\"noopener\"><\/a><a class=\"a2a_button_email\" href=\"https:\/\/www.addtoany.com\/add_to\/email?linkurl=https%3A%2F%2Fturi.lavocedelpaese.info%2Ffrancesco-volza-si-laurea-vice-campione-regionale-della-lombardia%2F&amp;linkname=Francesco%20Volza%20si%20laurea%20vice-campione%20regionale%20della%20Lombardia\" title=\"Email\" target=\"_blank\" rel=\"noopener\"><\/a><\/p>\n<p>\u00a0<\/p>\n<p><a class=\"a2a_button_facebook\" href=\"https:\/\/www.addtoany.com\/add_to\/facebook?linkurl=https%3A%2F%2Flavocedelpaese.info%2Findex.php%2F2023%2F04%2F07%2Ffrancesco-volza-si-laurea-vice-campione-regionale-della-lombardia%2F&amp;linkname=Francesco%20Volza%20si%20laurea%20vice-campione%20regionale%20della%20Lombardia\" title=\"Facebook\" target=\"_blank\" rel=\"noopener\"><\/a><a class=\"a2a_button_twitter\" href=\"https:\/\/www.addtoany.com\/add_to\/twitter?linkurl=https%3A%2F%2Flavocedelpaese.info%2Findex.php%2F2023%2F04%2F07%2Ffrancesco-volza-si-laurea-vice-campione-regionale-della-lombardia%2F&amp;linkname=Francesco%20Volza%20si%20laurea%20vice-campione%20regionale%20della%20Lombardia\" title=\"Twitter\" target=\"_blank\" rel=\"noopener\"><\/a><a class=\"a2a_button_whatsapp\" href=\"https:\/\/www.addtoany.com\/add_to\/whatsapp?linkurl=https%3A%2F%2Flavocedelpaese.info%2Findex.php%2F2023%2F04%2F07%2Ffrancesco-volza-si-laurea-vice-campione-regionale-della-lombardia%2F&amp;linkname=Francesco%20Volza%20si%20laurea%20vice-campione%20regionale%20della%20Lombardia\" title=\"WhatsApp\" target=\"_blank\" rel=\"noopener\"><\/a><a class=\"a2a_button_telegram\" href=\"https:\/\/www.addtoany.com\/add_to\/telegram?linkurl=https%3A%2F%2Flavocedelpaese.info%2Findex.php%2F2023%2F04%2F07%2Ffrancesco-volza-si-laurea-vice-campione-regionale-della-lombardia%2F&amp;linkname=Francesco%20Volza%20si%20laurea%20vice-campione%20regionale%20della%20Lombardia\" title=\"Telegram\" target=\"_blank\" rel=\"noopener\"><\/a><a class=\"a2a_button_email\" href=\"https:\/\/www.addtoany.com\/add_to\/email?linkurl=https%3A%2F%2Flavocedelpaese.info%2Findex.php%2F2023%2F04%2F07%2Ffrancesco-volza-si-laurea-vice-campione-regionale-della-lombardia%2F&amp;linkname=Francesco%20Volza%20si%20laurea%20vice-campione%20regionale%20della%20Lombardia\" title=\"Email\" target=\"_blank\" rel=\"noopener\"><\/a><\/p>\n<p>\u00a0<\/p>","protected":false},"excerpt":{"rendered":"<p>\u00a0 \u200b\u00a0 \u200bTuri \u2013 La Voce del Paese\u00a0 Lo scorso 4 e 5 marzo si \u00e8 svolto, a Cesate, il<\/p>\n","protected":false},"author":0,"featured_media":0,"comment_status":"open","ping_status":"closed","sticky":false,"template":"","format":"standard","meta":{"colormag_page_container_layout":"default_layout","colormag_page_sidebar_layout":"default_layout","_monsterinsights_skip_tracking":false,"_monsterinsights_sitenote_active":false,"_monsterinsights_sitenote_note":"","_monsterinsights_sitenote_category":0,"footnotes":""},"categories":[7],"tags":[],"class_list":["post-2107","post","type-post","status-publish","format-standard","hentry","category-regione"],"_links":{"self":[{"href":"https:\/\/casamassima.lavocedelpaese.info\/index.php\/wp-json\/wp\/v2\/posts\/2107","targetHints":{"allow":["GET"]}}],"collection":[{"href":"https:\/\/casamassima.lavocedelpaese.info\/index.php\/wp-json\/wp\/v2\/posts"}],"about":[{"href":"https:\/\/casamassima.lavocedelpaese.info\/index.php\/wp-json\/wp\/v2\/types\/post"}],"replies":[{"embeddable":true,"href":"https:\/\/casamassima.lavocedelpaese.info\/index.php\/wp-json\/wp\/v2\/comments?post=2107"}],"version-history":[{"count":0,"href":"https:\/\/casamassima.lavocedelpaese.info\/index.php\/wp-json\/wp\/v2\/posts\/2107\/revisions"}],"wp:attachment":[{"href":"https:\/\/casamassima.lavocedelpaese.info\/index.php\/wp-json\/wp\/v2\/media?parent=2107"}],"wp:term":[{"taxonomy":"category","embeddable":true,"href":"https:\/\/casamassima.lavocedelpaese.info\/index.php\/wp-json\/wp\/v2\/categories?post=2107"},{"taxonomy":"post_tag","embeddable":true,"href":"https:\/\/casamassima.lavocedelpaese.info\/index.php\/wp-json\/wp\/v2\/tags?post=2107"}],"curies":[{"name":"wp","href":"https:\/\/api.w.org\/{rel}","templated":true}]}}