{"id":1787,"date":"2023-03-27T21:32:32","date_gmt":"2023-03-27T21:32:32","guid":{"rendered":"https:\/\/casamassima.lavocedelpaese.info\/index.php\/2023\/03\/27\/centenario-aeronautica-militare-open-day-al-36-stormo\/"},"modified":"2023-03-27T21:32:32","modified_gmt":"2023-03-27T21:32:32","slug":"centenario-aeronautica-militare-open-day-al-36-stormo","status":"publish","type":"post","link":"https:\/\/casamassima.lavocedelpaese.info\/index.php\/2023\/03\/27\/centenario-aeronautica-militare-open-day-al-36-stormo\/","title":{"rendered":"Centenario Aeronautica Militare \u2013 \u201cOpen Day\u201d al 36\u00b0 Stormo"},"content":{"rendered":"<p>\u00a0<\/p>\n<p>\u200b\u00a0<\/p>\n<p>\u200bGioia \u2013 La Voce del Paese\u00a0<\/p>\n<div class=\"wp-block-image\">\n<\/div>\n<p>L\u2019Aeronautica Militare vive un anno davvero speciale. Il 28 marzo 2023, infatti, costituisce l\u2019occasione <strong>per celebrare i 100 anni di storia della nostra Forza Armata<\/strong>, con una serie di progetti volti a ripercorrere l\u2019evoluzione dello strumento aereo fino ad arrivare al dominio nella dimensione aerospaziale, raccontando chi siamo stati, cosa rappresentiamo oggi e come ci vediamo domani.<\/p>\n<p>Marted\u00ec 28 marzo, pertanto, <strong>il 36\u00b0 Stormo organizzer\u00e0 un \u201cOpen Day\u201d<\/strong> dando la possibilit\u00e0, alla cittadinanza tutta, di accedere alla caserma, visitare i luoghi di lavoro e gli stand espositivi, per conoscere pi\u00f9 da vicino l\u2019Aeronautica Militare e le attivit\u00e0 svolte in Italia e nel mondo.<\/p>\n<p><strong>Il programma prevede<\/strong> l\u2019alzabandiera alle 9.30 e l\u2019apertura al pubblico alle ore 10. Alle 11 ed alle 14 \u00e8 previsto il sorvolo elicottero S.A.R.: alle 11.30 ed alle 14.30 si terr\u00e0 il sorvolo Eurofighter; alle 12.30 ed alle 15 avr\u00e0 luogo una esibizione di ginnastica ritmica dell\u2019associazione sportiva Iris, alle 13 ed alle 15.30 una esibizione di aeromodellismo dell\u2019AMA di Cassano, con i piloti Alfredo Antico, Alessandro Antico, Mauro Mastropierro, Enzo Albanese, Sebastiano Consiglio, Luciano Mangialardo, Marco Calo\u2019, Marco Loreti, Marcello Ciccolessi, Mauri Macera, Arcangelo Marzulli e Luca Campanale sar\u00e0 anche inaugurata una mostra pittorica.<\/p>\n<div class=\"wp-block-image\">\n<\/div>\n<p>L\u2019occasione \u00e8 propizia per condividere con la gente cosa sia la Forza Armata: un\u2019Aeronautica che lavora silenziosamente con umilt\u00e0, con senso del dovere e con professionalit\u00e0, che opera e si impegna nel nome e nel rispetto dei nostri valori fondanti.<\/p>\n<p>Ma anche l\u2019Aeronautica che si proietta con fiducia verso il futuro con quell\u2019anelito di modernit\u00e0 e propensione all\u2019innovazione che la contraddistingue sin dalla nascita, nella consapevolezza di essere al servizio del Paese.<\/p>\n<p>Nella circostanza <strong>si informa la cittadinanza che \u00e8 stato istituito un servizio di trasporto gratuito<\/strong> che consentir\u00e0 ai cittadini di raggiungere la base militare e partecipare alle attivit\u00e0 programmate nel corso della mattinata.<\/p>\n<p><strong>A partire dalle ore 9:50, il bus navetta collegher\u00e0 piazza Plebiscito alla base militare del 36\u00b0 Stormo Caccia A.M. (e viceversa) con corse ogni 30 minuti.<\/strong><\/p>\n<p>L\u2019ultima corsa \u00e8 prevista alle ore 13:00 con partenza dalla base militare del 36\u00b0 Stormo Caccia A.M. verso piazza Plebiscito.<\/p>\n<p><a class=\"a2a_button_facebook\" href=\"https:\/\/www.addtoany.com\/add_to\/facebook?linkurl=https%3A%2F%2Fgioia.lavocedelpaese.info%2Findex.php%2F2023%2F03%2F27%2Fcentenario-aeronautica-militare-open-day-al-36-stormo%2F&amp;linkname=Centenario%20Aeronautica%20Militare%20%E2%80%93%20%E2%80%9COpen%20Day%E2%80%9D%20al%2036%C2%B0%20Stormo\" title=\"Facebook\" target=\"_blank\" rel=\"noopener\"><\/a><a class=\"a2a_button_twitter\" href=\"https:\/\/www.addtoany.com\/add_to\/twitter?linkurl=https%3A%2F%2Fgioia.lavocedelpaese.info%2Findex.php%2F2023%2F03%2F27%2Fcentenario-aeronautica-militare-open-day-al-36-stormo%2F&amp;linkname=Centenario%20Aeronautica%20Militare%20%E2%80%93%20%E2%80%9COpen%20Day%E2%80%9D%20al%2036%C2%B0%20Stormo\" title=\"Twitter\" target=\"_blank\" rel=\"noopener\"><\/a><a class=\"a2a_button_whatsapp\" href=\"https:\/\/www.addtoany.com\/add_to\/whatsapp?linkurl=https%3A%2F%2Fgioia.lavocedelpaese.info%2Findex.php%2F2023%2F03%2F27%2Fcentenario-aeronautica-militare-open-day-al-36-stormo%2F&amp;linkname=Centenario%20Aeronautica%20Militare%20%E2%80%93%20%E2%80%9COpen%20Day%E2%80%9D%20al%2036%C2%B0%20Stormo\" title=\"WhatsApp\" target=\"_blank\" rel=\"noopener\"><\/a><a class=\"a2a_button_telegram\" href=\"https:\/\/www.addtoany.com\/add_to\/telegram?linkurl=https%3A%2F%2Fgioia.lavocedelpaese.info%2Findex.php%2F2023%2F03%2F27%2Fcentenario-aeronautica-militare-open-day-al-36-stormo%2F&amp;linkname=Centenario%20Aeronautica%20Militare%20%E2%80%93%20%E2%80%9COpen%20Day%E2%80%9D%20al%2036%C2%B0%20Stormo\" title=\"Telegram\" target=\"_blank\" rel=\"noopener\"><\/a><a class=\"a2a_button_email\" href=\"https:\/\/www.addtoany.com\/add_to\/email?linkurl=https%3A%2F%2Fgioia.lavocedelpaese.info%2Findex.php%2F2023%2F03%2F27%2Fcentenario-aeronautica-militare-open-day-al-36-stormo%2F&amp;linkname=Centenario%20Aeronautica%20Militare%20%E2%80%93%20%E2%80%9COpen%20Day%E2%80%9D%20al%2036%C2%B0%20Stormo\" title=\"Email\" target=\"_blank\" rel=\"noopener\"><\/a><\/p>\n<p>\u00a0<\/p>\n<p><a class=\"a2a_button_facebook\" href=\"https:\/\/www.addtoany.com\/add_to\/facebook?linkurl=https%3A%2F%2Flavocedelpaese.info%2Findex.php%2F2023%2F03%2F27%2Fcentenario-aeronautica-militare-open-day-al-36-stormo%2F&amp;linkname=Centenario%20Aeronautica%20Militare%20%E2%80%93%20%E2%80%9COpen%20Day%E2%80%9D%20al%2036%C2%B0%20Stormo\" title=\"Facebook\" target=\"_blank\" rel=\"noopener\"><\/a><a class=\"a2a_button_twitter\" href=\"https:\/\/www.addtoany.com\/add_to\/twitter?linkurl=https%3A%2F%2Flavocedelpaese.info%2Findex.php%2F2023%2F03%2F27%2Fcentenario-aeronautica-militare-open-day-al-36-stormo%2F&amp;linkname=Centenario%20Aeronautica%20Militare%20%E2%80%93%20%E2%80%9COpen%20Day%E2%80%9D%20al%2036%C2%B0%20Stormo\" title=\"Twitter\" target=\"_blank\" rel=\"noopener\"><\/a><a class=\"a2a_button_whatsapp\" href=\"https:\/\/www.addtoany.com\/add_to\/whatsapp?linkurl=https%3A%2F%2Flavocedelpaese.info%2Findex.php%2F2023%2F03%2F27%2Fcentenario-aeronautica-militare-open-day-al-36-stormo%2F&amp;linkname=Centenario%20Aeronautica%20Militare%20%E2%80%93%20%E2%80%9COpen%20Day%E2%80%9D%20al%2036%C2%B0%20Stormo\" title=\"WhatsApp\" target=\"_blank\" rel=\"noopener\"><\/a><a class=\"a2a_button_telegram\" href=\"https:\/\/www.addtoany.com\/add_to\/telegram?linkurl=https%3A%2F%2Flavocedelpaese.info%2Findex.php%2F2023%2F03%2F27%2Fcentenario-aeronautica-militare-open-day-al-36-stormo%2F&amp;linkname=Centenario%20Aeronautica%20Militare%20%E2%80%93%20%E2%80%9COpen%20Day%E2%80%9D%20al%2036%C2%B0%20Stormo\" title=\"Telegram\" target=\"_blank\" rel=\"noopener\"><\/a><a class=\"a2a_button_email\" href=\"https:\/\/www.addtoany.com\/add_to\/email?linkurl=https%3A%2F%2Flavocedelpaese.info%2Findex.php%2F2023%2F03%2F27%2Fcentenario-aeronautica-militare-open-day-al-36-stormo%2F&amp;linkname=Centenario%20Aeronautica%20Militare%20%E2%80%93%20%E2%80%9COpen%20Day%E2%80%9D%20al%2036%C2%B0%20Stormo\" title=\"Email\" target=\"_blank\" rel=\"noopener\"><\/a><\/p>\n<p>\u00a0<\/p>","protected":false},"excerpt":{"rendered":"<p>\u00a0 \u200b\u00a0 \u200bGioia \u2013 La Voce del Paese\u00a0 L\u2019Aeronautica Militare vive un anno davvero speciale. Il 28 marzo 2023, infatti,<\/p>\n","protected":false},"author":0,"featured_media":0,"comment_status":"open","ping_status":"closed","sticky":false,"template":"","format":"standard","meta":{"colormag_page_container_layout":"default_layout","colormag_page_sidebar_layout":"default_layout","_monsterinsights_skip_tracking":false,"_monsterinsights_sitenote_active":false,"_monsterinsights_sitenote_note":"","_monsterinsights_sitenote_category":0,"footnotes":""},"categories":[7],"tags":[],"class_list":["post-1787","post","type-post","status-publish","format-standard","hentry","category-regione"],"_links":{"self":[{"href":"https:\/\/casamassima.lavocedelpaese.info\/index.php\/wp-json\/wp\/v2\/posts\/1787","targetHints":{"allow":["GET"]}}],"collection":[{"href":"https:\/\/casamassima.lavocedelpaese.info\/index.php\/wp-json\/wp\/v2\/posts"}],"about":[{"href":"https:\/\/casamassima.lavocedelpaese.info\/index.php\/wp-json\/wp\/v2\/types\/post"}],"replies":[{"embeddable":true,"href":"https:\/\/casamassima.lavocedelpaese.info\/index.php\/wp-json\/wp\/v2\/comments?post=1787"}],"version-history":[{"count":0,"href":"https:\/\/casamassima.lavocedelpaese.info\/index.php\/wp-json\/wp\/v2\/posts\/1787\/revisions"}],"wp:attachment":[{"href":"https:\/\/casamassima.lavocedelpaese.info\/index.php\/wp-json\/wp\/v2\/media?parent=1787"}],"wp:term":[{"taxonomy":"category","embeddable":true,"href":"https:\/\/casamassima.lavocedelpaese.info\/index.php\/wp-json\/wp\/v2\/categories?post=1787"},{"taxonomy":"post_tag","embeddable":true,"href":"https:\/\/casamassima.lavocedelpaese.info\/index.php\/wp-json\/wp\/v2\/tags?post=1787"}],"curies":[{"name":"wp","href":"https:\/\/api.w.org\/{rel}","templated":true}]}}