{"id":1732,"date":"2023-03-25T14:36:49","date_gmt":"2023-03-25T14:36:49","guid":{"rendered":"https:\/\/casamassima.lavocedelpaese.info\/index.php\/2023\/03\/25\/festival-dellacqua-2023-in-ricordo-di-carmelo-colamonico-5\/"},"modified":"2023-03-25T14:36:49","modified_gmt":"2023-03-25T14:36:49","slug":"festival-dellacqua-2023-in-ricordo-di-carmelo-colamonico-5","status":"publish","type":"post","link":"https:\/\/casamassima.lavocedelpaese.info\/index.php\/2023\/03\/25\/festival-dellacqua-2023-in-ricordo-di-carmelo-colamonico-5\/","title":{"rendered":"Festival dell\u2019Acqua 2023: in ricordo di Carmelo Colamonico"},"content":{"rendered":"<p>\u00a0<\/p>\n<p>\u200b\u00a0<\/p>\n<p>\u200bAcquaviva \u2013 La Voce del Paese\u00a0<\/p>\n<p>Lo scorso 22 marzo in occasione della Giornata Mondiale dell\u2019Acqua, presso la Sala Consiliare di Acquaviva delle Fonti, \u00e8 stato presentato il primo incontro di tanti altri con il titolo <strong>\u201cColamonico chi era\u201d,<\/strong> un illustre geografo italiano nato ad Acquaviva il 27 luglio 1882. Hanno partecipato notevoli figure come i sindaci di Acquaviva e Cassano delle Murge, docenti universitari, geologi, direttori di vari dipartimenti e dirigenti scolastici.<\/p>\n<p>\u201cOggi stiamo inaugurando il Festival dell\u2019Acqua, prima iniziativa che Acquaviva svolge con il Parco dell\u2019Alta Murgia come Comune contiguo, <strong>\u2013 Davide Carlucci, Sindaco di Acquaviva -,<\/strong> quest\u2019anno il Festival \u00e8 dedicato al prof. Carmelo Colamonico, un illustre geografo di Acquaviva scomparso 50 anni fa e pioniere degli studi sull\u2019acqua in Puglia dei corsi superficiali e sotterranei, \u00e8 stato il primo a occuparsene in maniera sistematica diventando una figura a cavallo tra geografia e geologia, perci\u00f2 l\u2019obiettivo \u00e8 anche parlare dell\u2019importanza dell\u2019acqua nei processi di transizione energetica e di salvaguardia ambientale che ha portato all\u2019azione di firma del protocollo di intesa tra i comuni di Acquaviva, Cassano, Gravina e altri, accomunati da un forte rapporto con la falda acquifera, lo scopo \u00e8 monitorare questa risorsa che abbiamo sottoterra, ma non avendo qualcuno che controlla l\u2019operato, dobbiamo segnalare pozzi preoccupanti nel quale fuoriesce a volte acqua contaminata\u201d.<\/p>\n<p>\u201cQuest\u2019anno sono presenti molteplici istituzioni che hanno accolto il progetto del Festival dell\u2019Acqua, alla sua seconda edizione, come il comune di Gravina, il Parco dell\u2019Alta Murgia, istituti liceali di Cassano e di Acquaviva, la SIGEA, l\u2019Autorit\u00e0 del Distretto Appenino-Meridionale, l\u2019universit\u00e0 Aldo Moro e altre societ\u00e0, condividendo un momento di riflessione sull\u2019importanza dell\u2019acqua definita una risorsa preziosissima, \u2013 <strong>Davide Del Re, Sindaco di Cassano<\/strong> -, nei nostri centri storici sono presenti pozzi che ricordano la nascita di alcuni territori, perci\u00f2 la firma del protocollo d\u2019intesa porta ad avere un\u2019unica rete e ottimo spirito, bisogna lavorare insieme contro le numerose difficolt\u00e0 che si possono incontrare, ma il nostro compito sar\u00e0 sempre completare la nostra parte che ci vedr\u00e0 impegnati a portare monitoraggio, programmazione e progettazione con un sano indirizzo che porta vantaggi per il nostro territorio\u201d.<\/p>\n<p>\u201cNoi del Comune di Gravina, <strong>\u2013 Vito Stimolo, Assessore alle Politiche per il Commercio -,<\/strong> abbiamo desiderato essere qui presenti per affiancare il lavoro dei due sindaci, lo consideriamo coerente con gli obiettivi strategici di operare e lavorare in una visione territoriale, la comunit\u00e0 del Parco ci accomuna attraverso i solchi carsici e l\u2019antica storia, la raccolta e manutenzione dei luoghi preposti nel raccogliere l\u2019acqua dalle cisterne e sistemi articolati. L\u2019acqua \u00e8 una fonte preziosissima che porta alla visione della carta vincente di tutti i nostri territori che soffrono di una certa marginalit\u00e0 rispetto agli ambienti pi\u00f9 costieri, ma che godono nella propria unicit\u00e0 storico-culturale dello stare insieme. Si \u00e8 deciso che tutti i 15 comuni del Parco che parleranno dello sviluppo e conservazione del territorio saranno ospitati nella 729esima Fiera di San Giorgio (Gravina) il 22 aprile, dove sottoscriveremo il protocollo d\u2019intesa\u201d.<\/p>\n<p>\u201cPorgo il saluto della comunit\u00e0 scolastica \u201cLeonardo da Vinci\u201d e \u201cPlatone\u201d di Cassano delle Murge, <strong>\u2013 Giovanni Mariani, Dirigente Scolastico -, <\/strong>ringrazio gli organizzatori per aver pensato al coinvolgimento della scuola, tuttavia, credo che quando si parla di tutela del territorio, il fondamento delle istituzioni non possa declinare l\u2019invito, purtroppo la geografia sta diventando una materia trascurata e perfino scomparsa come insegnamento, perci\u00f2 lo studio dei fenomeni \u00e8 molto limitato, soprattutto nelle scienze dei bienni rendendo i ragazzi privi di conoscenza diretta del territorio, la nostra attenzione si dirige anche per la raccolta differenziata, conoscere una vera e propria pulizia a favore del territorio, portando ad una sensibilizzazione maggiore da parte dei ragazzi\u201d.<\/p>\n<p>\u201cRingrazio per l\u2019invito, sono il pronipote del prof. Colamonico, l\u2019ho conosciuto quando avevo 13-14 anni prima che morisse, <strong>\u2013 Prof .Tobia Colamonico -,<\/strong> un ricordo che conservo \u00e8 di una persona con un livello culturale elevatissimo, possedeva una biblioteca immensa e poteva discutere con i suoi liceali su qualsiasi campo, ad Acquaviva ritornava specialmente durante la Festa Patronale trattenendosi con la famiglia, era una persona dolce, buonissima, un suo grande scopo era spingere il Ministero nell\u2019utilizzo della geografia a scuola, ha sempre lottato per questa sua ambizione, ma i nostri Ministri l\u2019hanno sempre considerata una materia marginale ed \u00e8 una cosa stranissima, conoscere nuovi posti e citt\u00e0 \u00e8 importante, moltissimi ragazzi non sanno dove si trova Milano, non conoscere il proprio territorio \u00e8 grave, oggi Zio Carmelo sarebbero stato abbastanza deluso nei confronti della nuova generazione scolastica.\u201d<\/p>\n<p>\u201cNel campo dell\u2019acqua ci definiamo importatori di 600 milioni di metri cubi, una cifra esorbitante per la quale regioni come Basilicata, Campania stanno iniziando ad alzare la voce su questo percorso delle acque chiedendo di tagliare i rubinetti, <strong>\u2013 Dott. Salvatore Valletta, Ordine dei Geologi in Puglia -,<\/strong> dobbiamo ringraziare la grande capacit\u00e0 del nostro Acquedotto Pugliese che nella sua centenaria esperienza sta puntando a recuperare il 50% di perdite dalle nostre condotte idriche a livello nazionale, la vera risorsa \u00e8 una parte di risparmio e risanare tali sottrazioni, \u00e8 un iniziativa interessante che si protende ad allargare ai Comuni limitrofi e pensare ad un accordo per il quale una regione come la Puglia non debba mancare il proprio contributo, soprattutto per altri eventi pi\u00f9 tecnici con lo scopo di accreditare aggiornamenti professionali.\u201d<\/p>\n<p>\u201cOggi a New York in occasione della Giornata Mondiale dell\u2019Acqua si svolge un grandissimo evento in cui sono coinvolti partner istituzionali con l\u2019obiettivo di costruire un\u2019azione comune sull\u2019acqua, perch\u00e9 \u00e8 un bene per tutta l\u2019Umanit\u00e0,<strong> \u2013 Maria Simone, Vice Presidente Federazione Italiana dei Club e Centri per l\u2019UNESCO -,<\/strong> purtroppo milioni di persone non godono di tale accessibilit\u00e0, ogni anno l\u2019UNESCO enuncia dei rapporti sulle acque sotterranee e sui cambiamenti climatici, sono dei precisi riferimenti che i ragazzi del liceo di Cassano hanno recuperato per avviare i loro discorsi per il laboratorio dell\u2019acqua, la condizione dell\u2019UNESCO \u00e8 fare rete e trovare dei partner per andare avanti e accedere a nuovi poteri di sviluppo, \u00e8 un modello da seguire per continuare azioni sistematiche sul territorio\u201d.<\/p>\n<p>\u201cSono partita da una figura in bianco e nero, per la quale ho cercato di dare colore e sono venute fuori delle testimonianze di Carmelo Colamonico, <strong>\u2013 Rossella De Ceglie, Studiosa di Storia delle Scienze -, <\/strong>un uomo che riusciva con la sua eccezionale cultura a coinvolgere commozione, \u00e8 stato uno studioso venerato dagli studi scientifici, ha vissuto tutta la sua vita dedicata allo studio per pi\u00f9 di 60 anni per diversi campi di indagine, amava la cucina, fare viaggi, fin da piccolo mostrava una forte inclinazione per gli studi che lo porteranno a studiare e lavorare allo stesso tempo, questa passione lo condurr\u00e0 nel 1900 nell\u2019Universit\u00e0 di Napoli dove conoscer\u00e0 come docente Filippo Porena, sin da subito nel giovane riconosce grandi capacit\u00e0 e una forte determinazione, trasportandolo sotto la sua ala ad avviare studi di geografia e la sua tesi di laurea lo invoglier\u00e0 ad approfondire lo studio della Puglia che sar\u00e0 sempre il suo prediletto campo vincente\u201d.<\/p>\n<p>\u201cSono un geologo che si occupa di territori, di dissesto idrogeologico e di carsismo, per questo mi concentrer\u00f2 sul bellissimo quadro della figura di Carmelo Colamonico, \u2013 <strong>Mario Parise<\/strong> -, frequentando il sottosuolo Pugliese ho capito subito che l\u2019acqua scolpisce e governa tutta l\u2019evoluzione del nostro paesaggio, la speleologia ci consente di acquisire dati del sottosuolo e per me \u00e8 stato il mezzo tramite il quale sono venuto a contatto con l\u2019opera di Colamonico, il territorio come la Puglia \u00e8 quasi interamente carsico con la suddivisione delle zone del Gargano, delle Murge e del Salento e ci sono state figure come Colamonico che hanno segnato la storia del carsismo, le sue opere principali sono segnate tra il 1916-1922, una grande quantit\u00e0 di lavori sulle forme pi\u00f9 significative sul carsismo pugliese con successive prestazioni di tracce glaciali sul Matese e anche sul bacino di Camporotondo\u201d.<\/p>\n<p>\u201cGli studi di Carmelo Colamonico confluiscono nella memoria illustrativa dell\u2019 apprendimento del paesaggio e del suolo italiano, che pu\u00f2 essere considerata la sintesi di tutti gli studi che durante la sua vita ha dedicato alla Puglia, \u2013 <strong>Antonella Rinella, Professoressa UNISALENTO<\/strong> -, prima della sua morte Filippo Porena, gli lascia il compito di rivedere un suo manuale, da l\u00ec in poi, tutti i manuali saranno a firma di Colamonico, la sua figura diventer\u00e0 cosi importante che regger\u00e0 come punto di riferimento di tutto il Mezzogiorno, ci sono dei testi dove riporta le lettere che ha scritto ai Ministri della Pubblica Istruzione rimarcando come fosse importante aumentare la presenza della geografia nei licei, dietro la sua figura si cela un tono poetico riconosciuto dai suoi contemporanei che sottolineano come fosse semplice e chiaro il suo stile che rendeva a tanti la possibilit\u00e0 di avvicinarsi ai suoi scritti\u201d.<\/p>\n<p class=\"has-text-align-right\"><strong>ANTONIO SABINI<\/strong><\/p>\n<p><a class=\"a2a_button_facebook\" href=\"https:\/\/www.addtoany.com\/add_to\/facebook?linkurl=https%3A%2F%2Facquaviva.lavocedelpaese.info%2Findex.php%2F2023%2F03%2F25%2Ffestival-dellacqua-2023-in-ricordo-di-carmelo-colamonico%2F&amp;linkname=Festival%20dell%E2%80%99Acqua%202023%3A%20in%20ricordo%20di%20Carmelo%20Colamonico\" title=\"Facebook\" target=\"_blank\" rel=\"noopener\"><\/a><a class=\"a2a_button_twitter\" href=\"https:\/\/www.addtoany.com\/add_to\/twitter?linkurl=https%3A%2F%2Facquaviva.lavocedelpaese.info%2Findex.php%2F2023%2F03%2F25%2Ffestival-dellacqua-2023-in-ricordo-di-carmelo-colamonico%2F&amp;linkname=Festival%20dell%E2%80%99Acqua%202023%3A%20in%20ricordo%20di%20Carmelo%20Colamonico\" title=\"Twitter\" target=\"_blank\" rel=\"noopener\"><\/a><a class=\"a2a_button_whatsapp\" href=\"https:\/\/www.addtoany.com\/add_to\/whatsapp?linkurl=https%3A%2F%2Facquaviva.lavocedelpaese.info%2Findex.php%2F2023%2F03%2F25%2Ffestival-dellacqua-2023-in-ricordo-di-carmelo-colamonico%2F&amp;linkname=Festival%20dell%E2%80%99Acqua%202023%3A%20in%20ricordo%20di%20Carmelo%20Colamonico\" title=\"WhatsApp\" target=\"_blank\" rel=\"noopener\"><\/a><a class=\"a2a_button_telegram\" href=\"https:\/\/www.addtoany.com\/add_to\/telegram?linkurl=https%3A%2F%2Facquaviva.lavocedelpaese.info%2Findex.php%2F2023%2F03%2F25%2Ffestival-dellacqua-2023-in-ricordo-di-carmelo-colamonico%2F&amp;linkname=Festival%20dell%E2%80%99Acqua%202023%3A%20in%20ricordo%20di%20Carmelo%20Colamonico\" title=\"Telegram\" target=\"_blank\" rel=\"noopener\"><\/a><a class=\"a2a_button_email\" href=\"https:\/\/www.addtoany.com\/add_to\/email?linkurl=https%3A%2F%2Facquaviva.lavocedelpaese.info%2Findex.php%2F2023%2F03%2F25%2Ffestival-dellacqua-2023-in-ricordo-di-carmelo-colamonico%2F&amp;linkname=Festival%20dell%E2%80%99Acqua%202023%3A%20in%20ricordo%20di%20Carmelo%20Colamonico\" title=\"Email\" target=\"_blank\" rel=\"noopener\"><\/a><\/p>\n<p>\u00a0<\/p>\n<p><a class=\"a2a_button_facebook\" href=\"https:\/\/www.addtoany.com\/add_to\/facebook?linkurl=https%3A%2F%2Flavocedelpaese.info%2Findex.php%2F2023%2F03%2F25%2Ffestival-dellacqua-2023-in-ricordo-di-carmelo-colamonico%2F&amp;linkname=Festival%20dell%E2%80%99Acqua%202023%3A%20in%20ricordo%20di%20Carmelo%20Colamonico\" title=\"Facebook\" target=\"_blank\" rel=\"noopener\"><\/a><a class=\"a2a_button_twitter\" href=\"https:\/\/www.addtoany.com\/add_to\/twitter?linkurl=https%3A%2F%2Flavocedelpaese.info%2Findex.php%2F2023%2F03%2F25%2Ffestival-dellacqua-2023-in-ricordo-di-carmelo-colamonico%2F&amp;linkname=Festival%20dell%E2%80%99Acqua%202023%3A%20in%20ricordo%20di%20Carmelo%20Colamonico\" title=\"Twitter\" target=\"_blank\" rel=\"noopener\"><\/a><a class=\"a2a_button_whatsapp\" href=\"https:\/\/www.addtoany.com\/add_to\/whatsapp?linkurl=https%3A%2F%2Flavocedelpaese.info%2Findex.php%2F2023%2F03%2F25%2Ffestival-dellacqua-2023-in-ricordo-di-carmelo-colamonico%2F&amp;linkname=Festival%20dell%E2%80%99Acqua%202023%3A%20in%20ricordo%20di%20Carmelo%20Colamonico\" title=\"WhatsApp\" target=\"_blank\" rel=\"noopener\"><\/a><a class=\"a2a_button_telegram\" href=\"https:\/\/www.addtoany.com\/add_to\/telegram?linkurl=https%3A%2F%2Flavocedelpaese.info%2Findex.php%2F2023%2F03%2F25%2Ffestival-dellacqua-2023-in-ricordo-di-carmelo-colamonico%2F&amp;linkname=Festival%20dell%E2%80%99Acqua%202023%3A%20in%20ricordo%20di%20Carmelo%20Colamonico\" title=\"Telegram\" target=\"_blank\" rel=\"noopener\"><\/a><a class=\"a2a_button_email\" href=\"https:\/\/www.addtoany.com\/add_to\/email?linkurl=https%3A%2F%2Flavocedelpaese.info%2Findex.php%2F2023%2F03%2F25%2Ffestival-dellacqua-2023-in-ricordo-di-carmelo-colamonico%2F&amp;linkname=Festival%20dell%E2%80%99Acqua%202023%3A%20in%20ricordo%20di%20Carmelo%20Colamonico\" title=\"Email\" target=\"_blank\" rel=\"noopener\"><\/a><\/p>\n<p>\u00a0<\/p>","protected":false},"excerpt":{"rendered":"<p>\u00a0 \u200b\u00a0 \u200bAcquaviva \u2013 La Voce del Paese\u00a0 Lo scorso 22 marzo in occasione della Giornata Mondiale dell\u2019Acqua, presso la<\/p>\n","protected":false},"author":0,"featured_media":0,"comment_status":"open","ping_status":"closed","sticky":false,"template":"","format":"standard","meta":{"colormag_page_container_layout":"default_layout","colormag_page_sidebar_layout":"default_layout","_monsterinsights_skip_tracking":false,"_monsterinsights_sitenote_active":false,"_monsterinsights_sitenote_note":"","_monsterinsights_sitenote_category":0,"footnotes":""},"categories":[7],"tags":[],"class_list":["post-1732","post","type-post","status-publish","format-standard","hentry","category-regione"],"_links":{"self":[{"href":"https:\/\/casamassima.lavocedelpaese.info\/index.php\/wp-json\/wp\/v2\/posts\/1732","targetHints":{"allow":["GET"]}}],"collection":[{"href":"https:\/\/casamassima.lavocedelpaese.info\/index.php\/wp-json\/wp\/v2\/posts"}],"about":[{"href":"https:\/\/casamassima.lavocedelpaese.info\/index.php\/wp-json\/wp\/v2\/types\/post"}],"replies":[{"embeddable":true,"href":"https:\/\/casamassima.lavocedelpaese.info\/index.php\/wp-json\/wp\/v2\/comments?post=1732"}],"version-history":[{"count":0,"href":"https:\/\/casamassima.lavocedelpaese.info\/index.php\/wp-json\/wp\/v2\/posts\/1732\/revisions"}],"wp:attachment":[{"href":"https:\/\/casamassima.lavocedelpaese.info\/index.php\/wp-json\/wp\/v2\/media?parent=1732"}],"wp:term":[{"taxonomy":"category","embeddable":true,"href":"https:\/\/casamassima.lavocedelpaese.info\/index.php\/wp-json\/wp\/v2\/categories?post=1732"},{"taxonomy":"post_tag","embeddable":true,"href":"https:\/\/casamassima.lavocedelpaese.info\/index.php\/wp-json\/wp\/v2\/tags?post=1732"}],"curies":[{"name":"wp","href":"https:\/\/api.w.org\/{rel}","templated":true}]}}