{"id":1553,"date":"2023-03-18T03:38:37","date_gmt":"2023-03-18T03:38:37","guid":{"rendered":"https:\/\/casamassima.lavocedelpaese.info\/index.php\/2023\/03\/18\/lhair-stylist-massimo-colapietro-alla-milano-fashion-week-2023-18\/"},"modified":"2023-03-18T03:38:37","modified_gmt":"2023-03-18T03:38:37","slug":"lhair-stylist-massimo-colapietro-alla-milano-fashion-week-2023-18","status":"publish","type":"post","link":"https:\/\/casamassima.lavocedelpaese.info\/index.php\/2023\/03\/18\/lhair-stylist-massimo-colapietro-alla-milano-fashion-week-2023-18\/","title":{"rendered":"L\u2019hair stylist Massimo Colapietro alla Milano Fashion Week 2023"},"content":{"rendered":"<p>\u00a0<\/p>\n<p>\u200b\u00a0<\/p>\n<p>\u200bAcquaviva \u2013 La Voce del Paese\u00a0<\/p>\n<p><strong>\u201cLa Bellezza \u00e8 alla costante ricerca di unicit\u00e0\u201d<\/strong><\/p>\n<p>Un parrucchiere acquavivese tra i protagonisti della Milano Fashion Week 2023, l\u2019evento dedicato alla Moda che si \u00e8 svolto nel capoluogo lombardo dal 21 al 27 febbraio.<\/p>\n<p>Si tratta di Massimo Colapietro detto Max, 45 anni Hair Stylist e formatore per @theclubitalia @wellaprofessionals_italia @wellahair Top colorist club Italia #wellaitalia, titolare @i_colapietro_parrucchieri in Piazza Kolbe 7\/A ad Acquaviva delle Fonti.<\/p>\n<p>Alla sua seconda partecipazione, Max del I Colapietro Parrucchieri di Acquaviva delle Fonti \u00e8 Official Hair Stylist della Milano Fashion Week 2023\/2024 insieme a Wella, partner ufficiale di CNMI per le creazioni hair nei backstage,con il team \u2018the best club\u2019 di cui \u00e8 formatore.<\/p>\n<p>\u201cE\u2019 stata un\u2019esperienza davvero molto bella, diversa dalla prima: sono stato nella splendida location di Casa<strong> degli Atellani<\/strong>\u00a0scelta dal brand\u00a0<strong>Bally<\/strong>, qui ho respirato un\u2019aria di grande fermento creativo, linfa preziosa per il mio lavoro di ogni giorno in salone. Queste occasioni sono importanti, ci consentono di affinare le nostre competenze per rendere sempre pi\u00f9 belle le clienti che si affidano a noi. Oltre a vivere il backstage a stretto contatto con grandi hair stylist internazionali su modelle di fama mondiale, mi sono guardato a 360\u00b0 e vissuto l\u2019arrivo degli ospiti. Ho apprezzato molto i loro outifit, capaci attraverso i diversi accostamenti di rendere ciascuna persona, unica, autentica e con una propria identit\u00e0. Look molto puliti e vissuti. Cosa porto a casa? La bellezza \u00e8 alla costante ricerca di unicit\u00e0\u201d.<\/p>\n<p class=\"has-text-align-right\"><strong>REDAZIONALE<\/strong><\/p>\n<p><a class=\"a2a_button_facebook\" href=\"https:\/\/www.addtoany.com\/add_to\/facebook?linkurl=https%3A%2F%2Facquaviva.lavocedelpaese.info%2Findex.php%2F2023%2F03%2F17%2Flhair-stylist-massimo-colapietro-alla-milano-fashion-week-2023-2%2F&amp;linkname=L%E2%80%99hair%20stylist%20Massimo%20Colapietro%20alla%20Milano%20Fashion%20Week%202023\" title=\"Facebook\" target=\"_blank\" rel=\"noopener\"><\/a><a class=\"a2a_button_twitter\" href=\"https:\/\/www.addtoany.com\/add_to\/twitter?linkurl=https%3A%2F%2Facquaviva.lavocedelpaese.info%2Findex.php%2F2023%2F03%2F17%2Flhair-stylist-massimo-colapietro-alla-milano-fashion-week-2023-2%2F&amp;linkname=L%E2%80%99hair%20stylist%20Massimo%20Colapietro%20alla%20Milano%20Fashion%20Week%202023\" title=\"Twitter\" target=\"_blank\" rel=\"noopener\"><\/a><a class=\"a2a_button_whatsapp\" href=\"https:\/\/www.addtoany.com\/add_to\/whatsapp?linkurl=https%3A%2F%2Facquaviva.lavocedelpaese.info%2Findex.php%2F2023%2F03%2F17%2Flhair-stylist-massimo-colapietro-alla-milano-fashion-week-2023-2%2F&amp;linkname=L%E2%80%99hair%20stylist%20Massimo%20Colapietro%20alla%20Milano%20Fashion%20Week%202023\" title=\"WhatsApp\" target=\"_blank\" rel=\"noopener\"><\/a><a class=\"a2a_button_telegram\" href=\"https:\/\/www.addtoany.com\/add_to\/telegram?linkurl=https%3A%2F%2Facquaviva.lavocedelpaese.info%2Findex.php%2F2023%2F03%2F17%2Flhair-stylist-massimo-colapietro-alla-milano-fashion-week-2023-2%2F&amp;linkname=L%E2%80%99hair%20stylist%20Massimo%20Colapietro%20alla%20Milano%20Fashion%20Week%202023\" title=\"Telegram\" target=\"_blank\" rel=\"noopener\"><\/a><a class=\"a2a_button_email\" href=\"https:\/\/www.addtoany.com\/add_to\/email?linkurl=https%3A%2F%2Facquaviva.lavocedelpaese.info%2Findex.php%2F2023%2F03%2F17%2Flhair-stylist-massimo-colapietro-alla-milano-fashion-week-2023-2%2F&amp;linkname=L%E2%80%99hair%20stylist%20Massimo%20Colapietro%20alla%20Milano%20Fashion%20Week%202023\" title=\"Email\" target=\"_blank\" rel=\"noopener\"><\/a><\/p>\n<p>\u00a0<\/p>\n<p><a class=\"a2a_button_facebook\" href=\"https:\/\/www.addtoany.com\/add_to\/facebook?linkurl=https%3A%2F%2Flavocedelpaese.info%2Findex.php%2F2023%2F03%2F17%2Flhair-stylist-massimo-colapietro-alla-milano-fashion-week-2023-2%2F&amp;linkname=L%E2%80%99hair%20stylist%20Massimo%20Colapietro%20alla%20Milano%20Fashion%20Week%202023\" title=\"Facebook\" target=\"_blank\" rel=\"noopener\"><\/a><a class=\"a2a_button_twitter\" href=\"https:\/\/www.addtoany.com\/add_to\/twitter?linkurl=https%3A%2F%2Flavocedelpaese.info%2Findex.php%2F2023%2F03%2F17%2Flhair-stylist-massimo-colapietro-alla-milano-fashion-week-2023-2%2F&amp;linkname=L%E2%80%99hair%20stylist%20Massimo%20Colapietro%20alla%20Milano%20Fashion%20Week%202023\" title=\"Twitter\" target=\"_blank\" rel=\"noopener\"><\/a><a class=\"a2a_button_whatsapp\" href=\"https:\/\/www.addtoany.com\/add_to\/whatsapp?linkurl=https%3A%2F%2Flavocedelpaese.info%2Findex.php%2F2023%2F03%2F17%2Flhair-stylist-massimo-colapietro-alla-milano-fashion-week-2023-2%2F&amp;linkname=L%E2%80%99hair%20stylist%20Massimo%20Colapietro%20alla%20Milano%20Fashion%20Week%202023\" title=\"WhatsApp\" target=\"_blank\" rel=\"noopener\"><\/a><a class=\"a2a_button_telegram\" href=\"https:\/\/www.addtoany.com\/add_to\/telegram?linkurl=https%3A%2F%2Flavocedelpaese.info%2Findex.php%2F2023%2F03%2F17%2Flhair-stylist-massimo-colapietro-alla-milano-fashion-week-2023-2%2F&amp;linkname=L%E2%80%99hair%20stylist%20Massimo%20Colapietro%20alla%20Milano%20Fashion%20Week%202023\" title=\"Telegram\" target=\"_blank\" rel=\"noopener\"><\/a><a class=\"a2a_button_email\" href=\"https:\/\/www.addtoany.com\/add_to\/email?linkurl=https%3A%2F%2Flavocedelpaese.info%2Findex.php%2F2023%2F03%2F17%2Flhair-stylist-massimo-colapietro-alla-milano-fashion-week-2023-2%2F&amp;linkname=L%E2%80%99hair%20stylist%20Massimo%20Colapietro%20alla%20Milano%20Fashion%20Week%202023\" title=\"Email\" target=\"_blank\" rel=\"noopener\"><\/a><\/p>\n<p>\u00a0<\/p>","protected":false},"excerpt":{"rendered":"<p>\u00a0 \u200b\u00a0 \u200bAcquaviva \u2013 La Voce del Paese\u00a0 \u201cLa Bellezza \u00e8 alla costante ricerca di unicit\u00e0\u201d Un parrucchiere acquavivese tra<\/p>\n","protected":false},"author":0,"featured_media":0,"comment_status":"open","ping_status":"closed","sticky":false,"template":"","format":"standard","meta":{"colormag_page_container_layout":"default_layout","colormag_page_sidebar_layout":"default_layout","_monsterinsights_skip_tracking":false,"_monsterinsights_sitenote_active":false,"_monsterinsights_sitenote_note":"","_monsterinsights_sitenote_category":0,"footnotes":""},"categories":[7],"tags":[],"class_list":["post-1553","post","type-post","status-publish","format-standard","hentry","category-regione"],"_links":{"self":[{"href":"https:\/\/casamassima.lavocedelpaese.info\/index.php\/wp-json\/wp\/v2\/posts\/1553","targetHints":{"allow":["GET"]}}],"collection":[{"href":"https:\/\/casamassima.lavocedelpaese.info\/index.php\/wp-json\/wp\/v2\/posts"}],"about":[{"href":"https:\/\/casamassima.lavocedelpaese.info\/index.php\/wp-json\/wp\/v2\/types\/post"}],"replies":[{"embeddable":true,"href":"https:\/\/casamassima.lavocedelpaese.info\/index.php\/wp-json\/wp\/v2\/comments?post=1553"}],"version-history":[{"count":0,"href":"https:\/\/casamassima.lavocedelpaese.info\/index.php\/wp-json\/wp\/v2\/posts\/1553\/revisions"}],"wp:attachment":[{"href":"https:\/\/casamassima.lavocedelpaese.info\/index.php\/wp-json\/wp\/v2\/media?parent=1553"}],"wp:term":[{"taxonomy":"category","embeddable":true,"href":"https:\/\/casamassima.lavocedelpaese.info\/index.php\/wp-json\/wp\/v2\/categories?post=1553"},{"taxonomy":"post_tag","embeddable":true,"href":"https:\/\/casamassima.lavocedelpaese.info\/index.php\/wp-json\/wp\/v2\/tags?post=1553"}],"curies":[{"name":"wp","href":"https:\/\/api.w.org\/{rel}","templated":true}]}}