{"id":1494,"date":"2023-03-15T16:28:41","date_gmt":"2023-03-15T16:28:41","guid":{"rendered":"https:\/\/casamassima.lavocedelpaese.info\/index.php\/2023\/03\/15\/medioevo-un-corso-per-saperne-di-piu-7\/"},"modified":"2023-03-15T16:28:41","modified_gmt":"2023-03-15T16:28:41","slug":"medioevo-un-corso-per-saperne-di-piu-7","status":"publish","type":"post","link":"https:\/\/casamassima.lavocedelpaese.info\/index.php\/2023\/03\/15\/medioevo-un-corso-per-saperne-di-piu-7\/","title":{"rendered":"Medioevo, un Corso per saperne di pi\u00f9"},"content":{"rendered":"<p>\u00a0<\/p>\n<p>\u200b\u00a0<\/p>\n<p>\u200bCassano \u2013 La Voce del Paese\u00a0<\/p>\n<p>Nasce la collaborazione tra il Centro Studi e Ricerche \u201cStupor Mundi \u2013 Historia Magistra Vitae\u201d dell\u2019associazione cassanese Poliedrika APS e Pro Loco Giovinazzo.<\/p>\n<p>Il corso di formazione, dal titolo \u201c<em>7 passi nel Medioevo<\/em>\u201d avr\u00e0 lo scopo di fornire le conoscenze essenziali per lo studio del periodo storico ascrivibile al Basso Medioevo e, pi\u00f9 precisamente, ai secoli intercorrenti tra il XI-XIV d.C.<\/p>\n<p>L\u2019obiettivo del corso \u00e8 la ricerca e comprensione delle fonti storiche inerenti al periodo e all\u2019area geografica d\u2019interesse e la conseguente applicazione pratica di esse nella ricostruzione storica.<\/p>\n<p>Aperto a cultori della materia, studiosi, appassionati e curiosi, il corso \u00e8 gratuito e si compone di sette incontri. Durante gli incontri, inoltre, sar\u00e0 mostrato materiale visivo di supporto e precise repliche di abiti ricostruite secondo le fonti trattate.<\/p>\n<p>Il corso avr\u00e0 luogo dal prossimo1 aprile al 13 maggio 2023 e si svolger\u00e0 presso la sede Pro Loco a Giovinazzo sita in Piazza Umberto I n.12.<\/p>\n<p>Il numero dei partecipanti \u00e8 limitato e gli interessati potranno effettuare la prenotazione al corso\u00a0 contattando il numero telefonico 3505936607 nella fascia oraria che va dalle 16.00 alle ore 17.00 oppure recandosi in sede, a Giovinazzo, nei giorni di luned\u00ec, mercoled\u00ec e venerd\u00ec dalle ore 18.00 alle ore 19.00.<\/p>\n<p><a class=\"a2a_button_facebook\" href=\"https:\/\/www.addtoany.com\/add_to\/facebook?linkurl=https%3A%2F%2Fcassano.lavocedelpaese.info%2Findex.php%2F2023%2F03%2F15%2Fmedioevo-un-corso-per-saperne-di-piu%2F&amp;linkname=Medioevo%2C%20un%20Corso%20per%20saperne%20di%20pi%C3%B9\" title=\"Facebook\" target=\"_blank\" rel=\"noopener\"><\/a><a class=\"a2a_button_twitter\" href=\"https:\/\/www.addtoany.com\/add_to\/twitter?linkurl=https%3A%2F%2Fcassano.lavocedelpaese.info%2Findex.php%2F2023%2F03%2F15%2Fmedioevo-un-corso-per-saperne-di-piu%2F&amp;linkname=Medioevo%2C%20un%20Corso%20per%20saperne%20di%20pi%C3%B9\" title=\"Twitter\" target=\"_blank\" rel=\"noopener\"><\/a><a class=\"a2a_button_whatsapp\" href=\"https:\/\/www.addtoany.com\/add_to\/whatsapp?linkurl=https%3A%2F%2Fcassano.lavocedelpaese.info%2Findex.php%2F2023%2F03%2F15%2Fmedioevo-un-corso-per-saperne-di-piu%2F&amp;linkname=Medioevo%2C%20un%20Corso%20per%20saperne%20di%20pi%C3%B9\" title=\"WhatsApp\" target=\"_blank\" rel=\"noopener\"><\/a><a class=\"a2a_button_telegram\" href=\"https:\/\/www.addtoany.com\/add_to\/telegram?linkurl=https%3A%2F%2Fcassano.lavocedelpaese.info%2Findex.php%2F2023%2F03%2F15%2Fmedioevo-un-corso-per-saperne-di-piu%2F&amp;linkname=Medioevo%2C%20un%20Corso%20per%20saperne%20di%20pi%C3%B9\" title=\"Telegram\" target=\"_blank\" rel=\"noopener\"><\/a><a class=\"a2a_button_email\" href=\"https:\/\/www.addtoany.com\/add_to\/email?linkurl=https%3A%2F%2Fcassano.lavocedelpaese.info%2Findex.php%2F2023%2F03%2F15%2Fmedioevo-un-corso-per-saperne-di-piu%2F&amp;linkname=Medioevo%2C%20un%20Corso%20per%20saperne%20di%20pi%C3%B9\" title=\"Email\" target=\"_blank\" rel=\"noopener\"><\/a><\/p>\n<p>\u00a0<\/p>\n<p><a class=\"a2a_button_facebook\" href=\"https:\/\/www.addtoany.com\/add_to\/facebook?linkurl=https%3A%2F%2Flavocedelpaese.info%2Findex.php%2F2023%2F03%2F15%2Fmedioevo-un-corso-per-saperne-di-piu%2F&amp;linkname=Medioevo%2C%20un%20Corso%20per%20saperne%20di%20pi%C3%B9\" title=\"Facebook\" target=\"_blank\" rel=\"noopener\"><\/a><a class=\"a2a_button_twitter\" href=\"https:\/\/www.addtoany.com\/add_to\/twitter?linkurl=https%3A%2F%2Flavocedelpaese.info%2Findex.php%2F2023%2F03%2F15%2Fmedioevo-un-corso-per-saperne-di-piu%2F&amp;linkname=Medioevo%2C%20un%20Corso%20per%20saperne%20di%20pi%C3%B9\" title=\"Twitter\" target=\"_blank\" rel=\"noopener\"><\/a><a class=\"a2a_button_whatsapp\" href=\"https:\/\/www.addtoany.com\/add_to\/whatsapp?linkurl=https%3A%2F%2Flavocedelpaese.info%2Findex.php%2F2023%2F03%2F15%2Fmedioevo-un-corso-per-saperne-di-piu%2F&amp;linkname=Medioevo%2C%20un%20Corso%20per%20saperne%20di%20pi%C3%B9\" title=\"WhatsApp\" target=\"_blank\" rel=\"noopener\"><\/a><a class=\"a2a_button_telegram\" href=\"https:\/\/www.addtoany.com\/add_to\/telegram?linkurl=https%3A%2F%2Flavocedelpaese.info%2Findex.php%2F2023%2F03%2F15%2Fmedioevo-un-corso-per-saperne-di-piu%2F&amp;linkname=Medioevo%2C%20un%20Corso%20per%20saperne%20di%20pi%C3%B9\" title=\"Telegram\" target=\"_blank\" rel=\"noopener\"><\/a><a class=\"a2a_button_email\" href=\"https:\/\/www.addtoany.com\/add_to\/email?linkurl=https%3A%2F%2Flavocedelpaese.info%2Findex.php%2F2023%2F03%2F15%2Fmedioevo-un-corso-per-saperne-di-piu%2F&amp;linkname=Medioevo%2C%20un%20Corso%20per%20saperne%20di%20pi%C3%B9\" title=\"Email\" target=\"_blank\" rel=\"noopener\"><\/a><\/p>\n<p>\u00a0<\/p>","protected":false},"excerpt":{"rendered":"<p>\u00a0 \u200b\u00a0 \u200bCassano \u2013 La Voce del Paese\u00a0 Nasce la collaborazione tra il Centro Studi e Ricerche \u201cStupor Mundi \u2013<\/p>\n","protected":false},"author":0,"featured_media":0,"comment_status":"open","ping_status":"closed","sticky":false,"template":"","format":"standard","meta":{"colormag_page_container_layout":"default_layout","colormag_page_sidebar_layout":"default_layout","_monsterinsights_skip_tracking":false,"_monsterinsights_sitenote_active":false,"_monsterinsights_sitenote_note":"","_monsterinsights_sitenote_category":0,"footnotes":""},"categories":[7],"tags":[],"class_list":["post-1494","post","type-post","status-publish","format-standard","hentry","category-regione"],"_links":{"self":[{"href":"https:\/\/casamassima.lavocedelpaese.info\/index.php\/wp-json\/wp\/v2\/posts\/1494","targetHints":{"allow":["GET"]}}],"collection":[{"href":"https:\/\/casamassima.lavocedelpaese.info\/index.php\/wp-json\/wp\/v2\/posts"}],"about":[{"href":"https:\/\/casamassima.lavocedelpaese.info\/index.php\/wp-json\/wp\/v2\/types\/post"}],"replies":[{"embeddable":true,"href":"https:\/\/casamassima.lavocedelpaese.info\/index.php\/wp-json\/wp\/v2\/comments?post=1494"}],"version-history":[{"count":0,"href":"https:\/\/casamassima.lavocedelpaese.info\/index.php\/wp-json\/wp\/v2\/posts\/1494\/revisions"}],"wp:attachment":[{"href":"https:\/\/casamassima.lavocedelpaese.info\/index.php\/wp-json\/wp\/v2\/media?parent=1494"}],"wp:term":[{"taxonomy":"category","embeddable":true,"href":"https:\/\/casamassima.lavocedelpaese.info\/index.php\/wp-json\/wp\/v2\/categories?post=1494"},{"taxonomy":"post_tag","embeddable":true,"href":"https:\/\/casamassima.lavocedelpaese.info\/index.php\/wp-json\/wp\/v2\/tags?post=1494"}],"curies":[{"name":"wp","href":"https:\/\/api.w.org\/{rel}","templated":true}]}}