{"id":1397,"date":"2023-03-11T17:28:46","date_gmt":"2023-03-11T17:28:46","guid":{"rendered":"https:\/\/casamassima.lavocedelpaese.info\/index.php\/2023\/03\/11\/giusy-carminucci-presenta-geografie-emozionali-6\/"},"modified":"2023-03-11T17:28:46","modified_gmt":"2023-03-11T17:28:46","slug":"giusy-carminucci-presenta-geografie-emozionali-6","status":"publish","type":"post","link":"https:\/\/casamassima.lavocedelpaese.info\/index.php\/2023\/03\/11\/giusy-carminucci-presenta-geografie-emozionali-6\/","title":{"rendered":"Giusy Carminucci presenta \u201cGeografie emozionali\u201d"},"content":{"rendered":"<p>\u00a0<\/p>\n<p>\u200b\u00a0<\/p>\n<p>\u200bCassano \u2013 La Voce del Paese\u00a0<\/p>\n<p>Il primo appuntamento di \u201cparticolare femminile\u201d racconter\u00e0 l\u2019amore con <strong>\u201cGeografie emozionali\u201d di Giusy Carminucci <\/strong>nella sala conferenze del palazzo \u201cMiani-Perotti\u201d alle ore 19.00 di mercoled\u00ec 15 marzo.<\/p>\n<p>L\u2019amore nelle sue declinazioni pi\u00f9 disparate: dall\u2019amore per la propria terra, all\u2019amore per s\u00e9 stessi, all\u2019amore per gli altri, alla bellezza delle sensazioni.<\/p>\n<p>\u00a0Insieme alla poetessa sar\u00e0 presente Cinzia Cofano, docente e scrittrice, che, dialogando con l\u2019autrice della silloge, far\u00e0 scoprire le coordinate della poetica e del cuore della Carminucci.<\/p>\n<p>Durante l\u2019appuntamento l\u2019attrice Mariella Capotorto coinvolger\u00e0 con la sua voce il pubblico, offrendo un Cameo teatrale.<\/p>\n<p>L\u2019evento sar\u00e0 ripreso dalle telecamere di Valleditriachannel di Toni Vinci e sar\u00e0 trasmesso sulla pagina Facebook in livestreaming.<\/p>\n<p>Giusy Carminucci \u00e8 docente di scuola primaria, giornalista e poetessa, \u00e8 ideatrice di progetti nazionali come il Piano Triennale delle Arti e ideatrice di laboratori teatrali e musicali per bambini.<\/p>\n<p>Collabora con il settimanale Fax. Anche docente Ute \u00e8 collaboratrice con diversi blog per i quali pubblica recensioni di libri, prevalentemente di autori contemporanei.<\/p>\n<p>\u201cParticolare femminile\u201d \u00e8 la rassegna culturale dedicata alla figura femminile ideata da Francesca Marsico la consulente del sindaco per \u201cle politiche di rigenerazione sociale e riqualificazione inclusiva e culturale\u201d ed in collaborazione con l\u2019assessore alla cultura e all\u2019istruzione del Comune di Cassano.<\/p>\n<p>Appuntamenti settimanali nella giornata dedicata alla cultura, il mercoled\u00ec, finalizzati a fare conoscere alla comunit\u00e0 l\u2019importanza di raccontare, anche ai giorni nostri, il mondo al femminile declinato in ottiche specifiche riguardanti i temi pi\u00f9 disparati.<\/p>\n<p>Riflessione di libert\u00e0, leggerezza per raccontare temi seri e complessi, spesso difficili e scomodi, insieme a grandi professionisti che comunicheranno nuovi punti di vista, quotidianit\u00e0 sconosciute e criticit\u00e0 condizionate anche dalla societ\u00e0 attuale.<\/p>\n<p><a class=\"a2a_button_facebook\" href=\"https:\/\/www.addtoany.com\/add_to\/facebook?linkurl=https%3A%2F%2Fcassano.lavocedelpaese.info%2Findex.php%2F2023%2F03%2F11%2Fgiusy-carminucci-presenta-geografie-emozionali%2F&amp;linkname=Giusy%20Carminucci%20presenta%20%E2%80%9CGeografie%20emozionali%E2%80%9D\" title=\"Facebook\" target=\"_blank\" rel=\"noopener\"><\/a><a class=\"a2a_button_twitter\" href=\"https:\/\/www.addtoany.com\/add_to\/twitter?linkurl=https%3A%2F%2Fcassano.lavocedelpaese.info%2Findex.php%2F2023%2F03%2F11%2Fgiusy-carminucci-presenta-geografie-emozionali%2F&amp;linkname=Giusy%20Carminucci%20presenta%20%E2%80%9CGeografie%20emozionali%E2%80%9D\" title=\"Twitter\" target=\"_blank\" rel=\"noopener\"><\/a><a class=\"a2a_button_whatsapp\" href=\"https:\/\/www.addtoany.com\/add_to\/whatsapp?linkurl=https%3A%2F%2Fcassano.lavocedelpaese.info%2Findex.php%2F2023%2F03%2F11%2Fgiusy-carminucci-presenta-geografie-emozionali%2F&amp;linkname=Giusy%20Carminucci%20presenta%20%E2%80%9CGeografie%20emozionali%E2%80%9D\" title=\"WhatsApp\" target=\"_blank\" rel=\"noopener\"><\/a><a class=\"a2a_button_telegram\" href=\"https:\/\/www.addtoany.com\/add_to\/telegram?linkurl=https%3A%2F%2Fcassano.lavocedelpaese.info%2Findex.php%2F2023%2F03%2F11%2Fgiusy-carminucci-presenta-geografie-emozionali%2F&amp;linkname=Giusy%20Carminucci%20presenta%20%E2%80%9CGeografie%20emozionali%E2%80%9D\" title=\"Telegram\" target=\"_blank\" rel=\"noopener\"><\/a><a class=\"a2a_button_email\" href=\"https:\/\/www.addtoany.com\/add_to\/email?linkurl=https%3A%2F%2Fcassano.lavocedelpaese.info%2Findex.php%2F2023%2F03%2F11%2Fgiusy-carminucci-presenta-geografie-emozionali%2F&amp;linkname=Giusy%20Carminucci%20presenta%20%E2%80%9CGeografie%20emozionali%E2%80%9D\" title=\"Email\" target=\"_blank\" rel=\"noopener\"><\/a><\/p>\n<p>\u00a0<\/p>\n<p><a class=\"a2a_button_facebook\" href=\"https:\/\/www.addtoany.com\/add_to\/facebook?linkurl=https%3A%2F%2Flavocedelpaese.info%2Findex.php%2F2023%2F03%2F11%2Fgiusy-carminucci-presenta-geografie-emozionali%2F&amp;linkname=Giusy%20Carminucci%20presenta%20%E2%80%9CGeografie%20emozionali%E2%80%9D\" title=\"Facebook\" target=\"_blank\" rel=\"noopener\"><\/a><a class=\"a2a_button_twitter\" href=\"https:\/\/www.addtoany.com\/add_to\/twitter?linkurl=https%3A%2F%2Flavocedelpaese.info%2Findex.php%2F2023%2F03%2F11%2Fgiusy-carminucci-presenta-geografie-emozionali%2F&amp;linkname=Giusy%20Carminucci%20presenta%20%E2%80%9CGeografie%20emozionali%E2%80%9D\" title=\"Twitter\" target=\"_blank\" rel=\"noopener\"><\/a><a class=\"a2a_button_whatsapp\" href=\"https:\/\/www.addtoany.com\/add_to\/whatsapp?linkurl=https%3A%2F%2Flavocedelpaese.info%2Findex.php%2F2023%2F03%2F11%2Fgiusy-carminucci-presenta-geografie-emozionali%2F&amp;linkname=Giusy%20Carminucci%20presenta%20%E2%80%9CGeografie%20emozionali%E2%80%9D\" title=\"WhatsApp\" target=\"_blank\" rel=\"noopener\"><\/a><a class=\"a2a_button_telegram\" href=\"https:\/\/www.addtoany.com\/add_to\/telegram?linkurl=https%3A%2F%2Flavocedelpaese.info%2Findex.php%2F2023%2F03%2F11%2Fgiusy-carminucci-presenta-geografie-emozionali%2F&amp;linkname=Giusy%20Carminucci%20presenta%20%E2%80%9CGeografie%20emozionali%E2%80%9D\" title=\"Telegram\" target=\"_blank\" rel=\"noopener\"><\/a><a class=\"a2a_button_email\" href=\"https:\/\/www.addtoany.com\/add_to\/email?linkurl=https%3A%2F%2Flavocedelpaese.info%2Findex.php%2F2023%2F03%2F11%2Fgiusy-carminucci-presenta-geografie-emozionali%2F&amp;linkname=Giusy%20Carminucci%20presenta%20%E2%80%9CGeografie%20emozionali%E2%80%9D\" title=\"Email\" target=\"_blank\" rel=\"noopener\"><\/a><\/p>\n<p>\u00a0<\/p>","protected":false},"excerpt":{"rendered":"<p>\u00a0 \u200b\u00a0 \u200bCassano \u2013 La Voce del Paese\u00a0 Il primo appuntamento di \u201cparticolare femminile\u201d racconter\u00e0 l\u2019amore con \u201cGeografie emozionali\u201d di<\/p>\n","protected":false},"author":0,"featured_media":0,"comment_status":"open","ping_status":"closed","sticky":false,"template":"","format":"standard","meta":{"colormag_page_container_layout":"default_layout","colormag_page_sidebar_layout":"default_layout","_monsterinsights_skip_tracking":false,"_monsterinsights_sitenote_active":false,"_monsterinsights_sitenote_note":"","_monsterinsights_sitenote_category":0,"footnotes":""},"categories":[7],"tags":[],"class_list":["post-1397","post","type-post","status-publish","format-standard","hentry","category-regione"],"_links":{"self":[{"href":"https:\/\/casamassima.lavocedelpaese.info\/index.php\/wp-json\/wp\/v2\/posts\/1397","targetHints":{"allow":["GET"]}}],"collection":[{"href":"https:\/\/casamassima.lavocedelpaese.info\/index.php\/wp-json\/wp\/v2\/posts"}],"about":[{"href":"https:\/\/casamassima.lavocedelpaese.info\/index.php\/wp-json\/wp\/v2\/types\/post"}],"replies":[{"embeddable":true,"href":"https:\/\/casamassima.lavocedelpaese.info\/index.php\/wp-json\/wp\/v2\/comments?post=1397"}],"version-history":[{"count":0,"href":"https:\/\/casamassima.lavocedelpaese.info\/index.php\/wp-json\/wp\/v2\/posts\/1397\/revisions"}],"wp:attachment":[{"href":"https:\/\/casamassima.lavocedelpaese.info\/index.php\/wp-json\/wp\/v2\/media?parent=1397"}],"wp:term":[{"taxonomy":"category","embeddable":true,"href":"https:\/\/casamassima.lavocedelpaese.info\/index.php\/wp-json\/wp\/v2\/categories?post=1397"},{"taxonomy":"post_tag","embeddable":true,"href":"https:\/\/casamassima.lavocedelpaese.info\/index.php\/wp-json\/wp\/v2\/tags?post=1397"}],"curies":[{"name":"wp","href":"https:\/\/api.w.org\/{rel}","templated":true}]}}