{"id":1371,"date":"2023-03-10T15:29:21","date_gmt":"2023-03-10T15:29:21","guid":{"rendered":"https:\/\/casamassima.lavocedelpaese.info\/index.php\/2023\/03\/10\/olio-capitale-a-trieste-4-aziende-cassanesi-8\/"},"modified":"2023-03-10T15:29:21","modified_gmt":"2023-03-10T15:29:21","slug":"olio-capitale-a-trieste-4-aziende-cassanesi-8","status":"publish","type":"post","link":"https:\/\/casamassima.lavocedelpaese.info\/index.php\/2023\/03\/10\/olio-capitale-a-trieste-4-aziende-cassanesi-8\/","title":{"rendered":"\u201cOlio Capitale\u201d: a Trieste 4 aziende cassanesi"},"content":{"rendered":"<p>\u00a0<\/p>\n<p>\u200b\u00a0<\/p>\n<p>\u200bCassano \u2013 La Voce del Paese\u00a0<\/p>\n<p>Ci sar\u00e0 anche la Puglia delle Citt\u00e0 dell\u2019Olio, dal 10 al 12 marzo 2023, a Olio Capitale di Trieste, il Salone degli oli extravergine tipici e di qualit\u00e0. Per la 15^ edizione dell\u2019appuntamento fieristico triestino saranno presentati in esclusiva gli oli EVO dell\u2019ultimo raccolto e i suoi derivati. La Puglia, in uno spazio espositivo di oltre 300 mq, allestito con il sostegno della Regione Puglia, sar\u00e0 presente con le sue Citt\u00e0 dell\u2019Olio: Andria, Bitonto, Cassano delle Murge (con 4 aziende) Castellana-Grotte, Corato, Mattinata, Minervino Murge, Sannicandro di Bari e San Severo. Le aziende espositrici presenti rappresenteranno i territori delle Citt\u00e0 dell\u2019Olio di Andria, Biccari, Cassano delle Murge, Corato, Giovinazzo, Minervino Murge, Ruvo di Puglia, San Severo, Terlizzi e Trinitapoli.<\/p>\n<p>La partecipazione e il programma delle attivit\u00e0 della Puglia con le sue Citt\u00e0 dell\u2019Olio sono state presentate questa mattina in conferenza stampa, a Bari, nella sede dell\u2019Assessorato Agricoltura della Regione Puglia.\u00a0<\/p>\n<p>\u201cE\u2019 un appuntamento importante \u2013 ha tenuto a precisare l\u2019assessore regionale all\u2019Agricoltura,\u00a0<strong>Donato Pentassuglia<\/strong>\u00a0\u2013 perch\u00e9 mette al centro la nostra storia, la nostra tradizione, la nostra identit\u00e0. Le Citt\u00e0 dell\u2019Olio stanno facendo un grande lavoro e la Regione quest\u2019anno ha raddoppiato gli sforzi perch\u00e9 riteniamo importante, \u00a0utile e fondamentale fare un\u2019operazione sul nostro olio di grande qualit\u00e0 alla pari del di tutti gli altri prodotti della filiera agroalimentare pugliese. Non abbiamo paura di competere e vogliamo solo dimostrare il grande lavoro, lo sforzo sulla qualit\u00e0, sui polifenoli, sul cibo di qualit\u00e0 e, quindi, \u00a0sulla nostra prospettiva di volerci dedicarci ancora di pi\u00f9 alla dieta mediterranea, al mangiar sano che significa stare bene e allungare la vita media delle persone. Sappiamo di avere tutti gli strumenti e le risorse per vincere una battaglia importante. La Puglia, dunque, a Trieste \u2013 ha concluso l\u2019assessore \u2013 per giocare anche quest\u2019anno un ruolo da protagonista\u201d.\u00a0<\/p>\n<p>La partecipazione all\u2019evento triestino, cos\u00ec come sottolineato a pi\u00f9 riprese dall\u2019assessore, rientra \u00a0a pieno titolo nella strategia regionale di valorizzazione e promozione del settore olivicolo pugliese. A tal proposito, nel corso della conferenza stampa, l\u2019assessore ha annunciato la presentazione, durante la fiera, di \u201cPugliaEVOWorld\u201d, il primo portale regionale dedicato agli oli EVO di Puglia. Lo stesso ha, altres\u00ec, anticipato che, nel corso dell\u2019anno 2023, \u00e8 in programma, nel capoluogo pugliese, un evento fieristico, promosso dalla Regione, che dar\u00e0 visibilit\u00e0 a tutta la filiera degli oli extravergine di qualit\u00e0 e dei suoi derivati.\u00a0<\/p>\n<p>\u201cLe Citt\u00e0 dell\u2019Olio anche quest\u2019anno saranno presenti a Trieste \u2013 ha esordito il consigliere regionale e presidente della IV Commissione consiliare,\u00a0<strong>Francesco Paolicelli<\/strong>\u00a0-. Turismo e ulivi rappresentano un connubio che si sta rivelando vincente anche per l\u2019agricoltura, con potenzialit\u00e0 enormi per la Puglia. Si tratta di un\u2019occasione importantissima che permetter\u00e0 un imperdibile slancio promozionale agli oli EVO pugliesi. Agricoltura e turismo sono le leve in grado di creare un indotto \u2018oleoturistico\u2019 con l\u2019obiettivo di potenziare un\u2019eccellenza regionale, \u00a0qual \u00e8 il nostro olio, re della dieta mediterranea, ma soprattutto identit\u00e0, cultura, lavoro e fondamentale mezzo di valorizzazione della nostra terra\u201d.<\/p>\n<p>\u201cQuest\u2019anno a Trieste occuperemo uno spazio di 300 metri quadri con agricoltori e produttori di Puglia grazie al sostegno del Dipartimento Agricoltura \u2013 ha ricordato il coordinatore regionale di Citt\u00e0 dell\u2019Olio,\u00a0<strong>Cesareo Troia<\/strong>, intervenuto nel corso della conferenza stampa insieme al segretario regionale di Citt\u00e0 dell\u2019Olio,\u00a0<strong>Vanni Sansonetti<\/strong>, e a\u00a0<strong>Paolo Leoni<\/strong>\u00a0dell\u2019Accademia dei Tipici -. Questo protagonismo della Puglia \u00e8 nei fatti: la Puglia rappresenta \u00a0il 50% della produzione italiana di olio ma naturalmente sottolineeremo l\u2019importanza dell\u2019oleoturismo e saremo nei ristoranti di Trieste con le nostre cultivar: i nostri oli extravergine saranno non semplici condimenti ma reali alimenti a tavola. A Olio Capitale, luogo privilegiato di relazione con tutta l\u2019Europa, le nostre eccellenze saranno oggetto di promozione reale e protagoniste a lungo raggio\u201d.<\/p>\n<p><a class=\"a2a_button_facebook\" href=\"https:\/\/www.addtoany.com\/add_to\/facebook?linkurl=https%3A%2F%2Fcassano.lavocedelpaese.info%2Findex.php%2F2023%2F03%2F10%2Folio-capitale-a-triste-4-aziende-cassanesi%2F&amp;linkname=%E2%80%9COlio%20Capitale%E2%80%9D%3A%20a%20Trieste%204%20aziende%20cassanesi\" title=\"Facebook\" target=\"_blank\" rel=\"noopener\"><\/a><a class=\"a2a_button_twitter\" href=\"https:\/\/www.addtoany.com\/add_to\/twitter?linkurl=https%3A%2F%2Fcassano.lavocedelpaese.info%2Findex.php%2F2023%2F03%2F10%2Folio-capitale-a-triste-4-aziende-cassanesi%2F&amp;linkname=%E2%80%9COlio%20Capitale%E2%80%9D%3A%20a%20Trieste%204%20aziende%20cassanesi\" title=\"Twitter\" target=\"_blank\" rel=\"noopener\"><\/a><a class=\"a2a_button_whatsapp\" href=\"https:\/\/www.addtoany.com\/add_to\/whatsapp?linkurl=https%3A%2F%2Fcassano.lavocedelpaese.info%2Findex.php%2F2023%2F03%2F10%2Folio-capitale-a-triste-4-aziende-cassanesi%2F&amp;linkname=%E2%80%9COlio%20Capitale%E2%80%9D%3A%20a%20Trieste%204%20aziende%20cassanesi\" title=\"WhatsApp\" target=\"_blank\" rel=\"noopener\"><\/a><a class=\"a2a_button_telegram\" href=\"https:\/\/www.addtoany.com\/add_to\/telegram?linkurl=https%3A%2F%2Fcassano.lavocedelpaese.info%2Findex.php%2F2023%2F03%2F10%2Folio-capitale-a-triste-4-aziende-cassanesi%2F&amp;linkname=%E2%80%9COlio%20Capitale%E2%80%9D%3A%20a%20Trieste%204%20aziende%20cassanesi\" title=\"Telegram\" target=\"_blank\" rel=\"noopener\"><\/a><a class=\"a2a_button_email\" href=\"https:\/\/www.addtoany.com\/add_to\/email?linkurl=https%3A%2F%2Fcassano.lavocedelpaese.info%2Findex.php%2F2023%2F03%2F10%2Folio-capitale-a-triste-4-aziende-cassanesi%2F&amp;linkname=%E2%80%9COlio%20Capitale%E2%80%9D%3A%20a%20Trieste%204%20aziende%20cassanesi\" title=\"Email\" target=\"_blank\" rel=\"noopener\"><\/a><\/p>\n<p>\u00a0<\/p>\n<p><a class=\"a2a_button_facebook\" href=\"https:\/\/www.addtoany.com\/add_to\/facebook?linkurl=https%3A%2F%2Flavocedelpaese.info%2Findex.php%2F2023%2F03%2F10%2Folio-capitale-a-trieste-4-aziende-cassanesi%2F&amp;linkname=%E2%80%9COlio%20Capitale%E2%80%9D%3A%20a%20Trieste%204%20aziende%20cassanesi\" title=\"Facebook\" target=\"_blank\" rel=\"noopener\"><\/a><a class=\"a2a_button_twitter\" href=\"https:\/\/www.addtoany.com\/add_to\/twitter?linkurl=https%3A%2F%2Flavocedelpaese.info%2Findex.php%2F2023%2F03%2F10%2Folio-capitale-a-trieste-4-aziende-cassanesi%2F&amp;linkname=%E2%80%9COlio%20Capitale%E2%80%9D%3A%20a%20Trieste%204%20aziende%20cassanesi\" title=\"Twitter\" target=\"_blank\" rel=\"noopener\"><\/a><a class=\"a2a_button_whatsapp\" href=\"https:\/\/www.addtoany.com\/add_to\/whatsapp?linkurl=https%3A%2F%2Flavocedelpaese.info%2Findex.php%2F2023%2F03%2F10%2Folio-capitale-a-trieste-4-aziende-cassanesi%2F&amp;linkname=%E2%80%9COlio%20Capitale%E2%80%9D%3A%20a%20Trieste%204%20aziende%20cassanesi\" title=\"WhatsApp\" target=\"_blank\" rel=\"noopener\"><\/a><a class=\"a2a_button_telegram\" href=\"https:\/\/www.addtoany.com\/add_to\/telegram?linkurl=https%3A%2F%2Flavocedelpaese.info%2Findex.php%2F2023%2F03%2F10%2Folio-capitale-a-trieste-4-aziende-cassanesi%2F&amp;linkname=%E2%80%9COlio%20Capitale%E2%80%9D%3A%20a%20Trieste%204%20aziende%20cassanesi\" title=\"Telegram\" target=\"_blank\" rel=\"noopener\"><\/a><a class=\"a2a_button_email\" href=\"https:\/\/www.addtoany.com\/add_to\/email?linkurl=https%3A%2F%2Flavocedelpaese.info%2Findex.php%2F2023%2F03%2F10%2Folio-capitale-a-trieste-4-aziende-cassanesi%2F&amp;linkname=%E2%80%9COlio%20Capitale%E2%80%9D%3A%20a%20Trieste%204%20aziende%20cassanesi\" title=\"Email\" target=\"_blank\" rel=\"noopener\"><\/a><\/p>\n<p>\u00a0<\/p>","protected":false},"excerpt":{"rendered":"<p>\u00a0 \u200b\u00a0 \u200bCassano \u2013 La Voce del Paese\u00a0 Ci sar\u00e0 anche la Puglia delle Citt\u00e0 dell\u2019Olio, dal 10 al 12<\/p>\n","protected":false},"author":0,"featured_media":0,"comment_status":"open","ping_status":"closed","sticky":false,"template":"","format":"standard","meta":{"colormag_page_container_layout":"default_layout","colormag_page_sidebar_layout":"default_layout","_monsterinsights_skip_tracking":false,"_monsterinsights_sitenote_active":false,"_monsterinsights_sitenote_note":"","_monsterinsights_sitenote_category":0,"footnotes":""},"categories":[7],"tags":[],"class_list":["post-1371","post","type-post","status-publish","format-standard","hentry","category-regione"],"_links":{"self":[{"href":"https:\/\/casamassima.lavocedelpaese.info\/index.php\/wp-json\/wp\/v2\/posts\/1371","targetHints":{"allow":["GET"]}}],"collection":[{"href":"https:\/\/casamassima.lavocedelpaese.info\/index.php\/wp-json\/wp\/v2\/posts"}],"about":[{"href":"https:\/\/casamassima.lavocedelpaese.info\/index.php\/wp-json\/wp\/v2\/types\/post"}],"replies":[{"embeddable":true,"href":"https:\/\/casamassima.lavocedelpaese.info\/index.php\/wp-json\/wp\/v2\/comments?post=1371"}],"version-history":[{"count":0,"href":"https:\/\/casamassima.lavocedelpaese.info\/index.php\/wp-json\/wp\/v2\/posts\/1371\/revisions"}],"wp:attachment":[{"href":"https:\/\/casamassima.lavocedelpaese.info\/index.php\/wp-json\/wp\/v2\/media?parent=1371"}],"wp:term":[{"taxonomy":"category","embeddable":true,"href":"https:\/\/casamassima.lavocedelpaese.info\/index.php\/wp-json\/wp\/v2\/categories?post=1371"},{"taxonomy":"post_tag","embeddable":true,"href":"https:\/\/casamassima.lavocedelpaese.info\/index.php\/wp-json\/wp\/v2\/tags?post=1371"}],"curies":[{"name":"wp","href":"https:\/\/api.w.org\/{rel}","templated":true}]}}