{"id":1154,"date":"2023-03-01T15:30:47","date_gmt":"2023-03-01T15:30:47","guid":{"rendered":"https:\/\/casamassima.lavocedelpaese.info\/index.php\/2023\/03\/01\/lamministrazione-vuole-intitolare-strada-ad-almirante-lindignazione-dellanpi\/"},"modified":"2023-03-01T15:30:47","modified_gmt":"2023-03-01T15:30:47","slug":"lamministrazione-vuole-intitolare-strada-ad-almirante-lindignazione-dellanpi","status":"publish","type":"post","link":"https:\/\/casamassima.lavocedelpaese.info\/index.php\/2023\/03\/01\/lamministrazione-vuole-intitolare-strada-ad-almirante-lindignazione-dellanpi\/","title":{"rendered":"L\u2019Amministrazione vuole intitolare strada ad Almirante. L\u2019indignazione dell\u2019ANPI"},"content":{"rendered":"<p>\u00a0<\/p>\n<p>\u200b\u00a0<\/p>\n<p>\u200bLa Voce del Paese\u00a0<\/p>\n<div class=\"wp-block-image\">\n<\/div>\n<p>\u201cL\u2019ANPI Gioia del Colle \u00e8 profondamente indignata dalla scelta dell\u2019amministrazione di voler intitolare una di tre nuove vie, alla figura di Giorgio Almirante. L\u2019ANPI ritiene che questa scelta sia un pessimo segnale non solo perch\u00e9 rappresenta un insulto e una dimenticanza di tutti i nostri concittadini antifascisti che durante la II Guerra Mondiale si sono sacrificati e hanno sofferto le imposizioni di un regime squadrista, ma proprio perch\u00e9 tra i promotori di quelle imposizioni vi fu Almirante, il quale fu firmatario del Manifesto sulla razza e tra le varie affermazioni di stampo razzista, arriv\u00f2 nel 1938 addirittura a definire che: \u201cIl razzismo ha da essere cibo di tutti e per tutti, altrimenti finiremmo per fare il gioco dei meticci e degli ebrei\u201d.<\/p>\n<p>Per dirla con le parole del nostro Presidente Sergio Mattarella \u201cle leggi razziali rappresentano un capitolo buio, una macchia indelebile, una pagina infamante della nostra storia\u201d a cui il nome di Giorgio Almirante \u00e8 indissolubilmente legato. <\/p>\n<div class=\"wp-block-image\">\n<\/div>\n<p>Ecco, di fronte ad un personaggio storico cosi controverso, che anche dopo la guerra non sconfess\u00f2 mai la sua appartenenza all\u2019ormai defunta Repubblica Sociale e continu\u00f2 imperterrito ad essere un collaborazionista del regime fascista fino alla sua dissoluzione, l\u2019ANPI si chiede come quest\u2019Amministrazione, sia pur di centrodestra, possa assumere la decisione di intitolargli una via, a fronte del fatto che nel 2021 aveva insignito della Cittadinanza Onoraria la senatrice a vita Liliana Segre.<\/p>\n<p>Non pi\u00f9 tardi di tre anni fa la stessa senatrice si era scagliata contro il comune di Verona che aveva preso una decisione simile, intitolando a sua volta una via al suddetto personaggio dopo aver previamente concesso alla senatrice la cittadinanza onoraria, affermando in quell\u2019occasione che \u201cLa citt\u00e0 di Verona deve fare una scelta democratica e decida ci\u00f2 che vuole, ma non pu\u00f2 fare scelte che sono una antitetica all\u2019altra\u201d. Al Sindaco e all\u2019attuale maggioranza chiediamo pertanto che all\u2019interno della Commissione toponomastica si apra una discussione pi\u00f9 serena sull\u2019opportunit\u00e0 di rinunciare a scelte nostalgiche e identitarie a fronte dei valori condivisi dell\u2019antifascismo e dell\u2019antirazzismo\u201d.<\/p>\n<p class=\"has-text-align-right\"><strong>ANPI \u2013 Gioia del Colle<\/strong><\/p>\n<p><a class=\"a2a_button_facebook\" href=\"https:\/\/www.addtoany.com\/add_to\/facebook?linkurl=https%3A%2F%2Fgioia.lavocedelpaese.info%2Findex.php%2F2023%2F03%2F01%2Flamministrazione-vuole-intitolare-strada-ad-almirante-lindignazione-dellanpi%2F&amp;linkname=L%E2%80%99Amministrazione%20vuole%20intitolare%20strada%20ad%20Almirante.%20L%E2%80%99indignazione%20dell%E2%80%99ANPI\" title=\"Facebook\" target=\"_blank\" rel=\"noopener\"><\/a><a class=\"a2a_button_twitter\" href=\"https:\/\/www.addtoany.com\/add_to\/twitter?linkurl=https%3A%2F%2Fgioia.lavocedelpaese.info%2Findex.php%2F2023%2F03%2F01%2Flamministrazione-vuole-intitolare-strada-ad-almirante-lindignazione-dellanpi%2F&amp;linkname=L%E2%80%99Amministrazione%20vuole%20intitolare%20strada%20ad%20Almirante.%20L%E2%80%99indignazione%20dell%E2%80%99ANPI\" title=\"Twitter\" target=\"_blank\" rel=\"noopener\"><\/a><a class=\"a2a_button_whatsapp\" href=\"https:\/\/www.addtoany.com\/add_to\/whatsapp?linkurl=https%3A%2F%2Fgioia.lavocedelpaese.info%2Findex.php%2F2023%2F03%2F01%2Flamministrazione-vuole-intitolare-strada-ad-almirante-lindignazione-dellanpi%2F&amp;linkname=L%E2%80%99Amministrazione%20vuole%20intitolare%20strada%20ad%20Almirante.%20L%E2%80%99indignazione%20dell%E2%80%99ANPI\" title=\"WhatsApp\" target=\"_blank\" rel=\"noopener\"><\/a><a class=\"a2a_button_telegram\" href=\"https:\/\/www.addtoany.com\/add_to\/telegram?linkurl=https%3A%2F%2Fgioia.lavocedelpaese.info%2Findex.php%2F2023%2F03%2F01%2Flamministrazione-vuole-intitolare-strada-ad-almirante-lindignazione-dellanpi%2F&amp;linkname=L%E2%80%99Amministrazione%20vuole%20intitolare%20strada%20ad%20Almirante.%20L%E2%80%99indignazione%20dell%E2%80%99ANPI\" title=\"Telegram\" target=\"_blank\" rel=\"noopener\"><\/a><a class=\"a2a_button_email\" href=\"https:\/\/www.addtoany.com\/add_to\/email?linkurl=https%3A%2F%2Fgioia.lavocedelpaese.info%2Findex.php%2F2023%2F03%2F01%2Flamministrazione-vuole-intitolare-strada-ad-almirante-lindignazione-dellanpi%2F&amp;linkname=L%E2%80%99Amministrazione%20vuole%20intitolare%20strada%20ad%20Almirante.%20L%E2%80%99indignazione%20dell%E2%80%99ANPI\" title=\"Email\" target=\"_blank\" rel=\"noopener\"><\/a><\/p>\n<p>\u00a0<\/p>\n<p><a class=\"a2a_button_facebook\" href=\"https:\/\/www.addtoany.com\/add_to\/facebook?linkurl=https%3A%2F%2Flavocedelpaese.info%2Findex.php%2F2023%2F03%2F01%2Flamministrazione-vuole-intitolare-strada-ad-almirante-lindignazione-dellanpi%2F&amp;linkname=L%E2%80%99Amministrazione%20vuole%20intitolare%20strada%20ad%20Almirante.%20L%E2%80%99indignazione%20dell%E2%80%99ANPI\" title=\"Facebook\" target=\"_blank\" rel=\"noopener\"><\/a><a class=\"a2a_button_twitter\" href=\"https:\/\/www.addtoany.com\/add_to\/twitter?linkurl=https%3A%2F%2Flavocedelpaese.info%2Findex.php%2F2023%2F03%2F01%2Flamministrazione-vuole-intitolare-strada-ad-almirante-lindignazione-dellanpi%2F&amp;linkname=L%E2%80%99Amministrazione%20vuole%20intitolare%20strada%20ad%20Almirante.%20L%E2%80%99indignazione%20dell%E2%80%99ANPI\" title=\"Twitter\" target=\"_blank\" rel=\"noopener\"><\/a><a class=\"a2a_button_whatsapp\" href=\"https:\/\/www.addtoany.com\/add_to\/whatsapp?linkurl=https%3A%2F%2Flavocedelpaese.info%2Findex.php%2F2023%2F03%2F01%2Flamministrazione-vuole-intitolare-strada-ad-almirante-lindignazione-dellanpi%2F&amp;linkname=L%E2%80%99Amministrazione%20vuole%20intitolare%20strada%20ad%20Almirante.%20L%E2%80%99indignazione%20dell%E2%80%99ANPI\" title=\"WhatsApp\" target=\"_blank\" rel=\"noopener\"><\/a><a class=\"a2a_button_telegram\" href=\"https:\/\/www.addtoany.com\/add_to\/telegram?linkurl=https%3A%2F%2Flavocedelpaese.info%2Findex.php%2F2023%2F03%2F01%2Flamministrazione-vuole-intitolare-strada-ad-almirante-lindignazione-dellanpi%2F&amp;linkname=L%E2%80%99Amministrazione%20vuole%20intitolare%20strada%20ad%20Almirante.%20L%E2%80%99indignazione%20dell%E2%80%99ANPI\" title=\"Telegram\" target=\"_blank\" rel=\"noopener\"><\/a><a class=\"a2a_button_email\" href=\"https:\/\/www.addtoany.com\/add_to\/email?linkurl=https%3A%2F%2Flavocedelpaese.info%2Findex.php%2F2023%2F03%2F01%2Flamministrazione-vuole-intitolare-strada-ad-almirante-lindignazione-dellanpi%2F&amp;linkname=L%E2%80%99Amministrazione%20vuole%20intitolare%20strada%20ad%20Almirante.%20L%E2%80%99indignazione%20dell%E2%80%99ANPI\" title=\"Email\" target=\"_blank\" rel=\"noopener\"><\/a><\/p>\n<p>\u00a0<\/p>","protected":false},"excerpt":{"rendered":"<p>\u00a0 \u200b\u00a0 \u200bLa Voce del Paese\u00a0 \u201cL\u2019ANPI Gioia del Colle \u00e8 profondamente indignata dalla scelta dell\u2019amministrazione di voler intitolare una<\/p>\n","protected":false},"author":0,"featured_media":0,"comment_status":"open","ping_status":"closed","sticky":false,"template":"","format":"standard","meta":{"colormag_page_container_layout":"default_layout","colormag_page_sidebar_layout":"default_layout","_monsterinsights_skip_tracking":false,"_monsterinsights_sitenote_active":false,"_monsterinsights_sitenote_note":"","_monsterinsights_sitenote_category":0,"footnotes":""},"categories":[7],"tags":[],"class_list":["post-1154","post","type-post","status-publish","format-standard","hentry","category-regione"],"_links":{"self":[{"href":"https:\/\/casamassima.lavocedelpaese.info\/index.php\/wp-json\/wp\/v2\/posts\/1154","targetHints":{"allow":["GET"]}}],"collection":[{"href":"https:\/\/casamassima.lavocedelpaese.info\/index.php\/wp-json\/wp\/v2\/posts"}],"about":[{"href":"https:\/\/casamassima.lavocedelpaese.info\/index.php\/wp-json\/wp\/v2\/types\/post"}],"replies":[{"embeddable":true,"href":"https:\/\/casamassima.lavocedelpaese.info\/index.php\/wp-json\/wp\/v2\/comments?post=1154"}],"version-history":[{"count":0,"href":"https:\/\/casamassima.lavocedelpaese.info\/index.php\/wp-json\/wp\/v2\/posts\/1154\/revisions"}],"wp:attachment":[{"href":"https:\/\/casamassima.lavocedelpaese.info\/index.php\/wp-json\/wp\/v2\/media?parent=1154"}],"wp:term":[{"taxonomy":"category","embeddable":true,"href":"https:\/\/casamassima.lavocedelpaese.info\/index.php\/wp-json\/wp\/v2\/categories?post=1154"},{"taxonomy":"post_tag","embeddable":true,"href":"https:\/\/casamassima.lavocedelpaese.info\/index.php\/wp-json\/wp\/v2\/tags?post=1154"}],"curies":[{"name":"wp","href":"https:\/\/api.w.org\/{rel}","templated":true}]}}