{"id":1090,"date":"2023-02-26T23:35:29","date_gmt":"2023-02-26T23:35:29","guid":{"rendered":"https:\/\/casamassima.lavocedelpaese.info\/index.php\/2023\/02\/26\/congresso-costituente-nazionale-verso-un-nuovo-pd-15\/"},"modified":"2023-02-26T23:35:29","modified_gmt":"2023-02-26T23:35:29","slug":"congresso-costituente-nazionale-verso-un-nuovo-pd-15","status":"publish","type":"post","link":"https:\/\/casamassima.lavocedelpaese.info\/index.php\/2023\/02\/26\/congresso-costituente-nazionale-verso-un-nuovo-pd-15\/","title":{"rendered":"Congresso Costituente Nazionale. verso un nuovo PD"},"content":{"rendered":"<p>\u00a0<\/p>\n<p>\u200b\u00a0<\/p>\n<p>\u200bAcquaviva \u2013 La Voce del Paese\u00a0<\/p>\n<p>Il 26 febbraio il <a href=\"https:\/\/www.facebook.com\/partitodemocratico?__cft__%5B0%5D=AZVokRfypkZKtwNjBLEdXCggCfshUcyzrKIFzp_207IKBftRq3xRH43a9HHgbv7WRDITBeKlGAU1HANt9nJEQAFR4cjeRJw52qIxD98sYKDSm-Op3xreJfpbrFE73ey6nFJ7Is8xHJOj1KilTYgFaWYU29kykwVmmvmjebDlwHapFUE7l5B-Bwhz-43wBZU3LvY&amp;__tn__=-%5DK-R\" target=\"_blank\" rel=\"noopener\">Partito Democratico<\/a> celebrer\u00e0 l\u2019ultimo atto della fase congressuale. La fase costituente che ha portato il Partito, uscito sconfitto dalle elezioni politiche, a ritornare sui suoi passi cercando di fare ammenda di quanto non si sia fatto in questi anni o di scelte sbagliate che ci hanno visti lontani dal paese reale. Una fase congressuale che ha ridato nuova verve alle mozioni, tale da sfidarsi su un\u2019idea di paese, che ha rigenerato e rincuorato una parte degli elettori ad avere ancora speranza e iniziare di nuovo una vera discussione volta a trovare post 26 una nuova identit\u00e0 e una nuova credibilit\u00e0 agli occhi degli elettori. Il <a href=\"https:\/\/www.facebook.com\/Segreteriacquavivese?__cft__%5B0%5D=AZVokRfypkZKtwNjBLEdXCggCfshUcyzrKIFzp_207IKBftRq3xRH43a9HHgbv7WRDITBeKlGAU1HANt9nJEQAFR4cjeRJw52qIxD98sYKDSm-Op3xreJfpbrFE73ey6nFJ7Is8xHJOj1KilTYgFaWYU29kykwVmmvmjebDlwHapFUE7l5B-Bwhz-43wBZU3LvY&amp;__tn__=-%5DK-R\" target=\"_blank\" rel=\"noopener\">Partito Democratico Acquaviva delle Fonti<\/a> vi aspetta domenica 26 alla sala Events, in via Roma al civico 5, per celebrare il congresso nazionale. A sfidarsi, dopo la fase delle mozioni interne al Partito, saranno il presidente dell\u2019Emilia Romagna Stefano Bonaccini e l\u2019onorevole ed ex vicepresidente dell\u2019Emilia Elly Schlein.<\/p>\n<p>Possono votare presso i gazebo sul territorio tutti i cittadini e le cittadine italiani. Non serve per forza essere iscritti al Pd per partecipare alla votazione, purch\u00e8 questi cittadini \u201cdichiarino di riconoscersi nella proposta politica del Partito Democratico, di sostenerlo alle elezioni e accettino di essere registrati nell\u2019Albo pubblico delle elettrici e degli elettori\u201d.<\/p>\n<p>Possono votare presso i gazebo sul territorio anche i cittadini stranieri residenti in Italia, i minori dai 16 anni in su, i lavoratori e gli studenti fuori sede. Queste categorie devono pre-registrarsi sulla piattaforma inserendo la documentazione richiesta e selezionando il gazebo della zona in cui vivono (entro le ore 12:00 del 24 febbraio).<\/p>\n<p>Per votare serve un documento che attesti l\u2019identit\u00e0 e la residenza, in modo che sia chiara l\u2019appartenenza al territorio di competenza del gazebo.<\/p>\n<p>Viene richiesto un contributo di 2 euro per sostenere le spese organizzative. Chi \u00e8 gi\u00e0 iscritto al Pd non dovr\u00e0 versare questo contributo.<\/p>\n<p>Vi invitiamo a partecipare numerosi e motivati, per ricostruire il nuovo Partito.<\/p>\n<p><strong>Il Segretario Cittadino<\/strong><\/p>\n<p><strong>Francesco Lepenne<\/strong><\/p>\n<p><a class=\"a2a_button_facebook\" href=\"https:\/\/www.addtoany.com\/add_to\/facebook?linkurl=https%3A%2F%2Facquaviva.lavocedelpaese.info%2Findex.php%2F2023%2F02%2F25%2Fcongresso-costituente-nazionale-verso-un-nuovo-pd%2F&amp;linkname=Congresso%20Costituente%20Nazionale.%20verso%20un%20nuovo%20PD\" title=\"Facebook\" target=\"_blank\" rel=\"noopener\"><\/a><a class=\"a2a_button_twitter\" href=\"https:\/\/www.addtoany.com\/add_to\/twitter?linkurl=https%3A%2F%2Facquaviva.lavocedelpaese.info%2Findex.php%2F2023%2F02%2F25%2Fcongresso-costituente-nazionale-verso-un-nuovo-pd%2F&amp;linkname=Congresso%20Costituente%20Nazionale.%20verso%20un%20nuovo%20PD\" title=\"Twitter\" target=\"_blank\" rel=\"noopener\"><\/a><a class=\"a2a_button_whatsapp\" href=\"https:\/\/www.addtoany.com\/add_to\/whatsapp?linkurl=https%3A%2F%2Facquaviva.lavocedelpaese.info%2Findex.php%2F2023%2F02%2F25%2Fcongresso-costituente-nazionale-verso-un-nuovo-pd%2F&amp;linkname=Congresso%20Costituente%20Nazionale.%20verso%20un%20nuovo%20PD\" title=\"WhatsApp\" target=\"_blank\" rel=\"noopener\"><\/a><a class=\"a2a_button_telegram\" href=\"https:\/\/www.addtoany.com\/add_to\/telegram?linkurl=https%3A%2F%2Facquaviva.lavocedelpaese.info%2Findex.php%2F2023%2F02%2F25%2Fcongresso-costituente-nazionale-verso-un-nuovo-pd%2F&amp;linkname=Congresso%20Costituente%20Nazionale.%20verso%20un%20nuovo%20PD\" title=\"Telegram\" target=\"_blank\" rel=\"noopener\"><\/a><a class=\"a2a_button_email\" href=\"https:\/\/www.addtoany.com\/add_to\/email?linkurl=https%3A%2F%2Facquaviva.lavocedelpaese.info%2Findex.php%2F2023%2F02%2F25%2Fcongresso-costituente-nazionale-verso-un-nuovo-pd%2F&amp;linkname=Congresso%20Costituente%20Nazionale.%20verso%20un%20nuovo%20PD\" title=\"Email\" target=\"_blank\" rel=\"noopener\"><\/a><\/p>\n<p>\u00a0<\/p>\n<p><a class=\"a2a_button_facebook\" href=\"https:\/\/www.addtoany.com\/add_to\/facebook?linkurl=https%3A%2F%2Flavocedelpaese.info%2Findex.php%2F2023%2F02%2F26%2Fcongresso-costituente-nazionale-verso-un-nuovo-pd%2F&amp;linkname=Congresso%20Costituente%20Nazionale.%20verso%20un%20nuovo%20PD\" title=\"Facebook\" target=\"_blank\" rel=\"noopener\"><\/a><a class=\"a2a_button_twitter\" href=\"https:\/\/www.addtoany.com\/add_to\/twitter?linkurl=https%3A%2F%2Flavocedelpaese.info%2Findex.php%2F2023%2F02%2F26%2Fcongresso-costituente-nazionale-verso-un-nuovo-pd%2F&amp;linkname=Congresso%20Costituente%20Nazionale.%20verso%20un%20nuovo%20PD\" title=\"Twitter\" target=\"_blank\" rel=\"noopener\"><\/a><a class=\"a2a_button_whatsapp\" href=\"https:\/\/www.addtoany.com\/add_to\/whatsapp?linkurl=https%3A%2F%2Flavocedelpaese.info%2Findex.php%2F2023%2F02%2F26%2Fcongresso-costituente-nazionale-verso-un-nuovo-pd%2F&amp;linkname=Congresso%20Costituente%20Nazionale.%20verso%20un%20nuovo%20PD\" title=\"WhatsApp\" target=\"_blank\" rel=\"noopener\"><\/a><a class=\"a2a_button_telegram\" href=\"https:\/\/www.addtoany.com\/add_to\/telegram?linkurl=https%3A%2F%2Flavocedelpaese.info%2Findex.php%2F2023%2F02%2F26%2Fcongresso-costituente-nazionale-verso-un-nuovo-pd%2F&amp;linkname=Congresso%20Costituente%20Nazionale.%20verso%20un%20nuovo%20PD\" title=\"Telegram\" target=\"_blank\" rel=\"noopener\"><\/a><a class=\"a2a_button_email\" href=\"https:\/\/www.addtoany.com\/add_to\/email?linkurl=https%3A%2F%2Flavocedelpaese.info%2Findex.php%2F2023%2F02%2F26%2Fcongresso-costituente-nazionale-verso-un-nuovo-pd%2F&amp;linkname=Congresso%20Costituente%20Nazionale.%20verso%20un%20nuovo%20PD\" title=\"Email\" target=\"_blank\" rel=\"noopener\"><\/a><\/p>\n<p>\u00a0<\/p>","protected":false},"excerpt":{"rendered":"<p>\u00a0 \u200b\u00a0 \u200bAcquaviva \u2013 La Voce del Paese\u00a0 Il 26 febbraio il Partito Democratico celebrer\u00e0 l\u2019ultimo atto della fase congressuale.<\/p>\n","protected":false},"author":0,"featured_media":0,"comment_status":"open","ping_status":"closed","sticky":false,"template":"","format":"standard","meta":{"colormag_page_container_layout":"default_layout","colormag_page_sidebar_layout":"default_layout","_monsterinsights_skip_tracking":false,"_monsterinsights_sitenote_active":false,"_monsterinsights_sitenote_note":"","_monsterinsights_sitenote_category":0,"footnotes":""},"categories":[7],"tags":[],"class_list":["post-1090","post","type-post","status-publish","format-standard","hentry","category-regione"],"_links":{"self":[{"href":"https:\/\/casamassima.lavocedelpaese.info\/index.php\/wp-json\/wp\/v2\/posts\/1090","targetHints":{"allow":["GET"]}}],"collection":[{"href":"https:\/\/casamassima.lavocedelpaese.info\/index.php\/wp-json\/wp\/v2\/posts"}],"about":[{"href":"https:\/\/casamassima.lavocedelpaese.info\/index.php\/wp-json\/wp\/v2\/types\/post"}],"replies":[{"embeddable":true,"href":"https:\/\/casamassima.lavocedelpaese.info\/index.php\/wp-json\/wp\/v2\/comments?post=1090"}],"version-history":[{"count":0,"href":"https:\/\/casamassima.lavocedelpaese.info\/index.php\/wp-json\/wp\/v2\/posts\/1090\/revisions"}],"wp:attachment":[{"href":"https:\/\/casamassima.lavocedelpaese.info\/index.php\/wp-json\/wp\/v2\/media?parent=1090"}],"wp:term":[{"taxonomy":"category","embeddable":true,"href":"https:\/\/casamassima.lavocedelpaese.info\/index.php\/wp-json\/wp\/v2\/categories?post=1090"},{"taxonomy":"post_tag","embeddable":true,"href":"https:\/\/casamassima.lavocedelpaese.info\/index.php\/wp-json\/wp\/v2\/tags?post=1090"}],"curies":[{"name":"wp","href":"https:\/\/api.w.org\/{rel}","templated":true}]}}