{"id":1040,"date":"2023-02-24T21:29:44","date_gmt":"2023-02-24T21:29:44","guid":{"rendered":"https:\/\/casamassima.lavocedelpaese.info\/index.php\/2023\/02\/24\/lhair-stylist-massimo-colapietro-alla-milano-fashion-week-2023\/"},"modified":"2023-02-24T21:29:44","modified_gmt":"2023-02-24T21:29:44","slug":"lhair-stylist-massimo-colapietro-alla-milano-fashion-week-2023","status":"publish","type":"post","link":"https:\/\/casamassima.lavocedelpaese.info\/index.php\/2023\/02\/24\/lhair-stylist-massimo-colapietro-alla-milano-fashion-week-2023\/","title":{"rendered":"L\u2019hair stylist Massimo Colapietro alla Milano Fashion Week 2023"},"content":{"rendered":"<p>\u00a0<\/p>\n<p>\u200b\u00a0<\/p>\n<p>\u200bAcquaviva \u2013 La Voce del Paese\u00a0<\/p>\n<p><strong>Il noto parrucchiere acquavivese prender\u00e0 parte al backstage delle sfilate di Mod<\/strong>a<\/p>\n<p><strong>Domani sar\u00e0 a Milano per occuparsi delle acconciature per le modelle che sfileranno per i grandi brand di abbigliamento<\/strong><\/p>\n<p class=\"has-text-align-center\"><strong>Max Colapietro<\/strong>: <em><strong>\u201cSono carichissimo!<\/strong><\/em><\/p>\n<p class=\"has-text-align-center\"><em><strong>Non vedo l\u2019ora di vivere questa mia seconda esperienza\u201d<\/strong><\/em><\/p>\n<p class=\"has-text-align-center\"><strong>di Isabella Giorgio<\/strong><\/p>\n<p>Un parrucchiere acquavivese tra i protagonisti della Milano Fashion Week 2023, l\u2019evento dedicato alla Moda che si svolge nel capoluogo lombardo dal 21 al 27 febbraio.<\/p>\n<p>Si tratta di Massimo Colapietro, 45 anni Hair Stylist e formatore per @theclubitalia @wellaprofessionals_italia @wellahair Top colorist club Italia #wellaitalia, titolare @i_colapietro_parrucchieri in Piazza Kolbe 7\/A ad Acquaviva delle Fonti.<\/p>\n<p><strong>Incuriositi, lo abbiamo incontrato per rivolgergli qualche domanda.<\/strong><\/p>\n<p>\u201cPartecipare alla Milano Fashion Week \u2013 commenta a caldo prima della partenza <strong>Massimo Colapietro <\/strong>\u2013 sar\u00e0 un\u2019esperienza davvero unica, e in questa edizione che respirer\u00f2 davvero un\u2019aria di rinascita e grande fermento creativo come non capitava purtroppo da tanti anni. Tutte le nuove ispirazioni che vivir\u00f2 nei backstage sono linfa preziosa per il mio lavoro di ogni giorno in salone. Poter lavorare a contatto con grandi hair stylist internazionali su celebrity e modelle di fama mondiale mi consentir\u00e0 di affinare le mie competenze per rendere sempre pi\u00f9 belle le clienti che si affidano a me e al mio staff\u201d.<\/p>\n<p><strong>Lavorer\u00e0 per Wella, azienda partners dell\u2019evento MFW 2023, con il team \u2018the best club\u2019 di cui \u00e8 formatore.<\/strong><\/p>\n<p>\u201cLa Milano Fashion Week \u00e8 per noi formatori una vetrina importante a livello nazionale, un vero e proprio trampolino di lancio. \u00c8 un\u2019esperienza individuale ma che al tempo stesso ci accomuna come team, siamo una community. Abbiamo partecipato pi\u00f9 volte anche a l\u2019Alta Roma, siamo un gruppo che parla di metodo, abbiamo quell\u2019ordine anche nel backstage\u201d.<\/p>\n<p><strong>Alla luce della tua esperienza, questa \u00e8 la tua seconda partecipazione alla MFW, quali difficolt\u00e0 potresti incontrare?<\/strong><\/p>\n<p>\u201cSpesso le sale sono molto piccole, tra modelle e parrucchieri siamo in tanti, l\u2019odine deve essere la prima cosa. Le acconciature e pettinature richieste dalla\/o stilista del bran devono essere molto simili e curate, vanno realizzate nei tempi giusti. Parliamo di un evento mondiale di alto livello\u201d.<\/p>\n<p><strong>Da quanti anni svolgi questa professione?<\/strong><\/p>\n<p>\u201cA luglio copir\u00f2 46 anni, ho iniziato ad 8 anni nel salone di mio padre con il fare la barba, a 15 anni ho fatto il salto nel settore donna, a 23 anni ho deciso di iniziare la mia esperienza personale e aprire il mio primo salone, mi sono sempre occupato della donna. Per me la Formazione \u00e8 sempre stata fondamentale, chi fa il formatore allo stesso tempo si forma per comunicare e trasferire esperienze e metodiche. Il vantaggio \u00e8 doppio: vivere queste emozioni attraverso le sale educational che facciamo quando eroghiamo i corsi ed essere partecipi di questi grandi eventi. Non tutti possono partecipare. Elementi come l\u2019arte, l\u2019esperienza, l\u2019emozione non viaggiano da soli, ci vuole sempre il Metodo alla base, \u00e8 una \u00e8 una guida per tirar fuori quello che ciascuno di noi ha dentro. Ci sono stati momenti negativi che fanno parte del percorso e che ti tornano utili, i tanti sacrifici, il viaggiare sempre sacrificando le domeniche e i luned\u00ec, sono per\u00f2 abbastanza soddisfatto e gratificato al momento. Aspetto di viverla, sono caricatissimo! Dopo la pandemia vivremo un\u2019esperienza diversa, dopo il Covid molte cose sono cambiate\u2026 anche la presenza settimanale delle clienti, \u00e8 diminuita, per\u00f2 sono pi\u00f9 ricche di servizi. Oggi la cliente richiede un servizio e una qualit\u00e0 molto pi\u00f9 alta, preferisce venire 2-3 volte in meno all\u2019anno, riduce la frequenza ma c\u2019\u00e8 un\u2019esigenza di una qualit\u00e0. Oltre al colore si scelgono trattamenti da fare anche a casa per mantenerlo. Il servizio ha avuto un costo importante, noi entriamo nelle loro case\u201d.<\/p>\n<p><strong>I vostri consigli sono fondamentali\u2026<\/strong><\/p>\n<p>\u201cIl cliente \u00e8 informato e bombardato dai social, il consiglio migliore \u00e8 solo l\u2019esperto che pu\u00f2 dartelo. Oggi viviamo in un mondo digitale abbastanza evoluto\u201d.<\/p>\n<div class=\"is-layout-flex wp-container-2 wp-block-columns\">\n<div class=\"is-layout-flow wp-block-column\">\n<\/div>\n<\/div>\n<p><strong>Che altro dire?<\/strong><\/p>\n<p>\u201cA mio avviso questa esperienza sar\u00e0 certamente diversa: alcuni brand seguiranno linee pulite e morbide, secondo la mia visione ci saranno sfilate dove vedremo teste dello stesso brand fatte in maniera diversa. Oggi parliamo di una diversit\u00e0: ognuno vuole raggiungere il proprio Io, non per una questione di Ego ma di benessere mentale, trovare la propria identit\u00e0 e il proprio equilibrio, che passa anche attraverso il look, il modo di vestirsi, la scelta a quale sesso orientarsi. Il futuro \u00e8 questo e il futuro inizia oggi. Dopo il Covid molte cose sono uscite fuori, c\u2019\u00e8 questo senso di libert\u00e0 e di essere unici. Tanti anni fa la cliente si presentava in salone con dei santini di una musa a cui ispirarsi per la propria acconciatura. Oggi si cerca l\u2019originalit\u00e0, il sartoriale, il pezzo unico. C\u2019\u00e8 l\u2019ho solo io anche con un colore stravagante. Questa \u00e8 la visione che io ho prima di partire per la Milano Fashion Week 2023\u201d.<\/p>\n<p class=\"has-text-align-right\"><strong>ISABELLA GIORGIO<\/strong><\/p>\n<p><a class=\"a2a_button_facebook\" href=\"https:\/\/www.addtoany.com\/add_to\/facebook?linkurl=https%3A%2F%2Facquaviva.lavocedelpaese.info%2Findex.php%2F2023%2F02%2F24%2Flhair-stylist-massimo-colapietro-alla-milano-fashion-week-2023%2F&amp;linkname=L%E2%80%99hair%20stylist%20Massimo%20Colapietro%20alla%20Milano%20Fashion%20Week%202023\" title=\"Facebook\" target=\"_blank\" rel=\"noopener\"><\/a><a class=\"a2a_button_twitter\" href=\"https:\/\/www.addtoany.com\/add_to\/twitter?linkurl=https%3A%2F%2Facquaviva.lavocedelpaese.info%2Findex.php%2F2023%2F02%2F24%2Flhair-stylist-massimo-colapietro-alla-milano-fashion-week-2023%2F&amp;linkname=L%E2%80%99hair%20stylist%20Massimo%20Colapietro%20alla%20Milano%20Fashion%20Week%202023\" title=\"Twitter\" target=\"_blank\" rel=\"noopener\"><\/a><a class=\"a2a_button_whatsapp\" href=\"https:\/\/www.addtoany.com\/add_to\/whatsapp?linkurl=https%3A%2F%2Facquaviva.lavocedelpaese.info%2Findex.php%2F2023%2F02%2F24%2Flhair-stylist-massimo-colapietro-alla-milano-fashion-week-2023%2F&amp;linkname=L%E2%80%99hair%20stylist%20Massimo%20Colapietro%20alla%20Milano%20Fashion%20Week%202023\" title=\"WhatsApp\" target=\"_blank\" rel=\"noopener\"><\/a><a class=\"a2a_button_telegram\" href=\"https:\/\/www.addtoany.com\/add_to\/telegram?linkurl=https%3A%2F%2Facquaviva.lavocedelpaese.info%2Findex.php%2F2023%2F02%2F24%2Flhair-stylist-massimo-colapietro-alla-milano-fashion-week-2023%2F&amp;linkname=L%E2%80%99hair%20stylist%20Massimo%20Colapietro%20alla%20Milano%20Fashion%20Week%202023\" title=\"Telegram\" target=\"_blank\" rel=\"noopener\"><\/a><a class=\"a2a_button_email\" href=\"https:\/\/www.addtoany.com\/add_to\/email?linkurl=https%3A%2F%2Facquaviva.lavocedelpaese.info%2Findex.php%2F2023%2F02%2F24%2Flhair-stylist-massimo-colapietro-alla-milano-fashion-week-2023%2F&amp;linkname=L%E2%80%99hair%20stylist%20Massimo%20Colapietro%20alla%20Milano%20Fashion%20Week%202023\" title=\"Email\" target=\"_blank\" rel=\"noopener\"><\/a><\/p>\n<p>\u00a0<\/p>\n<p><a class=\"a2a_button_facebook\" href=\"https:\/\/www.addtoany.com\/add_to\/facebook?linkurl=https%3A%2F%2Flavocedelpaese.info%2Findex.php%2F2023%2F02%2F24%2Flhair-stylist-massimo-colapietro-alla-milano-fashion-week-2023%2F&amp;linkname=L%E2%80%99hair%20stylist%20Massimo%20Colapietro%20alla%20Milano%20Fashion%20Week%202023\" title=\"Facebook\" target=\"_blank\" rel=\"noopener\"><\/a><a class=\"a2a_button_twitter\" href=\"https:\/\/www.addtoany.com\/add_to\/twitter?linkurl=https%3A%2F%2Flavocedelpaese.info%2Findex.php%2F2023%2F02%2F24%2Flhair-stylist-massimo-colapietro-alla-milano-fashion-week-2023%2F&amp;linkname=L%E2%80%99hair%20stylist%20Massimo%20Colapietro%20alla%20Milano%20Fashion%20Week%202023\" title=\"Twitter\" target=\"_blank\" rel=\"noopener\"><\/a><a class=\"a2a_button_whatsapp\" href=\"https:\/\/www.addtoany.com\/add_to\/whatsapp?linkurl=https%3A%2F%2Flavocedelpaese.info%2Findex.php%2F2023%2F02%2F24%2Flhair-stylist-massimo-colapietro-alla-milano-fashion-week-2023%2F&amp;linkname=L%E2%80%99hair%20stylist%20Massimo%20Colapietro%20alla%20Milano%20Fashion%20Week%202023\" title=\"WhatsApp\" target=\"_blank\" rel=\"noopener\"><\/a><a class=\"a2a_button_telegram\" href=\"https:\/\/www.addtoany.com\/add_to\/telegram?linkurl=https%3A%2F%2Flavocedelpaese.info%2Findex.php%2F2023%2F02%2F24%2Flhair-stylist-massimo-colapietro-alla-milano-fashion-week-2023%2F&amp;linkname=L%E2%80%99hair%20stylist%20Massimo%20Colapietro%20alla%20Milano%20Fashion%20Week%202023\" title=\"Telegram\" target=\"_blank\" rel=\"noopener\"><\/a><a class=\"a2a_button_email\" href=\"https:\/\/www.addtoany.com\/add_to\/email?linkurl=https%3A%2F%2Flavocedelpaese.info%2Findex.php%2F2023%2F02%2F24%2Flhair-stylist-massimo-colapietro-alla-milano-fashion-week-2023%2F&amp;linkname=L%E2%80%99hair%20stylist%20Massimo%20Colapietro%20alla%20Milano%20Fashion%20Week%202023\" title=\"Email\" target=\"_blank\" rel=\"noopener\"><\/a><\/p>\n<p>\u00a0<\/p>","protected":false},"excerpt":{"rendered":"<p>\u00a0 \u200b\u00a0 \u200bAcquaviva \u2013 La Voce del Paese\u00a0 Il noto parrucchiere acquavivese prender\u00e0 parte al backstage delle sfilate di Moda<\/p>\n","protected":false},"author":0,"featured_media":0,"comment_status":"open","ping_status":"closed","sticky":false,"template":"","format":"standard","meta":{"colormag_page_container_layout":"default_layout","colormag_page_sidebar_layout":"default_layout","_monsterinsights_skip_tracking":false,"_monsterinsights_sitenote_active":false,"_monsterinsights_sitenote_note":"","_monsterinsights_sitenote_category":0,"footnotes":""},"categories":[7],"tags":[],"class_list":["post-1040","post","type-post","status-publish","format-standard","hentry","category-regione"],"_links":{"self":[{"href":"https:\/\/casamassima.lavocedelpaese.info\/index.php\/wp-json\/wp\/v2\/posts\/1040","targetHints":{"allow":["GET"]}}],"collection":[{"href":"https:\/\/casamassima.lavocedelpaese.info\/index.php\/wp-json\/wp\/v2\/posts"}],"about":[{"href":"https:\/\/casamassima.lavocedelpaese.info\/index.php\/wp-json\/wp\/v2\/types\/post"}],"replies":[{"embeddable":true,"href":"https:\/\/casamassima.lavocedelpaese.info\/index.php\/wp-json\/wp\/v2\/comments?post=1040"}],"version-history":[{"count":0,"href":"https:\/\/casamassima.lavocedelpaese.info\/index.php\/wp-json\/wp\/v2\/posts\/1040\/revisions"}],"wp:attachment":[{"href":"https:\/\/casamassima.lavocedelpaese.info\/index.php\/wp-json\/wp\/v2\/media?parent=1040"}],"wp:term":[{"taxonomy":"category","embeddable":true,"href":"https:\/\/casamassima.lavocedelpaese.info\/index.php\/wp-json\/wp\/v2\/categories?post=1040"},{"taxonomy":"post_tag","embeddable":true,"href":"https:\/\/casamassima.lavocedelpaese.info\/index.php\/wp-json\/wp\/v2\/tags?post=1040"}],"curies":[{"name":"wp","href":"https:\/\/api.w.org\/{rel}","templated":true}]}}